{"id":435221,"date":"2026-05-17T15:20:10","date_gmt":"2026-05-17T15:20:10","guid":{"rendered":"https:\/\/www.europesays.com\/pl\/435221\/"},"modified":"2026-05-17T15:20:10","modified_gmt":"2026-05-17T15:20:10","slug":"natasza-urbanska-o-wystepie-alicji-szemplinskiej-na-eurowizji-tak-ja-ocenia-plejada","status":"publish","type":"post","link":"https:\/\/www.europesays.com\/pl\/435221\/","title":{"rendered":"Natasza Urba\u0144ska o wyst\u0119pie Alicji Szempli\u0144skiej na Eurowizji. Tak j\u0105 ocenia &#8211; Plejada"},"content":{"rendered":"<ol>\n<li><a href=\"https:\/\/news.google.com\/rss\/articles\/CBMirAFBVV95cUxObHZkM2FsdDA3YjlWN1JrVXVfUTV2bWhHbDRWeUlOX2pWa2s2anRFMXNRX0wtZ0pleGZGbkFpVmd2empCbkU2bFdESWVaNGI2OHV1Q0hoS3g4LUZxcW9zMFIxd01wZlRpS2tzSEdXVXpxRkEwT0tpbjZjVEoteXM2LVRKZkIwclZ2WWd2T2lpanZaVWhMS2EwaXdQMENLTGgteDFnYnZSejRkbDZM?oc=5\" target=\"_blank\" rel=\"nofollow noopener\">Natasza Urba\u0144ska o wyst\u0119pie Alicji Szempli\u0144skiej na Eurowizji. Tak j\u0105 ocenia<\/a>&nbsp;&nbsp;Plejada<\/li>\n<li><a href=\"https:\/\/news.google.com\/rss\/articles\/CBMilgFBVV95cUxQZmNXWE41QXBOc3VNRHR3S2pnUm5Md1Y3WktvUFBhRk84c2xVSFNLSXVGUEltQVFpZ3V5SUV1UURxaERUdXJtb2V0MEF5WERLOGQ0N1NnTVpsTE9oNWNGV0lTcDZQdkdFdnBGR0RuT0d0a2FpejN4YUJqcjZNaVlmYlFZQlViSzI4aW9CTWE1VzNCczBEWUE?oc=5\" target=\"_blank\" rel=\"nofollow noopener\">Eurowizyjny zwrot akcji. Polska bez wsparcia Ukrainy<\/a>&nbsp;&nbsp;WP Kultura<\/li>\n<li><a href=\"https:\/\/news.google.com\/rss\/articles\/CBMimgFBVV95cUxNaFNKSzlDeldORTlmSnZlZXRvUUY4WFVBMTI5S2ZDdktMSjdXR25GTkVHVUFUYkw2Z0liY0lJeHZzYnVmRUNMR2R2Tkd2Q1NqSWd2Z3RIWU1fTDRiLUt3MEdBTVVqR3Bac0ptSnBfUWMwdzdCODNaak1ueEtSVERVN2pSZWN5UFU3Um9VQ0l5T0xxRlNBcDZwc19R?oc=5\" target=\"_blank\" rel=\"nofollow noopener\">Znamy zwyci\u0119zc\u0119 Eurowizji 2026! Kt\u00f3ra by\u0142a Polska?<\/a>&nbsp;&nbsp;RMF24<\/li>\n<li><a href=\"https:\/\/news.google.com\/rss\/articles\/CBMiakFVX3lxTE9RQWxQTm9ycUFjcUdQdjRsMjAzZVhneGZvY2ROMlVBa1BRX1lUekQ1M3NQU3I0NFI0YVY4c3A3czl4bHNIYlBzUzA1YmFVa3hvcmtudld1QWhwRWQzYVlTNDN4ZnNiZE9IX1E?oc=5\" target=\"_blank\" rel=\"nofollow noopener\">Jak Bu\u0142garia uratowa\u0142a Eurowizj\u0119, kt\u00f3r\u0105 polskie jury mog\u0142o zepsu\u0107 [OKO W WIEDNIU]<\/a>&nbsp;&nbsp;OKO.press<\/li>\n<li><a href=\"https:\/\/news.google.com\/rss\/articles\/CBMiywFBVV95cUxQR0lMR2JkSlBQbkVSV1J1X1BTcWxkTVZxcDhma3FNN0ZyTzZIdjRVUUZPVjR1MnRsOTZTRDN3LVNRaEE1MFNMRW4zMFB6R3RSZ2V2RnhuMFFFb2pvQnFBYjhEOUJOSUZGWk9QcW1YOV81UGRJNFgyWFVPbmVRX28wVXdCcUtwSkVEczJTWGRJNmtrX1JfZmtrZThMX2RXZWpUV3BSYnBfbVRoZW9UbVpJSzE0QURfX3JzMDhfeG1KRHplQUt4a3NwYnJHOA?oc=5\" target=\"_blank\" rel=\"nofollow noopener\">Micha\u0142 Szpak reaguje po wyst\u0119pie Alicji Szempli\u0144skiej na Eurowizji. Nie kry\u0142 zdziwienia<\/a>&nbsp;&nbsp;Onet<\/li>\n<\/ol>\n","protected":false},"excerpt":{"rendered":"Natasza Urba\u0144ska o wyst\u0119pie Alicji Szempli\u0144skiej na Eurowizji. Tak j\u0105 ocenia&nbsp;&nbsp;Plejada Eurowizyjny zwrot akcji. Polska bez wsparcia Ukrainy&nbsp;&nbsp;WP&hellip;\n","protected":false},"author":2,"featured_media":435222,"comment_status":"","ping_status":"","sticky":false,"template":"","format":"standard","meta":{"footnotes":"","_share_on_mastodon":"0"},"categories":[22],"tags":[22279,61195,122,552,48,8609,125,46,42,38,40,39,41,123,47,338],"class_list":["post-435221","post","type-post","status-publish","format-standard","has-post-thumbnail","category-rozrywka","tag-alicja_szemplinska","tag-bottomfeed_styl","tag-entertainment","tag-eurowizja","tag-nat_styl","tag-natasza_urbanska","tag-newsy","tag-omp","tag-pl","tag-poland","tag-polish","tag-polska","tag-polski","tag-rozrywka","tag-screening_general","tag-tylko_w_plejadzie"],"share_on_mastodon":{"url":"https:\/\/pubeurope.com\/@pl\/116590596792037775","error":""},"_links":{"self":[{"href":"https:\/\/www.europesays.com\/pl\/wp-json\/wp\/v2\/posts\/435221","targetHints":{"allow":["GET"]}}],"collection":[{"href":"https:\/\/www.europesays.com\/pl\/wp-json\/wp\/v2\/posts"}],"about":[{"href":"https:\/\/www.europesays.com\/pl\/wp-json\/wp\/v2\/types\/post"}],"author":[{"embeddable":true,"href":"https:\/\/www.europesays.com\/pl\/wp-json\/wp\/v2\/users\/2"}],"replies":[{"embeddable":true,"href":"https:\/\/www.europesays.com\/pl\/wp-json\/wp\/v2\/comments?post=435221"}],"version-history":[{"count":0,"href":"https:\/\/www.europesays.com\/pl\/wp-json\/wp\/v2\/posts\/435221\/revisions"}],"wp:featuredmedia":[{"embeddable":true,"href":"https:\/\/www.europesays.com\/pl\/wp-json\/wp\/v2\/media\/435222"}],"wp:attachment":[{"href":"https:\/\/www.europesays.com\/pl\/wp-json\/wp\/v2\/media?parent=435221"}],"wp:term":[{"taxonomy":"category","embeddable":true,"href":"https:\/\/www.europesays.com\/pl\/wp-json\/wp\/v2\/categories?post=435221"},{"taxonomy":"post_tag","embeddable":true,"href":"https:\/\/www.europesays.com\/pl\/wp-json\/wp\/v2\/tags?post=435221"}],"curies":[{"name":"wp","href":"https:\/\/api.w.org\/{rel}","templated":true}]}}