{"id":435227,"date":"2026-05-17T15:23:09","date_gmt":"2026-05-17T15:23:09","guid":{"rendered":"https:\/\/www.europesays.com\/pl\/435227\/"},"modified":"2026-05-17T15:23:09","modified_gmt":"2026-05-17T15:23:09","slug":"usa-odwracaja-sie-od-niemiec-nie-chodzi-tylko-o-kulejaca-gospodarke","status":"publish","type":"post","link":"https:\/\/www.europesays.com\/pl\/435227\/","title":{"rendered":"USA odwracaj\u0105 si\u0119 od Niemiec. Nie chodzi tylko o kulej\u0105c\u0105 gospodark\u0119"},"content":{"rendered":"\n<p class=\"ods-o-frame-in-text__paragraph\">Erik Kirschbaum jest ameryka\u0144skim dziennikarzem. Mieszka w Niemczech.<\/p>\n<p>   By\u0107 mo\u017ce Friedrich Merz s\u0105dzi\u0142, \u017ce wi\u0119kszo\u015b\u0107 Amerykan\u00f3w i tak nie przejmuje si\u0119 za bardzo tym, co dzieje si\u0119 w Niemczech, i niewiele wie o tym kraju, gdy niedawno m\u00f3wi\u0142 do grupy niemieckich uczni\u00f3w, \u017ce <a href=\"https:\/\/wiadomosci.onet.pl\/swiat\/kanclerz-niemiec-posunal-sie-za-daleko-wsciekly-donald-trump-rzuca-grozbami\/mx1hfgq\" id=\"6b8c36d2-d176-4142-9cfa-b7108787fcfb\" rel=\"nofollow noopener\" target=\"_blank\">Ameryka zosta\u0142a &#8222;upokorzona&#8221; przez Iran<\/a>. Doda\u0142 te\u017c, \u017ce Donald Trump rozpocz\u0105\u0142 wojn\u0119 &#8222;najwyra\u017aniej bez jakiejkolwiek strategii&#8221;.<\/p>\n<p>Merz przez pierwsze miesi\u0105ce swojej kadencji stara\u0142 si\u0119 zdoby\u0107 wzgl\u0119dy kapry\u015bnego ameryka\u0144skiego prezydenta. Jednak jego niefortunne uwagi na temat dra\u017cliwego Trumpa okaza\u0142y si\u0119 przys\u0142owiowym strza\u0142em w stop\u0119.<\/p>\n<p>W pi\u0105tek Merz poszed\u0142 o krok dalej w swoim antyameryka\u0144skim kursie \u2014 podczas rozmowy z m\u0142odzie\u017c\u0105 na Dni Katolik\u00f3w w Wurzburgu. <a href=\"https:\/\/www.onet.pl\/informacje\/deutsche-welle\/merz-nie-radzilby-swoim-dzieciom-wyjazdu-do-ameryki\/tswxthp,0666d3f1\" id=\"9159e127-6b22-467f-a335-b52429f0f748\" rel=\"nofollow noopener\" target=\"_blank\">Merz powiedzia\u0142, \u017ce odradza\u0142by swoim dzieciom wyjazd do USA<\/a>. \u2014 Dzi\u015b nie poleci\u0142bym swoim dzieciom wyjecha\u0107 do Stan\u00f3w Zjednoczonych, zdobywa\u0107 tam wykszta\u0142cenie i pracowa\u0107, po prostu dlatego, \u017ce nagle wykszta\u0142ci\u0142 si\u0119 tam specyficzny klimat spo\u0142eczny \u2014 powiedzia\u0142.     Trump zareagowa\u0142 na pierwsze wypowiedzi przed uczniami ze w\u015bciek\u0142o\u015bci\u0105. Najpierw publicznie ostro zaatakowa\u0142 kanclerza, sugeruj\u0105c, \u017ce Merz nie ma poj\u0119cia, o czym m\u00f3wi. Nast\u0119pnie Trump zapowiedzia\u0142 wprowadzenie nowych ce\u0142 w wysoko\u015bci 25 proc. na europejskie samochody \u2014 co by\u0142o <a href=\"https:\/\/www.onet.pl\/informacje\/onetwiadomosci\/trump-stracil-cierpliwosc-do-ue-cla-na-samochody-moga-zabolec-niemcow\/j51rbbv,79cfc278\" id=\"1a76df98-4245-4525-a4c9-c2f98019d9ef\" rel=\"nofollow noopener\" target=\"_blank\">bezpo\u015brednim ciosem wymierzonym w Niemcy<\/a>. Dalszy ci\u0105g artyku\u0142u pod materia\u0142em wideo Kr\u00f3tko potem pojawi\u0142a si\u0119 informacja, \u017ce Pentagon wstrzymuje r\u00f3wnie\u017c stacjonowanie <a href=\"https:\/\/www.onet.pl\/informacje\/deutsche-welle\/tomahawki-i-wycofanie-zolnierzy-z-niemiec-ekspert-to-ogromny-blad-usa\/c91pnjd,0666d3f1\" id=\"f1bfb3d4-4f4b-4b70-a7b5-f3c65df9cd41\" rel=\"nofollow noopener\" target=\"_blank\">ameryka\u0144skich pocisk\u00f3w Tomahawk <\/a>w Niemczech. Kto wie, co jeszcze wydarzy si\u0119 po ostatnich wypowiedziach z Dnia Katolik\u00f3w.     Kanclerz nie umie ugry\u017a\u0107 si\u0119 w j\u0119zyk<\/p>\n<p>Mo\u017cna by\u0142o odnie\u015b\u0107 wra\u017cenie, \u017ce Trump poczu\u0142 si\u0119 zdradzony przez kogo\u015b, kogo uwa\u017ca\u0142 za sojusznika. Kolejnego zaproszenia do Bia\u0142ego Domu Merz raczej ju\u017c od Trumpa nie doczeka.<\/p>\n<p>Ca\u0142a sytuacja pokazuje przede wszystkim jedno: Merz najwyra\u017aniej liczy\u0142 na to, \u017ce Amerykanie i tak nie us\u0142ysz\u0105, co niemiecki kanclerz w \u017cartobliwym nastroju m\u00f3wi o prezydencie przed grup\u0105 uczni\u00f3w gdzie\u015b w Niemczech. W\u0142a\u015bnie tu tkwi niemiecki b\u0142\u0105d. Mimo \u017ce wielu Amerykan\u00f3w naprawd\u0119 niewiele wie o Niemczech, s\u0105 tacy, kt\u00f3rzy doskonale orientuj\u0105 si\u0119 w sytuacji.<\/p>\n<p>W ostatnich latach perspektywa elit politycznych i medialnych na Republik\u0119 Federaln\u0105 wyra\u017anie si\u0119 zmieni\u0142a. Zamiast podziwu coraz cz\u0119\u015bciej pojawia si\u0119 zdziwienie. Niemcy nie s\u0105 ju\u017c w ameryka\u0144skich debatach wzorcowym pa\u0144stwem Europy, lecz coraz cz\u0119\u015bciej postrzegane s\u0105 jako kraj o s\u0142abn\u0105cej gospodarce, strategicznie niepewny i politycznie niezdecydowany.<\/p>\n<p>W kwietniu Pierre Briancon, publicysta zwi\u0105zany z Agencj\u0105 Reutera, napisa\u0142, \u017ce Niemcy po sze\u015bciu latach niemal zerowego wzrostu wydaj\u0105 si\u0119 niezdolne do przeprowadzenia niezb\u0119dnych reform. &#8222;Bez powa\u017cnych reform, na kt\u00f3re Berlin albo nie potrafi, albo nie chce si\u0119 zdecydowa\u0107, Niemcom grozi d\u0142ugotrwa\u0142a stagnacja&#8221; \u2014 ostrzega\u0142 Briancon.<\/p>\n<p>Jeszcze dosadniej wypowiedzia\u0142a si\u0119 na pocz\u0105tku maja Phyllis Berry z Atlantic Council. Wed\u0142ug niej <a href=\"https:\/\/wiadomosci.onet.pl\/swiat\/niemcy-z-roku-na-rok-funkcjonuja-na-granicy-przetrwania-gospodarka-nie-moze-odbic-sie\/lp43yhp\" id=\"0b35be9e-2ff0-4653-9ba5-3c8fa67407fc\" rel=\"nofollow noopener\" target=\"_blank\">&#8222;s\u0142abn\u0105ca gospodarka Niemiec&#8221;<\/a> i <a href=\"https:\/\/wiadomosci.onet.pl\/politico\/pierwszy-rok-z-friedrichem-merzem-rozczarowal-niemcow-zdenerwowal-trumpa\/5xqewmf\" id=\"a5338bbb-52ff-42e4-8dc9-5c60d4c061be\" rel=\"nofollow noopener\" target=\"_blank\">&#8222;brak klarownego przyw\u00f3dztwa&#8221;<\/a> to powa\u017cne obci\u0105\u017cenia dla rz\u0105du Merza. <img decoding=\"async\" src=\"https:\/\/www.europesays.com\/pl\/wp-content\/uploads\/2026\/05\/51hk9lGaHR0cHM6Ly9vY2RuLmV1L3B1bHNjbXMvTURBXy84NTFhMmI2Ny0zNDI3LTQ0YjctOTJiYS04MTg2NGYwZTllYjQuanBlZ.jpeg\" height=\"627\" width=\"940\" alt=\"Friedrich Merz, kanclerz Niemiec, podczas Dnia Katolik\u00f3w w Wurzburgu, 15 maja 2026 r.\" loading=\"lazy\" class=\"ods-c-image__img ods-c-image__img--viewport-width\"\/> <\/p>\n<p>Friedrich Merz, kanclerz Niemiec, podczas Dnia Katolik\u00f3w w Wurzburgu, 15 maja 2026 r.PAP\/EPA\/ANNA SZILAGYI \/ POOL<\/p>\n<p> Sytuacja Niemiec budzi w USA szczeg\u00f3lne zdziwienie, bo z ameryka\u0144skiej perspektywy upadek wydaje si\u0119 w du\u017cej mierze zawiniony przez samych Niemc\u00f3w. Wielu Amerykan\u00f3w uwa\u017ca, \u017ce kryzys energetyczny w Niemczech to g\u0142\u00f3wnie skutek dobrowolnej zale\u017cno\u015bci od taniego rosyjskiego gazu i decyzji o wy\u0142\u0105czeniu sprawnych elektrowni j\u0105drowych. Op\u00f3\u017aniona cyfryzacja, zniszczona infrastruktura i rozro\u015bni\u0119ta biurokracja uchodz\u0105 za symptomy <a href=\"https:\/\/wiadomosci.onet.pl\/swiat\/niemcy-stracily-asa-w-rekawie-najlepsze-dni-mamy-juz-za-soba-opinia\/xqzsejp\" id=\"feb295b6-18a0-488b-91c1-12de2ef9b53c\" rel=\"nofollow noopener\" target=\"_blank\">kraju, kt\u00f3ry zbyt d\u0142ugo spoczywa\u0142 na laurach<\/a>.     Nie chodzi tylko o kulej\u0105c\u0105 niemieck\u0105 gospodark\u0119<\/p>\n<p>W Stanach Zjednoczonych ro\u015bnie poczucie, \u017ce Niemcy utraci\u0142y strategiczn\u0105 samo\u015bwiadomo\u015b\u0107 jako europejska pot\u0119ga \u015bredniego szczebla. W oczach wielu Amerykan\u00f3w Niemcy nadal s\u0105 zbyt ostro\u017cne, powolne i unikaj\u0105 konflikt\u00f3w.<\/p>\n<p>Liana Fix, niemiecko-ameryka\u0144ska ekspertka od bezpiecze\u0144stwa z Rady Stosunk\u00f3w Zagranicznych, opisuje Niemcy jako kraj zawieszony mi\u0119dzy gospodarcz\u0105 pot\u0119g\u0105 a strategiczn\u0105 niepewno\u015bci\u0105. Berlin zbyt d\u0142ugo polega\u0142 na idei &#8222;zmiany przez handel&#8221; wobec Rosji i teraz trudno mu zaakceptowa\u0107 powr\u00f3t do geopolityki si\u0142y. W Waszyngtonie narasta wra\u017cenie, \u017ce Niemcy chc\u0105 przewodzi\u0107, ale unikaj\u0105 &#8222;trudnych konsekwencji prawdziwego przyw\u00f3dztwa&#8221;.<\/p>\n<p>Tak\u017ce polityczne podej\u015bcie do <a href=\"https:\/\/wiadomosci.onet.pl\/swiat\/skrajna-prawica-rosnie-w-sile-w-niemczech-druzgocaca-ocena-rzadow-merza\/el2ht6r\" id=\"e6bb2dc0-8f30-42ac-b122-cfbee81cf186\" rel=\"nofollow noopener\" target=\"_blank\">Alternatywy dla Niemiec<\/a> spotyka si\u0119 z coraz bardziej krytyczn\u0105 ocen\u0105 w cz\u0119\u015bci Waszyngtonu. Dla ameryka\u0144skich konserwatyst\u00f3w tworzenie &#8222;kordonu sanitarnego&#8221; wobec tej partii jest oznak\u0105 systemu politycznego, kt\u00f3ry chce wyklucza\u0107 niepo\u017c\u0105dan\u0105 opozycj\u0119. Wiceprezydent USA, J.D. Vance, otwarcie skrytykowa\u0142 spos\u00f3b, w jaki Niemcy obchodz\u0105 si\u0119 z AfD.     <\/p>\n<p>W \u015brodowisku zwolennik\u00f3w MAGA funkcjonuje prze\u015bmiewcze okre\u015blenie &#8222;Eurostan&#8221; dla kraj\u00f3w Europy Zachodniej, takich jak Niemcy. Oznacza ono przekonanie, \u017ce przez migracj\u0119, multikulturalizm i liberaln\u0105 polityk\u0119 spo\u0142eczn\u0105 Europa utraci\u0142a swoj\u0105 to\u017csamo\u015b\u0107 kulturow\u0105.<\/p>\n<p>By\u0107 mo\u017ce w\u0142a\u015bnie to jest prawdziwym niemieckim prze\u0142omem: nie tylko utrata gospodarczego poczucia bezpiecze\u0144stwa, lecz tak\u017ce utrata mi\u0119dzynarodowej reputacji, kt\u00f3r\u0105 Republika Federalna Niemiec przez dziesi\u0119ciolecia cieszy\u0142a si\u0119 niemal automatycznie.<\/p>\n","protected":false},"excerpt":{"rendered":"Erik Kirschbaum jest ameryka\u0144skim dziennikarzem. Mieszka w Niemczech. By\u0107 mo\u017ce Friedrich Merz s\u0105dzi\u0142, \u017ce wi\u0119kszo\u015b\u0107 Amerykan\u00f3w i tak&hellip;\n","protected":false},"author":2,"featured_media":435228,"comment_status":"","ping_status":"","sticky":false,"template":"","format":"standard","meta":{"footnotes":"","_share_on_mastodon":"0"},"categories":[14],"tags":[854,56,61195,32,33,44,189,345,27,34,35,28,31,48,25,295,46,40,41,47,80,29,30,71,26,82,83,84],"class_list":["post-435227","post","type-post","status-publish","format-standard","has-post-thumbnail","category-swiat","tag-afd","tag-article_premium","tag-bottomfeed_styl","tag-breaking-news","tag-breakingnews","tag-donald_trump","tag-europa","tag-friedrich_merz","tag-headlines","tag-latest-news","tag-latestnews","tag-naglowki","tag-najwazniejsze-artykuly","tag-nat_styl","tag-news","tag-niemcy","tag-omp","tag-polish","tag-polski","tag-screening_general","tag-swiat","tag-top-stories","tag-topstories","tag-usa","tag-wiadomosci","tag-world","tag-world-news","tag-worldnews"],"share_on_mastodon":{"url":"https:\/\/pubeurope.com\/@pl\/116590608754142269","error":""},"_links":{"self":[{"href":"https:\/\/www.europesays.com\/pl\/wp-json\/wp\/v2\/posts\/435227","targetHints":{"allow":["GET"]}}],"collection":[{"href":"https:\/\/www.europesays.com\/pl\/wp-json\/wp\/v2\/posts"}],"about":[{"href":"https:\/\/www.europesays.com\/pl\/wp-json\/wp\/v2\/types\/post"}],"author":[{"embeddable":true,"href":"https:\/\/www.europesays.com\/pl\/wp-json\/wp\/v2\/users\/2"}],"replies":[{"embeddable":true,"href":"https:\/\/www.europesays.com\/pl\/wp-json\/wp\/v2\/comments?post=435227"}],"version-history":[{"count":0,"href":"https:\/\/www.europesays.com\/pl\/wp-json\/wp\/v2\/posts\/435227\/revisions"}],"wp:featuredmedia":[{"embeddable":true,"href":"https:\/\/www.europesays.com\/pl\/wp-json\/wp\/v2\/media\/435228"}],"wp:attachment":[{"href":"https:\/\/www.europesays.com\/pl\/wp-json\/wp\/v2\/media?parent=435227"}],"wp:term":[{"taxonomy":"category","embeddable":true,"href":"https:\/\/www.europesays.com\/pl\/wp-json\/wp\/v2\/categories?post=435227"},{"taxonomy":"post_tag","embeddable":true,"href":"https:\/\/www.europesays.com\/pl\/wp-json\/wp\/v2\/tags?post=435227"}],"curies":[{"name":"wp","href":"https:\/\/api.w.org\/{rel}","templated":true}]}}