{"id":435263,"date":"2026-05-17T15:49:11","date_gmt":"2026-05-17T15:49:11","guid":{"rendered":"https:\/\/www.europesays.com\/pl\/435263\/"},"modified":"2026-05-17T15:49:11","modified_gmt":"2026-05-17T15:49:11","slug":"michal-szpak-reaguje-po-wystepie-alicji-szemplinskiej-na-eurowizji-nie-kryl-zdziwienia","status":"publish","type":"post","link":"https:\/\/www.europesays.com\/pl\/435263\/","title":{"rendered":"Micha\u0142 Szpak reaguje po wyst\u0119pie Alicji Szempli\u0144skiej na Eurowizji. Nie kry\u0142 zdziwienia"},"content":{"rendered":"<p><a href=\"https:\/\/plejada.pl\/temat\/alicja-szemplinska-wokalistka\/bxhwkp2\" id=\"a795d41b-d84a-48b1-8127-6c5e8d51a86a\" rel=\"nofollow noopener\" target=\"_blank\">Alicja Szempli\u0144ska<\/a> ma za sob\u0105 sw\u00f3j debiut na finale Eurowizji. Artystka zaprezentowa\u0142a \u015bwiatu show do utworu &#8222;Pray&#8221;, podczas kt\u00f3rego popisa\u0142a si\u0119 swoimi fenomenalnymi umiej\u0119tno\u015bciami wokalnymi u boku tancerzy. W ci\u0105gu swojej przygody w Wiedniu mog\u0142a liczy\u0107 na wsparcie wielu polskich gwiazd. Pr\u0119\u017cnie wspiera\u0142 j\u0105 Micha\u0142 Szpak, kt\u00f3ry reprezentowa\u0142 Polsk\u0119 w 2016 r.&#8221;Baw si\u0119, baw si\u0119, baw si\u0119, moja droga, tym wszystkim, bo w\u0142a\u015bnie to b\u0119dzie najpi\u0119kniejsze i najbardziej docenione, je\u015bli ka\u017cdy w tobie zobaczy sztuk\u0119. Wszystkiego, co doda ci energii, wysy\u0142am w twoj\u0105 stron\u0119&#8221; \u2014 <a href=\"https:\/\/plejada.pl\/newsy\/michal-szpak-zabral-glos-przed-wystepem-alicji-szemplinskiej-ma-jedna-rade\/815blnh\" id=\"1260d13e-1601-4dd8-8927-8c7a8b1b3885\" rel=\"nofollow noopener\" target=\"_blank\">zwr\u00f3ci\u0142 si\u0119 piosenkarz do Alicji Szempli\u0144skiej<\/a> tu\u017c przed jej p\u00f3\u0142fina\u0142owym wyst\u0119pem.      Dalszy ci\u0105g artyku\u0142u pod materia\u0142em wideo Micha\u0142 Szpak reaguje po wyst\u0119pie Alicji Szempli\u0144skiej na Eurowizji<\/p>\n<p>Micha\u0142 Szpak opublikowa\u0142 kilka kr\u00f3tkich wpis\u00f3w, wymownie dziel\u0105c si\u0119 swoimi emocjami podczas fina\u0142u Eurowizji. Najpierw udost\u0119pni\u0142 fragment wyst\u0119pu Szempli\u0144skiej, zach\u0119caj\u0105c Poloni\u0119 do g\u0142osowania. Nast\u0119pny post pojawi\u0142 si\u0119 tu\u017c po g\u0142osowaniu widz\u00f3w.<\/p>\n<p>Przypomnijmy, \u017ce artystka mog\u0142a liczy\u0107 na sporo g\u0142os\u00f3w od juror\u00f3w, kt\u00f3rzy przyznali jej \u0142\u0105cznie 133 pkt, a s\u0142uchacze&#8230; 17 pkt.<\/p>\n<blockquote class=\"ods-o-quote\"\/>\n<p>\u2014 napisa\u0142 artysta, nie kryj\u0105c zdumienia. W niedziel\u0119 Micha\u0142 Szpak napisa\u0142: &#8222;Ja po og\u0142oszeniu wynik\u00f3w&#8221;, do\u0142\u0105czaj\u0105c humorystyczne nagranie psa.<\/p>\n<p> <img decoding=\"async\" src=\"https:\/\/www.europesays.com\/pl\/wp-content\/uploads\/2026\/05\/wAck9lBaHR0cHM6Ly9vY2RuLmV1L3B1bHNjbXMvTURBXy9hMzg3ZTAyMmZkNzU4OTEwMGI4YmFkYmY4NjJjMjczNy5wbmeRlQLNA.jpeg\" height=\"428\" width=\"238\" alt=\"Micha\u0142 Szpak na Instagramie\" loading=\"lazy\" class=\"ods-c-image__img ods-c-image__img--vertical\"\/> <\/p>\n<p>Micha\u0142 Szpak na Instagramieinstagram<\/p>\n<p>  <img decoding=\"async\" src=\"https:\/\/www.europesays.com\/pl\/wp-content\/uploads\/2026\/05\/YvSk9lBaHR0cHM6Ly9vY2RuLmV1L3B1bHNjbXMvTURBXy82Y2Y3YWYyYzMzODgwNmYzMzA3OWFkNjI5NTQxYTgxNy5wbmeRlQLNA.jpeg\" height=\"426\" width=\"239\" alt=\"Micha\u0142 Szpak na Instagramie\" loading=\"lazy\" class=\"ods-c-image__img ods-c-image__img--vertical\"\/> <\/p>\n<p>Micha\u0142 Szpak na Instagramieinstagram<\/p>\n<p> Dzi\u0119kujemy, \u017ce przeczyta\u0142a\u015b\/e\u015b nasz artyku\u0142 do ko\u0144ca. W serwisie Plejada.pl ka\u017cdego dnia piszemy o najwa\u017cniejszych wydarzeniach show-biznesowych. B\u0105d\u017a na bie\u017c\u0105co! <a rel=\"nofollow noopener\" href=\"https:\/\/news.google.com\/publications\/CAAiEF0PeAlb7W1llpV_mwV2rL4qFAgKIhBdD3gJW-1tZZaVf5sFdqy-?hl=pl&amp;gl=PL&amp;ceid=PL%3Apl\" id=\"cc50a33c-ac2c-4c9d-8d2a-4bb983759b92\" target=\"_blank\">Obserwuj<\/a> Plejad\u0119 w Google. Odwied\u017a nas tak\u017ce na <a rel=\"nofollow noopener\" href=\"https:\/\/www.facebook.com\/plejadapl\" id=\"ab7edc10-85d6-4ea3-8687-b1b313b4a330\" target=\"_blank\">Facebooku<\/a>, <a rel=\"nofollow noopener\" href=\"https:\/\/www.instagram.com\/plejadapl\/\" id=\"02e7a59e-95a0-47b8-aec0-e58f265140b9\" target=\"_blank\">Instagramie<\/a>, <a rel=\"nofollow noopener\" href=\"https:\/\/www.youtube.com\/c\/plejada\" id=\"609abce7-d1f7-405d-a85b-593c9bf56e5e\" target=\"_blank\">YouTubie<\/a> oraz <a rel=\"nofollow noopener\" href=\"https:\/\/www.tiktok.com\/@plejada_pl\" id=\"ad0024cc-55cc-4b84-aa31-10af099bc98b\" target=\"_blank\">TikToku<\/a>.<\/p>\n<p>Chcesz podzieli\u0107 si\u0119 ciekawym newsem lub zaproponowa\u0107 temat? Skontaktuj si\u0119 z nami, pisz\u0105c maila na adres: plejada@redakcjaonet.pl.<\/p>\n<p><script async src=\"\/\/www.instagram.com\/embed.js\"><\/script><script async src=\"\/\/www.tiktok.com\/embed.js\"><\/script><\/p>\n","protected":false},"excerpt":{"rendered":"Alicja Szempli\u0144ska ma za sob\u0105 sw\u00f3j debiut na finale Eurowizji. Artystka zaprezentowa\u0142a \u015bwiatu show do utworu &#8222;Pray&#8221;, podczas&hellip;\n","protected":false},"author":2,"featured_media":435264,"comment_status":"","ping_status":"","sticky":false,"template":"","format":"standard","meta":{"footnotes":"","_share_on_mastodon":"0"},"categories":[22],"tags":[22279,61195,122,552,9793,48,125,46,42,38,40,39,41,123,47],"class_list":["post-435263","post","type-post","status-publish","format-standard","has-post-thumbnail","category-rozrywka","tag-alicja_szemplinska","tag-bottomfeed_styl","tag-entertainment","tag-eurowizja","tag-michal_szpak","tag-nat_styl","tag-newsy","tag-omp","tag-pl","tag-poland","tag-polish","tag-polska","tag-polski","tag-rozrywka","tag-screening_general"],"share_on_mastodon":{"url":"https:\/\/pubeurope.com\/@pl\/116590711265448551","error":""},"_links":{"self":[{"href":"https:\/\/www.europesays.com\/pl\/wp-json\/wp\/v2\/posts\/435263","targetHints":{"allow":["GET"]}}],"collection":[{"href":"https:\/\/www.europesays.com\/pl\/wp-json\/wp\/v2\/posts"}],"about":[{"href":"https:\/\/www.europesays.com\/pl\/wp-json\/wp\/v2\/types\/post"}],"author":[{"embeddable":true,"href":"https:\/\/www.europesays.com\/pl\/wp-json\/wp\/v2\/users\/2"}],"replies":[{"embeddable":true,"href":"https:\/\/www.europesays.com\/pl\/wp-json\/wp\/v2\/comments?post=435263"}],"version-history":[{"count":0,"href":"https:\/\/www.europesays.com\/pl\/wp-json\/wp\/v2\/posts\/435263\/revisions"}],"wp:featuredmedia":[{"embeddable":true,"href":"https:\/\/www.europesays.com\/pl\/wp-json\/wp\/v2\/media\/435264"}],"wp:attachment":[{"href":"https:\/\/www.europesays.com\/pl\/wp-json\/wp\/v2\/media?parent=435263"}],"wp:term":[{"taxonomy":"category","embeddable":true,"href":"https:\/\/www.europesays.com\/pl\/wp-json\/wp\/v2\/categories?post=435263"},{"taxonomy":"post_tag","embeddable":true,"href":"https:\/\/www.europesays.com\/pl\/wp-json\/wp\/v2\/tags?post=435263"}],"curies":[{"name":"wp","href":"https:\/\/api.w.org\/{rel}","templated":true}]}}