{"id":435395,"date":"2026-05-17T17:14:10","date_gmt":"2026-05-17T17:14:10","guid":{"rendered":"https:\/\/www.europesays.com\/pl\/435395\/"},"modified":"2026-05-17T17:14:10","modified_gmt":"2026-05-17T17:14:10","slug":"niemiecka-gazeta-ostrzega-rosja-moze-zaatakowac-juz-teraz","status":"publish","type":"post","link":"https:\/\/www.europesays.com\/pl\/435395\/","title":{"rendered":"Niemiecka gazeta ostrzega: Rosja mo\u017ce zaatakowa\u0107 ju\u017c teraz"},"content":{"rendered":"\n<p>&#13;<br \/>\nKomentator dziennika &#8222;Frankfurter Allgemeine Sonntagszeitung&#8221; Konrad Schuller przekonuje, \u017ce\u00a0Bundestag powinien og\u0142osi\u0107 &#8222;stan napi\u0119cia&#8221;, aby\u00a0przyspieszy\u0107 proces wzmacniania armii. Wskaza\u0142 te\u017c na\u00a0szereg wypowiedzi przyw\u00f3dc\u00f3w rosyjskich, kt\u00f3re jego zdaniem \u015bwiadcz\u0105 o\u00a0przygotowaniach do\u00a0ataku. &#13;\n<\/p>\n<p>&#13;<br \/>\n&#8222;W\u00a0lutym 2026\u00a0r. by\u0142y prezydent Miedwiediew grozi\u0142 uderzeniami nuklearnymi na\u00a0Ukrain\u0119. W\u00a0kwietniu sekretarz rady bezpiecze\u0144stwa Szojgu twierdzi\u0142, \u017ce\u00a0Finlandia i\u00a0kraje ba\u0142tyckie udost\u0119pniaj\u0105 Ukrainie swoj\u0105 przestrze\u0144 powietrzn\u0105 do\u00a0atak\u00f3w na\u00a0Rosj\u0119 i\u00a0m\u00f3wi\u0142 o\u00a0\u2018prawie do\u00a0samoobrony\u2019 swojego kraju. W\u00a0po\u0142owie maja prezydent Putin oceni\u0142, \u017ce\u00a0rosyjskie rakiety nie\u00a0maj\u0105 sobie r\u00f3wnych na\u00a0\u015bwiecie. Wymieni\u0142 pociski Kind\u017ca\u0142 i\u00a0Oriesznik, kt\u00f3re nadaj\u0105 si\u0119 do\u00a0ataku na\u00a0Europ\u0119&#8221; \u2013\u00a0pisze Schuller w\u00a0niedzielnym komentarzu. &#13;\n<\/p>\n<p>&#13;<br \/>\nJego zdaniem zaostrzenie retoryki ze\u00a0strony Rosji ma\u00a0dwie przyczyny. &#8222;Po\u00a0pierwsze wojna przeciwko Ukrainie nie\u00a0przebiega pomy\u015blnie dla\u00a0Rosji&#8221; \u2013\u00a0zauwa\u017ca. Jak wskazuje, <a href=\"https:\/\/dorzeczy.pl\/swiat\/882523\/rosjanie-maja-problem-pierwsza-taka-sytuacja-na-froncieod-2023-roku.html\" title=\"Rosjanie maj\u0105 problem. Pierwsza taka sytuacja od\u00a02023 roku\" rel=\"nofollow noopener\" target=\"_blank\">armia Kremla w\u00a0kwietniu straci\u0142a wi\u0119cej terytori\u00f3w ni\u017c\u00a0zdoby\u0142a<\/a>. &#8222;Rosja ma\u00a0problem z\u00a0zast\u0105pieniem nowymi rekrutami zabitych \u017co\u0142nierzy. Rosyjska gospodarka w\u00a0dw\u00f3ch pierwszych miesi\u0105cach br. skurczy\u0142a si\u0119. Wzrost cen na\u00a0rop\u0119 z\u0142agodzi\u0142 co\u00a0prawda kryzys, ale\u00a0wojna dusi koniunktur\u0119&#8221; \u2013\u00a0czytamy. &#13;\n<\/p>\n<p>&#8222;Rosja chce zastraszy\u0107 Europ\u0119&#8221; <\/p>\n<p>&#13;<br \/>\nR\u00f3wnocze\u015bnie pomoc Europy dla\u00a0Ukrainy zwi\u0119ksza si\u0119 \u2013\u00a0W\u0119gry przesta\u0142y blokowa\u0107 po\u017cyczk\u0119 w\u00a0wysoko\u015bci 90 mld euro. Niemcy zamierzaj\u0105 razem z\u00a0Ukrain\u0105 produkowa\u0107 bro\u0144 dalekiego zasi\u0119gu. &#8222;Dlatego celem Rosji jest zastraszenie Europy. Zdaniem zachodnich wojskowych najskuteczniejszym instrumentem by\u0142by szybki, ograniczony atak na\u00a0kt\u00f3re\u015b z\u00a0europejskich pa\u0144stw NATO. Gro\u017aba u\u017cycia broni atomowej mia\u0142aby odwie\u015b\u0107 Sojusz od\u00a0reakcji na\u00a0atak&#8221; \u2013\u00a0zauwa\u017ca &#8222;FAS&#8221;. &#13;\n<\/p>\n<p>&#13;<br \/>\nSchuller ocenia, \u017ce\u00a0sytuacj\u0119 pogarsza decyzja USA o\u00a0odmowie dostarczenia Niemcom pocisk\u00f3w Tomahawk. Niemiecki rz\u0105d szuka alternatywy \u2013\u00a0europejska rakieta mog\u0105ca zast\u0105pi\u0107 ameryka\u0144skie pociski mog\u0142aby wej\u015b\u0107 na\u00a0wyposa\u017cenie wojska w\u00a0ci\u0105gu trzech do\u00a0pi\u0119ciu lat. &#8222;Okno mo\u017cliwo\u015bci (ataku) dla\u00a0Putina otwiera si\u0119 teraz, zanim Europa uzyska gotowo\u015b\u0107 bojow\u0105, a\u00a0nie dopiero za\u00a0trzy lata&#8221; \u2013\u00a0ostrzega Schuller. &#8222;Kraje europejskie musz\u0105 jak najszybciej uzyska\u0107 zdolno\u015b\u0107 do\u00a0odstraszania&#8221; \u2013\u00a0uwa\u017ca niemiecki dziennikarz. &#13;\n<\/p>\n<p>&#13;<br \/>\nZaapelowa\u0142 do\u00a0w\u0142adz w\u00a0Berlinie o\u00a0przyspieszenie prac nad nowymi rodzajami broni wskazuj\u0105c na\u00a0propozycj\u0119 pos\u0142a CDU Kiesewettera. Jego zdaniem Bundestag powinien zgodnie z\u00a0art. 80a Ustawy Zasadniczej (niemieckiej konstytucji) og\u0142osi\u0107 &#8222;stan napi\u0119cia&#8221;, co\u00a0pozwoli\u0142oby na\u00a0przyspieszenie dzia\u0142a\u0144 w\u00a0dziedzinie obrony. &#13;\n<\/p>\n<p>&#13;<br \/>\nCzytaj te\u017c:<br \/><a href=\"https:\/\/dorzeczy.pl\/opinie\/887953\/kaczynski-alarmuje-tusk-zniszczyl-to-w-dwa-lata.html\" rel=\"follow nofollow noopener\" data-schema=\"DORZECZY\" data-image=\"https:\/\/img.dorzeczy.pl\/_thumb\/52\/57\/xx8411e1d2aee951287dfdd078be.jpeg\" target=\"_blank\">&#8222;Polacy chc\u0105 to\u00a0wiedzie\u0107&#8221;. Kaczy\u0144ski oskar\u017ca Tuska<\/a>Czytaj te\u017c:<br \/><a href=\"https:\/\/dorzeczy.pl\/opinie\/887674\/zelenski-opowiada-rosja-rozwaza-operacje-przeciwko-nato.html\" rel=\"follow nofollow noopener\" data-schema=\"DORZECZY\" data-image=\"https:\/\/img.dorzeczy.pl\/_thumb\/67\/21\/0fe293493c4e464f31539d088903.jpeg\" target=\"_blank\">Ze\u0142enski opowiada: Rosja rozwa\u017ca operacj\u0119 przeciwko krajowi NATO<\/a>&#13;<\/p>\n","protected":false},"excerpt":{"rendered":"&#13; Komentator dziennika &#8222;Frankfurter Allgemeine Sonntagszeitung&#8221; Konrad Schuller przekonuje, \u017ce\u00a0Bundestag powinien og\u0142osi\u0107 &#8222;stan napi\u0119cia&#8221;, aby\u00a0przyspieszy\u0107 proces wzmacniania armii.&hellip;\n","protected":false},"author":2,"featured_media":435396,"comment_status":"","ping_status":"","sticky":false,"template":"","format":"standard","meta":{"footnotes":"","_share_on_mastodon":"0"},"categories":[14],"tags":[744,32,33,3096,98,27,34,35,28,31,160,25,103,40,41,600,87,80,29,30,26,82,83,84],"class_list":["post-435395","post","type-post","status-publish","format-standard","has-post-thumbnail","category-swiat","tag-atak","tag-breaking-news","tag-breakingnews","tag-bundeswehra","tag-dorzeczy","tag-headlines","tag-latest-news","tag-latestnews","tag-naglowki","tag-najwazniejsze-artykuly","tag-nato","tag-news","tag-obserwator-mediow","tag-polish","tag-polski","tag-putin","tag-rosja","tag-swiat","tag-top-stories","tag-topstories","tag-wiadomosci","tag-world","tag-world-news","tag-worldnews"],"share_on_mastodon":{"url":"https:\/\/pubeurope.com\/@pl\/116591045074563471","error":""},"_links":{"self":[{"href":"https:\/\/www.europesays.com\/pl\/wp-json\/wp\/v2\/posts\/435395","targetHints":{"allow":["GET"]}}],"collection":[{"href":"https:\/\/www.europesays.com\/pl\/wp-json\/wp\/v2\/posts"}],"about":[{"href":"https:\/\/www.europesays.com\/pl\/wp-json\/wp\/v2\/types\/post"}],"author":[{"embeddable":true,"href":"https:\/\/www.europesays.com\/pl\/wp-json\/wp\/v2\/users\/2"}],"replies":[{"embeddable":true,"href":"https:\/\/www.europesays.com\/pl\/wp-json\/wp\/v2\/comments?post=435395"}],"version-history":[{"count":0,"href":"https:\/\/www.europesays.com\/pl\/wp-json\/wp\/v2\/posts\/435395\/revisions"}],"wp:featuredmedia":[{"embeddable":true,"href":"https:\/\/www.europesays.com\/pl\/wp-json\/wp\/v2\/media\/435396"}],"wp:attachment":[{"href":"https:\/\/www.europesays.com\/pl\/wp-json\/wp\/v2\/media?parent=435395"}],"wp:term":[{"taxonomy":"category","embeddable":true,"href":"https:\/\/www.europesays.com\/pl\/wp-json\/wp\/v2\/categories?post=435395"},{"taxonomy":"post_tag","embeddable":true,"href":"https:\/\/www.europesays.com\/pl\/wp-json\/wp\/v2\/tags?post=435395"}],"curies":[{"name":"wp","href":"https:\/\/api.w.org\/{rel}","templated":true}]}}