{"id":435496,"date":"2026-05-17T18:21:14","date_gmt":"2026-05-17T18:21:14","guid":{"rendered":"https:\/\/www.europesays.com\/pl\/435496\/"},"modified":"2026-05-17T18:21:14","modified_gmt":"2026-05-17T18:21:14","slug":"bydgoszcz-54-letni-brytyjczyk-wypadl-z-drugiego-pietra-panowal-wzmozony-ruch-wprost","status":"publish","type":"post","link":"https:\/\/www.europesays.com\/pl\/435496\/","title":{"rendered":"Bydgoszcz. 54-letni Brytyjczyk wypad\u0142 z drugiego pi\u0119tra. \u201ePanowa\u0142 wzmo\u017cony ruch\u201d \u2013 Wprost"},"content":{"rendered":"\n<p>&#13;<br \/>\n16 maja, p\u00f3\u017anym wieczorem, mia\u0142 miejsce wstrz\u0105saj\u0105cym wypadek \u2013\u00a054-latek z\u00a0brytyjskim obywatelstwem, na\u00a0oczach ludzi, wypad\u0142 nagle z\u00a0okna na\u00a0drugim pi\u0119trze. S\u0142u\u017cbie medycznej nie\u00a0uda\u0142o si\u0119 go\u00a0uratowa\u0107. &#13;\n<\/p>\n<p>&#13;<br \/>\nZanim jednak stwierdzono zgon m\u0119\u017cczyzny, ZRM, kt\u00f3re dotar\u0142o na\u00a0miejsce karetk\u0105 pogotowia, wszcz\u0119\u0142o procedur\u0119 RKO. Resuscytacja kr\u0105\u017ceniowo-oddechowa nie\u00a0przynosi\u0142a jednak oczekiwanego skutku. &#13;\n<\/p>\n<p>&#13;<br \/>\nRegionalna rozg\u0142o\u015bnia skontaktowa\u0142a si\u0119 w\u00a0sprawie wypadku z\u00a0Komend\u0105 Miejskiej Policji w\u00a0Bydgoszczy. Sier\u017cant sztabowy Jakub Skrzypek z\u00a0zespo\u0142u komunikacji spo\u0142ecznej w\u00a0rozmowie z\u00a0Radiem PiK potwierdzi\u0142 zdarzenie. S\u0142u\u017cby pr\u00f3buj\u0105 ustali\u0107, jak dosz\u0142o do\u00a0tragedii. &#13;\n<\/p>\n<p>\u201ePanowa\u0142 wzmo\u017cony ruch\u201d<\/p>\n<p>&#13;<br \/>\nPrac\u0119 policji nadzoruje prokuratura \u2013\u00a0poda\u0142 \u201eFakt\u201d. &#13;\n<\/p>\n<p>&#13;<br \/>\nDziennik przypomnia\u0142, \u017ce\u00a0lokalsi (a w\u00a0sezonie letnim tak\u017ce tury\u015bci) ch\u0119tnie spaceruj\u0105 po\u00a0\u2013 i\u00a0w\u00a0pobli\u017cu \u2013\u00a0Starego Miasta. Decyzjom, by\u00a0\u201ewyj\u015b\u0107 na\u00a0miasto\u201d, sprzyjaj\u0105 szczeg\u00f3lnie pi\u0105tkowe i\u00a0sobotnie noce. &#13;\n<\/p>\n<p>&#13;<br \/>\nW momencie wypadku \u201ew\u00a0okolicy panowa\u0142 wzmo\u017cony ruch\u201d \u2013\u00a0twierdzi redakcja. &#13;\n<\/p>\n<p>&#13;<br \/>\nCzytaj te\u017c:<br \/><a href=\"https:\/\/www.wprost.pl\/swiat\/12332361\/modena-wjechal-w-tlum-i-wyciagnal-noz-wsrod-rannych-polka.html\" rel=\"follow nofollow noopener\" data-schema=\"WPROST\" data-image=\"https:\/\/img.wprost.pl\/_thumb\/8b\/09\/8e4450765ccaec18829ef39f40b7.jpeg\" target=\"_blank\">Najpierw staranowa\u0142 ludzi autem, potem wyci\u0105gn\u0105\u0142 n\u00f3\u017c. Polka w\u015br\u00f3d rannych<\/a>Czytaj te\u017c:<br \/><a href=\"https:\/\/www.wprost.pl\/kraj\/12332283\/bimber-amunicja-i-nielegalnie-odstrzelony-dzik-efekty-kontroli-policji.html\" rel=\"follow nofollow noopener\" data-schema=\"WPROST\" data-image=\"https:\/\/img.wprost.pl\/_thumb\/4d\/52\/44e5734e6ab4xx412be24a007410.jpeg\" target=\"_blank\">Wpad\u0142 podczas rutynowej kontroli. Bimber, amunicja i\u00a0martwy dzik<\/a>&#13;<\/p>\n","protected":false},"excerpt":{"rendered":"&#13; 16 maja, p\u00f3\u017anym wieczorem, mia\u0142 miejsce wstrz\u0105saj\u0105cym wypadek \u2013\u00a054-latek z\u00a0brytyjskim obywatelstwem, na\u00a0oczach ludzi, wypad\u0142 nagle z\u00a0okna na\u00a0drugim&hellip;\n","protected":false},"author":2,"featured_media":435497,"comment_status":"","ping_status":"","sticky":false,"template":"","format":"standard","meta":{"footnotes":"","_share_on_mastodon":"0"},"categories":[51613],"tags":[18312,7132,49,42,38,40,39,41,43315,2588,10666],"class_list":["post-435496","post","type-post","status-publish","format-standard","has-post-thumbnail","category-bydgoszcz","tag-brytyjczyk","tag-bydgoszcz","tag-kraj","tag-pl","tag-poland","tag-polish","tag-polska","tag-polski","tag-wprost","tag-wypadek","tag-zycie"],"share_on_mastodon":{"url":"https:\/\/pubeurope.com\/@pl\/116591308648200527","error":""},"_links":{"self":[{"href":"https:\/\/www.europesays.com\/pl\/wp-json\/wp\/v2\/posts\/435496","targetHints":{"allow":["GET"]}}],"collection":[{"href":"https:\/\/www.europesays.com\/pl\/wp-json\/wp\/v2\/posts"}],"about":[{"href":"https:\/\/www.europesays.com\/pl\/wp-json\/wp\/v2\/types\/post"}],"author":[{"embeddable":true,"href":"https:\/\/www.europesays.com\/pl\/wp-json\/wp\/v2\/users\/2"}],"replies":[{"embeddable":true,"href":"https:\/\/www.europesays.com\/pl\/wp-json\/wp\/v2\/comments?post=435496"}],"version-history":[{"count":0,"href":"https:\/\/www.europesays.com\/pl\/wp-json\/wp\/v2\/posts\/435496\/revisions"}],"wp:featuredmedia":[{"embeddable":true,"href":"https:\/\/www.europesays.com\/pl\/wp-json\/wp\/v2\/media\/435497"}],"wp:attachment":[{"href":"https:\/\/www.europesays.com\/pl\/wp-json\/wp\/v2\/media?parent=435496"}],"wp:term":[{"taxonomy":"category","embeddable":true,"href":"https:\/\/www.europesays.com\/pl\/wp-json\/wp\/v2\/categories?post=435496"},{"taxonomy":"post_tag","embeddable":true,"href":"https:\/\/www.europesays.com\/pl\/wp-json\/wp\/v2\/tags?post=435496"}],"curies":[{"name":"wp","href":"https:\/\/api.w.org\/{rel}","templated":true}]}}