{"id":435764,"date":"2026-05-17T21:35:32","date_gmt":"2026-05-17T21:35:32","guid":{"rendered":"https:\/\/www.europesays.com\/pl\/435764\/"},"modified":"2026-05-17T21:35:32","modified_gmt":"2026-05-17T21:35:32","slug":"mniej-wojsk-usa-w-polsce-tusk-wsciekly-na-nawrockiego-i-kaczynskiego","status":"publish","type":"post","link":"https:\/\/www.europesays.com\/pl\/435764\/","title":{"rendered":"Mniej wojsk USA w Polsce. Tusk w\u015bciek\u0142y na Nawrockiego i Kaczy\u0144skiego"},"content":{"rendered":"\n<p>&#13;<br \/>\nDow\u00f3dca ameryka\u0144skich si\u0142 l\u0105dowych Christopher LaNeve potwierdzi\u0142, \u017ce\u00a0Pentagon anulowa\u0142 wys\u0142anie do\u00a0Polski 2. Pancernej Brygadowej Grupy Bojowej z\u00a01. Dywizji Kawalerii. <a href=\"https:\/\/dorzeczy.pl\/opinie\/888148\/tusk-i-wojska-usa-w-polsce-mocne-oswiadczenie-morawieckiego.html\" title=\"Mocne o\u015bwiadczenie Morawieckiego. Chodzi o\u00a0obecno\u015b\u0107 wojsk USA w\u00a0Polsce\" rel=\"nofollow noopener\" target=\"_blank\">Chodzi o\u00a0ok. 4\u00a0tys. \u017co\u0142nierzy wraz ze\u00a0sprz\u0119tem<\/a>, kt\u00f3rzy mieli trafi\u0107 na\u00a0wschodni\u0105 flank\u0119 NATO w\u00a0ramach dziewi\u0119ciomiesi\u0119cznej rotacji. Jeszcze w\u00a0\u015brod\u0119 przedstawiciele polskiego rz\u0105du przekonywali, \u017ce\u00a0sprawa nie\u00a0dotyczy Polski. Szef MON W\u0142adys\u0142aw Kosiniak-Kamysz zapewnia\u0142, \u017ce\u00a0chodzi jedynie o\u00a0&#8222;zapowiadan\u0105 wcze\u015bniej zmian\u0119 obecno\u015bci cz\u0119\u015bci si\u0142 zbrojnych USA w\u00a0Europie&#8221;, a\u00a0jego zast\u0119pca w\u00a0resorcie obrony Cezary Tomczyk twierdzi\u0142, \u017ce\u00a0doniesienia dotycz\u0105 Niemiec, nie\u00a0Polski. &#13;\n<\/p>\n<p>&#13;<br \/>\nPremier Donald Tusk opublikowa\u0142 wpis, w\u00a0kt\u00f3rym zaprzecza, jakoby sytuacja ta\u00a0by\u0142a win\u0105 rz\u0105du. Oburza si\u0119 na\u00a0na opozycj\u0119 oraz\u00a0prezydenta, kt\u00f3rzy krytykuj\u0105 koalicj\u0119. &#8222;Kaczy\u0144ski pr\u00f3buje zrzuci\u0107 na\u00a0Polsk\u0119 win\u0119 za\u00a0decyzje Waszyngtonu o\u00a0zmniejszeniu ameryka\u0144skiego zaanga\u017cowania w\u00a0Europie. Nawrocki w\u00a0obecno\u015bci lider\u00f3w innych kraj\u00f3w na\u00a0szczycie w\u00a0Bukareszcie obrzuca b\u0142otem w\u0142asne pa\u0144stwo. Coraz gorzej z\u00a0nimi&#8221; \u2013\u00a0stwierdzi\u0142 szef rz\u0105du. &#13;\n<\/p>\n<p>Nawrocki spotka\u0142 si\u0119 z\u00a0Kosiniakiem i\u00a0Kuku\u0142\u0105. Tematem wojska USA<\/p>\n<p>&#13;<br \/>\nPrezydent Karol Nawrocki spotka\u0142 si\u0119 w\u00a0pi\u0105tek (15 maja) z\u00a0wicepremierem, ministrem obrony narodowej W\u0142adys\u0142awem Kosiniakiem-Kamyszem i\u00a0szefem Sztabu Generalnego Wojska Polskiego gen. Wies\u0142awem Kuku\u0142\u0105. G\u0142owie pa\u0144stwa towarzyszyli szef Biura Bezpiecze\u0144stwa Narodowego Bartosz Grodecki oraz\u00a0zast\u0119pcy szefa BBN gen. Andrzej Kowalski oraz\u00a0gen. Miros\u0142aw Bry\u015b. &#13;\n<\/p>\n<p>&#13;<br \/>\n&#8222;G\u0142\u00f3wnym tematem rozmowy by\u0142y kwestie bezpiecze\u0144stwa naszego regionu ze\u00a0szczeg\u00f3lnym uwzgl\u0119dnieniem obecno\u015bci wojsk ameryka\u0144skich w\u00a0Polsce. Prezydent wyra\u017anie podkre\u015bli\u0142, \u017ce\u00a0proces zwi\u0119kszania obecno\u015bci wojsk USA w\u00a0Polsce nale\u017cy wspiera\u0107 i\u00a0oczekuje w\u00a0tej kwestii wsp\u00f3\u0142pracy ze\u00a0strony wszystkich o\u015brodk\u00f3w w\u0142adzy. Stacjonowanie \u017co\u0142nierzy naszego najbli\u017cszego sojusznika w\u00a0Polsce wzmacnia wschodni\u0105 flank\u0119 NATO, a\u00a0tak\u017ce podnosi poziom bezpiecze\u0144stwa i\u00a0odstraszania&#8221; \u2013\u00a0napisa\u0142 na\u00a0platformie X Grodecki, udost\u0119pniaj\u0105c zdj\u0119cie ze\u00a0spotkania. &#13;\n<\/p>\n<p>&#13;<br \/>\nCzytaj te\u017c:<br \/><a href=\"https:\/\/dorzeczy.pl\/kraj\/887875\/ostra-reakcja-sztaby-generalnego-na-doniesienia-onetu.html\" rel=\"follow nofollow noopener\" data-schema=\"DORZECZY\" data-image=\"https:\/\/img.dorzeczy.pl\/_thumb\/5b\/fb\/9962d73a0bf5d215d01b845faabb.jpeg\" target=\"_blank\">Wiadomo\u015b\u0107 z\u00a0USA. Ostra reakcja Sztabu Generalnego na\u00a0doniesienia medi\u00f3w<\/a>Czytaj te\u017c:<br \/><a href=\"https:\/\/dorzeczy.pl\/kraj\/887854\/usa-anulowaly-wyslanie-wojsk-do-polski-wiadomosc-lezala-u-generala.html\" rel=\"follow nofollow noopener\" data-schema=\"DORZECZY\" data-image=\"https:\/\/img.dorzeczy.pl\/_thumb\/93\/c9\/42948438b90a72e216750c2c75d3.jpeg\" target=\"_blank\">Zdumiewaj\u0105ce doniesienia ws. decyzji USA. &#8222;Wiadomo\u015b\u0107 le\u017ca\u0142a u\u00a0genera\u0142a&#8221;<\/a>&#13;<\/p>\n","protected":false},"excerpt":{"rendered":"&#13; Dow\u00f3dca ameryka\u0144skich si\u0142 l\u0105dowych Christopher LaNeve potwierdzi\u0142, \u017ce\u00a0Pentagon anulowa\u0142 wys\u0142anie do\u00a0Polski 2. Pancernej Brygadowej Grupy Bojowej z\u00a01.&hellip;\n","protected":false},"author":2,"featured_media":435765,"comment_status":"","ping_status":"","sticky":false,"template":"","format":"standard","meta":{"footnotes":"","_share_on_mastodon":"0"},"categories":[62713],"tags":[1345,98,4110,49,1315,102,99,71,18739],"class_list":["post-435764","post","type-post","status-publish","format-standard","has-post-thumbnail","category-donald-tusk","tag-donald-tusk","tag-dorzeczy","tag-kaczynski","tag-kraj","tag-nawrocki","tag-opinie","tag-tusk","tag-usa","tag-wojska"],"share_on_mastodon":{"url":"https:\/\/pubeurope.com\/@pl\/116592071317879098","error":""},"_links":{"self":[{"href":"https:\/\/www.europesays.com\/pl\/wp-json\/wp\/v2\/posts\/435764","targetHints":{"allow":["GET"]}}],"collection":[{"href":"https:\/\/www.europesays.com\/pl\/wp-json\/wp\/v2\/posts"}],"about":[{"href":"https:\/\/www.europesays.com\/pl\/wp-json\/wp\/v2\/types\/post"}],"author":[{"embeddable":true,"href":"https:\/\/www.europesays.com\/pl\/wp-json\/wp\/v2\/users\/2"}],"replies":[{"embeddable":true,"href":"https:\/\/www.europesays.com\/pl\/wp-json\/wp\/v2\/comments?post=435764"}],"version-history":[{"count":0,"href":"https:\/\/www.europesays.com\/pl\/wp-json\/wp\/v2\/posts\/435764\/revisions"}],"wp:featuredmedia":[{"embeddable":true,"href":"https:\/\/www.europesays.com\/pl\/wp-json\/wp\/v2\/media\/435765"}],"wp:attachment":[{"href":"https:\/\/www.europesays.com\/pl\/wp-json\/wp\/v2\/media?parent=435764"}],"wp:term":[{"taxonomy":"category","embeddable":true,"href":"https:\/\/www.europesays.com\/pl\/wp-json\/wp\/v2\/categories?post=435764"},{"taxonomy":"post_tag","embeddable":true,"href":"https:\/\/www.europesays.com\/pl\/wp-json\/wp\/v2\/tags?post=435764"}],"curies":[{"name":"wp","href":"https:\/\/api.w.org\/{rel}","templated":true}]}}