{"id":435777,"date":"2026-05-17T21:50:10","date_gmt":"2026-05-17T21:50:10","guid":{"rendered":"https:\/\/www.europesays.com\/pl\/435777\/"},"modified":"2026-05-17T21:50:10","modified_gmt":"2026-05-17T21:50:10","slug":"polonia-bytom-slask-wroclaw-oceny-pilkarzy-slaska-wroclaw-za-mecz-z-polonia-bytom","status":"publish","type":"post","link":"https:\/\/www.europesays.com\/pl\/435777\/","title":{"rendered":"Polonia Bytom &#8211; \u015al\u0105sk Wroc\u0142aw. Oceny pi\u0142karzy \u015al\u0105ska Wroc\u0142aw za mecz z Poloni\u0105 Bytom"},"content":{"rendered":"<p><a class=\"atomsArticleGalleryImage__mainImgLink\" href=\"https:\/\/gazetawroclawska.pl\/polonia-bytom-slask-wroclaw-oceny-pilkarzy-slaska-wroclaw-za-mecz-z-polonia-bytom\/gh\/c2p2-29007069\" title=\"17.05.2026 Bytom&#013;&#010;Polonia Bytom - &#x15A;l&#x105;sk Wroc&#x142;aw&#013;&#010;fot. Lucyna Nenow Dziennik Zachodni\/Polska Press\" data-ec=\"atomsArticleGalleryImage\" data-event-position-el=\"mainImage\" aria-label=\"Zobacz galeri&#x119;\" rel=\"nofollow noopener\" target=\"_blank\"><img decoding=\"async\" loading=\"eager\" fetchpriority=\"high\" class=\"atomsArticleGalleryImage__mainImg\" src=\"https:\/\/www.europesays.com\/pl\/wp-content\/uploads\/2026\/05\/il20260517_966104817,size,640x418,crop,0.0000x192.0000x1920.0000x1005.0000,h,1ada3e.jpg\" alt=\"17.05.2026 Bytom&#13;&#10;Polonia Bytom - &#x15A;l&#x105;sk Wroc&#x142;aw&#13;&#10;fot. Lucyna Nenow Dziennik Zachodni\/Polska Press\" width=\"3543\" height=\"2314\"\/><\/a><\/p>\n<p>\n        17.05.2026 Bytom&#13;<br \/>\nPolonia Bytom &#8211; \u015al\u0105sk Wroc\u0142aw&#13;<br \/>\nfot. Lucyna Nenow Dziennik Zachodni\/Polska Press<\/p>\n<p>          fot. Lucyna Nenow\n        <\/p>\n<p>\u015al\u0105sk Wroc\u0142aw wygra\u0142 3:1 z Poloni\u0105 Bytom na wyje\u017adzie i oficjalnie wraca do PKO Ekstraklasy. Ocenili\u015bmy pi\u0142karzy \u015al\u0105ska za wyst\u0119p w tym spotkaniu. Oceny w skali 1-10, gdzie 10 to klasa \u015bwiatowa, a 1 oznacza wyst\u0119p poni\u017cej wszelkiej krytyki.<\/p>\n","protected":false},"excerpt":{"rendered":"17.05.2026 Bytom&#13; Polonia Bytom &#8211; \u015al\u0105sk Wroc\u0142aw&#13; fot. Lucyna Nenow Dziennik Zachodni\/Polska Press fot. Lucyna Nenow \u015al\u0105sk Wroc\u0142aw&hellip;\n","protected":false},"author":2,"featured_media":435778,"comment_status":"","ping_status":"","sticky":false,"template":"","format":"standard","meta":{"footnotes":"","_share_on_mastodon":"0"},"categories":[51607],"tags":[2193,82246,42,38,40,7174,82244,39,41,697,82245,1853],"class_list":["post-435777","post","type-post","status-publish","format-standard","has-post-thumbnail","category-wroclaw","tag-betclic-1-liga","tag-oceny-pilkarzy-slaska","tag-pl","tag-poland","tag-polish","tag-polonia-bytom","tag-polonia-bytom-slask-wroclaw","tag-polska","tag-polski","tag-slask-wroclaw","tag-slask-wroclaw-oceny","tag-wroclaw"],"share_on_mastodon":{"url":"https:\/\/pubeurope.com\/@pl\/116592131117038165","error":""},"_links":{"self":[{"href":"https:\/\/www.europesays.com\/pl\/wp-json\/wp\/v2\/posts\/435777","targetHints":{"allow":["GET"]}}],"collection":[{"href":"https:\/\/www.europesays.com\/pl\/wp-json\/wp\/v2\/posts"}],"about":[{"href":"https:\/\/www.europesays.com\/pl\/wp-json\/wp\/v2\/types\/post"}],"author":[{"embeddable":true,"href":"https:\/\/www.europesays.com\/pl\/wp-json\/wp\/v2\/users\/2"}],"replies":[{"embeddable":true,"href":"https:\/\/www.europesays.com\/pl\/wp-json\/wp\/v2\/comments?post=435777"}],"version-history":[{"count":0,"href":"https:\/\/www.europesays.com\/pl\/wp-json\/wp\/v2\/posts\/435777\/revisions"}],"wp:featuredmedia":[{"embeddable":true,"href":"https:\/\/www.europesays.com\/pl\/wp-json\/wp\/v2\/media\/435778"}],"wp:attachment":[{"href":"https:\/\/www.europesays.com\/pl\/wp-json\/wp\/v2\/media?parent=435777"}],"wp:term":[{"taxonomy":"category","embeddable":true,"href":"https:\/\/www.europesays.com\/pl\/wp-json\/wp\/v2\/categories?post=435777"},{"taxonomy":"post_tag","embeddable":true,"href":"https:\/\/www.europesays.com\/pl\/wp-json\/wp\/v2\/tags?post=435777"}],"curies":[{"name":"wp","href":"https:\/\/api.w.org\/{rel}","templated":true}]}}