{"id":435935,"date":"2026-05-17T23:48:13","date_gmt":"2026-05-17T23:48:13","guid":{"rendered":"https:\/\/www.europesays.com\/pl\/435935\/"},"modified":"2026-05-17T23:48:13","modified_gmt":"2026-05-17T23:48:13","slug":"legia-warszawa-podjela-decyzje-w-sprawie-kolejnego-pilkarza-info-pn-pilkanozna-pl","status":"publish","type":"post","link":"https:\/\/www.europesays.com\/pl\/435935\/","title":{"rendered":"Legia Warszawa podj\u0119\u0142a decyzj\u0119 w sprawie kolejnego pi\u0142karza [INFO PN] \u2013 Pi\u0142kaNo\u017cna.pl"},"content":{"rendered":"<p class=\"text-4 text-center text-global-text-primary\">Legia Warszawa wygra\u0142a bardzo wa\u017cne spotkanie w Gda\u0144sku z Lechi\u0105 i wci\u0105\u017c jest w grze o pi\u0105te miejsce, kt\u00f3re da prawo gry w eliminacjach Ligi Konferencji. Wojskowi podejmuj\u0105 wa\u017cne decyzje dotycz\u0105ce kadry na kolejny sezon.\n        <\/p>\n<p>                    <a href=\"https:\/\/pilkanozna.pl\/author\/paw-golaszewski\/\" class=\"p-author h-card\" rel=\"nofollow noopener\" target=\"_blank\"><\/p>\n<p class=\"pn-category border-t-4 border-global-theme px-6 pt-2 text-global-text-primary\">\n                    Pawe\u0142 Go\u0142aszewski\n                <\/p>\n<p>            <\/a><\/p>\n<p>Legia Warszawa w minionym tygodniu podj\u0119\u0142a kolejne decyzje dotycz\u0105ce kszta\u0142tu kadry na kolejny sezon. Nowe umowy z Wojskowymi parafowali Rafa\u0142 Augustyniak oraz Bartosz Kapustka.<\/p>\n<p>\u2013 Akceptowa\u0142em te przed\u0142u\u017cenia kontrakt\u00f3w, wydarzy\u0142y si\u0119 one przy mojej pozytywnej opinii. Podstaw\u0105 by\u0142o ostatnie p\u00f3\u0142 roku pracy z tymi ch\u0142opakami \u2013 sprawdzili si\u0119. Pomogli nam zrealizowa\u0107 cel, jakim by\u0142o utrzymanie. Nie oszukujmy si\u0119, widmo spadku zagl\u0105da\u0142o nam g\u0142\u0119boko w oczy i m.in. dzi\u0119ki tym zawodnikom unikn\u0119li\u015bmy katastrofy. Zdali ten egzamin. Negocjuj\u0105c nowe umowy, pokazali, \u017ce naprawd\u0119 chc\u0105 gra\u0107 w Legii. Nie jest tajemnic\u0105, \u017ce sytuacja finansowa klubu nie jest prosta, a oni wykazali si\u0119 du\u017cym zrozumieniem. Postawili klub i swoj\u0105 obecno\u015b\u0107 tutaj ponad inne kwestie. To, \u017ce dali sobie i nam kolejn\u0105 szans\u0119 na lepsze wyniki i budow\u0119 lepszego wizerunku swoich postaci w klubie, by\u0142o bardzo istotne \u2013 przyzna\u0142 Papszun na pi\u0105tkowej konferencji prasowej (cytat za Legionisci.com).<\/p>\n<p>* {<br \/>\n                    position: sticky;<br \/>\n                    position: -webkit-sticky;<br \/>\n                    top: 170px;<br \/>\n                }<br \/>\n            ]]><\/p>\n<p>SZYKUJE SI\u0118\u00a0KOLEJNE ODEJ\u015aCIE?<\/p>\n<p>Lista zawodnik\u00f3w, kt\u00f3rym wygasaj\u0105 kontrakty wci\u0105\u017c jest d\u0142uga. Z Warszaw\u0105 po\u017cegnaj\u0105\u00a0si\u0119\u00a0mi\u0119dzy innymi Ermal Krasniqi oraz Kacper Tobiasz, a woln\u0105\u00a0r\u0119k\u0119 w poszukiwaniu klubu ma dosta\u0107 Antonio Colak, kt\u00f3ry by\u0142 bohaterem Wojskowych w Gda\u0144sku.<\/p>\n<p>Z listy p\u0142ac zniknie tak\u017ce prawdopodobnie kolejne nazwisko. W\u015br\u00f3d zawodnik\u00f3w, kt\u00f3rzy nie otrzymali propozycji nowego kontraktu jest te\u017c Patryk Kun. Lewy wahad\u0142owy by\u0142 wiosn\u0105 wa\u017cn\u0105 postaci\u0105\u00a0w ekipie Papszuna, ale do Gda\u0144ska nie pojecha\u0142.<\/p>\n<p>\u2013 Zg\u0142osi\u0142 niedyspozycj\u0119, nie wyszed\u0142 wczoraj na trening i nie pojecha\u0142 na mecz. Tak naprawd\u0119 trzeba zapyta\u0107 jego, co si\u0119 sta\u0142o, bo jeszcze przedwczoraj normalnie trenowa\u0142 \u2013 przyzna\u0142 trener Legii na pomeczowej konferencji prasowej (cytat za Legionisci.com).<\/p>\n<p>Te s\u0142owa Papszuna wskazuj\u0105, \u017ce przysz\u0142o\u015b\u0107 Kuna jest praktycznie przes\u0105dzona. Je\u015bli nie wydarzy si\u0119 nic nieprzewidzianego w najbli\u017cszych dniach, 31-latek po trzech latach po\u017cegna si\u0119\u00a0z Warszaw\u0105.<\/p>\n","protected":false},"excerpt":{"rendered":"Legia Warszawa wygra\u0142a bardzo wa\u017cne spotkanie w Gda\u0144sku z Lechi\u0105 i wci\u0105\u017c jest w grze o pi\u0105te miejsce,&hellip;\n","protected":false},"author":2,"featured_media":435936,"comment_status":"","ping_status":"","sticky":false,"template":"","format":"standard","meta":{"footnotes":"","_share_on_mastodon":"0"},"categories":[51605],"tags":[274,10067,713,2221,4700,42,38,40,39,41,435],"class_list":["post-435935","post","type-post","status-publish","format-standard","has-post-thumbnail","category-warszawa","tag-ekstraklasa","tag-legia","tag-legia-warszawa","tag-marek-papszun","tag-patryk-kun","tag-pl","tag-poland","tag-polish","tag-polska","tag-polski","tag-warszawa"],"share_on_mastodon":{"url":"https:\/\/pubeurope.com\/@pl\/116592594441299989","error":""},"_links":{"self":[{"href":"https:\/\/www.europesays.com\/pl\/wp-json\/wp\/v2\/posts\/435935","targetHints":{"allow":["GET"]}}],"collection":[{"href":"https:\/\/www.europesays.com\/pl\/wp-json\/wp\/v2\/posts"}],"about":[{"href":"https:\/\/www.europesays.com\/pl\/wp-json\/wp\/v2\/types\/post"}],"author":[{"embeddable":true,"href":"https:\/\/www.europesays.com\/pl\/wp-json\/wp\/v2\/users\/2"}],"replies":[{"embeddable":true,"href":"https:\/\/www.europesays.com\/pl\/wp-json\/wp\/v2\/comments?post=435935"}],"version-history":[{"count":0,"href":"https:\/\/www.europesays.com\/pl\/wp-json\/wp\/v2\/posts\/435935\/revisions"}],"wp:featuredmedia":[{"embeddable":true,"href":"https:\/\/www.europesays.com\/pl\/wp-json\/wp\/v2\/media\/435936"}],"wp:attachment":[{"href":"https:\/\/www.europesays.com\/pl\/wp-json\/wp\/v2\/media?parent=435935"}],"wp:term":[{"taxonomy":"category","embeddable":true,"href":"https:\/\/www.europesays.com\/pl\/wp-json\/wp\/v2\/categories?post=435935"},{"taxonomy":"post_tag","embeddable":true,"href":"https:\/\/www.europesays.com\/pl\/wp-json\/wp\/v2\/tags?post=435935"}],"curies":[{"name":"wp","href":"https:\/\/api.w.org\/{rel}","templated":true}]}}