{"id":435972,"date":"2026-05-18T00:19:08","date_gmt":"2026-05-18T00:19:08","guid":{"rendered":"https:\/\/www.europesays.com\/pl\/435972\/"},"modified":"2026-05-18T00:19:08","modified_gmt":"2026-05-18T00:19:08","slug":"slask-wroclaw-wraca-po-roku-do-pko-bp-ekstraklasy-sport-tvp-pl","status":"publish","type":"post","link":"https:\/\/www.europesays.com\/pl\/435972\/","title":{"rendered":"\u015al\u0105sk Wroc\u0142aw wraca po roku do PKO BP Ekstraklasy! &#8211; sport.tvp.pl"},"content":{"rendered":"<ol>\n<li><a href=\"https:\/\/news.google.com\/rss\/articles\/CBMihgFBVV95cUxPUE0zM2RkZ2k1X3FMRk1yQk04Ri1xWmoyX1UwT05qMl9waXJBcEw1RG5PMjVibzBfQ0JJMWlGTjQ2UU9TLVlOVjB1S2VCcGFIZkhsU2Y1eERMd0g1ZVdvUC1qUGszRDB4bmJPWkNoRVk5QUlCeENEY1luRFBtTUhQdEpKT2l3UdIBiwFBVV95cUxNLWRWZ0JTOXB0dlNSTDh2XzZQdXhGUDhmelpWcW14M0U5ODJLcl8tMUtnUElFMXNfMjBOY1Z5Tml6MHMwYm9XM3VRS1ZKY0ppU0Q1TDRWVUI5Qzg0bDVrLXFqbE5VbDBSc2VTOVBMbHVkWWdnaWNjTGs4TWo3bF9aLXJLcGl6Z3RFcXBV?oc=5\" target=\"_blank\" rel=\"nofollow noopener\">\u015al\u0105sk Wroc\u0142aw wraca po roku do PKO BP Ekstraklasy!<\/a>&nbsp;&nbsp;sport.tvp.pl<\/li>\n<li><a href=\"https:\/\/news.google.com\/rss\/articles\/CBMivwFBVV95cUxNcm5FSUFZWDkzVV9hN0ZuMnZveGxqVlY2VFN6aE5nLWlNN0FKMEhSZzR6RllPTWVFdTdEOFlqOV94aERCSHNKVXRmVFNkemlLbUh4emU2em5vMkZIU3A5ZC1FUHMzMGdpaDlSVlNudnNYb1VMWUpGbUJsVi14TVQwY21MekpSM2pSYkpRMVZ5ckFra0tLLU8zQ0pxN0RiR2ZXTlNTZ0JHbzBwOHFvdWw0V1d3YjdPWWt2bGR5a3BVUQ?oc=5\" target=\"_blank\" rel=\"nofollow noopener\">Znamy drugiego beniaminka Ekstraklasy! Wielki powr\u00f3t sta\u0142 si\u0119 faktem<\/a>&nbsp;&nbsp;Przegl\u0105d Sportowy<\/li>\n<li><a href=\"https:\/\/news.google.com\/rss\/articles\/CBMixAFBVV95cUxQbGNqczN4aFk2dU56OFU0SXpLaTZESlAtdjJBQXdDVUxsZ1IxTzNPQ3dPUThNR1JnMjQ0WW40MjBDTHBRaUdSdVhBUzFwS3ZTdWxTc3VNZkx1cHZsMmNFQW5Wc0JfRXFqZGlLTmxsaFZIb0lhTUY5cG43UVFSVzJVZVZrVS0wMUY1R3J1Z1lleHpVNld5WGNiNW5Ga1U0eV9wTWpwaldsRldnTmdQTjNLSUtGTHNocXIwSUdvNHNHc19sMnJt?oc=5\" target=\"_blank\" rel=\"nofollow noopener\">Pewna wygrana i wszystko jasne. Kolejna dru\u017cyna z awansem do Ekstraklasy, oficjalnie<\/a>&nbsp;&nbsp;Interia Sport<\/li>\n<li><a href=\"https:\/\/news.google.com\/rss\/articles\/CBMibEFVX3lxTE11NE41dHFtSktsTjdVMkZ4ZTFfd0xzZE0xY2EtampCcXBxcGc3blRsMWpsOGJka0FoMDRRTHpsM2ItTnI0WEJVNXZCRnpjNUdVbmdEQXYzZ0lpTTliLXFLel9naHNGTzl1Rk1VaQ?oc=5\" target=\"_blank\" rel=\"nofollow noopener\">Sk\u0142ad na #BYT\u015aL\u0104<\/a>&nbsp;&nbsp;WKS \u015al\u0105sk Wroc\u0142aw<\/li>\n<li><a href=\"https:\/\/news.google.com\/rss\/articles\/CBMipgFBVV95cUxOaE1vcDB3UXNVd09XVXowbjA1ZjZMeE9jbEs4YTZocHhlcUF6RmtTamFjdDFObGlZUUNmeUNkZTlYVDBBdGo2M0ZGWS1NQVZoMGo5NThtZDNubHNyY01tdUc3RDdIYjJnRFNkbm5KX3FvMGZLZjZRaUs1TzRET08zSjVmS0k3ODdLd0FHWGZuOHV3N19zYm9MenhEcGRKaW5mVDIxZnV3?oc=5\" target=\"_blank\" rel=\"nofollow noopener\">Znamy drugiego beniaminka ekstraklasy<\/a>&nbsp;&nbsp;SportoweFakty<\/li>\n<\/ol>\n","protected":false},"excerpt":{"rendered":"\u015al\u0105sk Wroc\u0142aw wraca po roku do PKO BP Ekstraklasy!&nbsp;&nbsp;sport.tvp.pl Znamy drugiego beniaminka Ekstraklasy! Wielki powr\u00f3t sta\u0142 si\u0119 faktem&nbsp;&nbsp;Przegl\u0105d&hellip;\n","protected":false},"author":2,"featured_media":435973,"comment_status":"","ping_status":"","sticky":false,"template":"","format":"standard","meta":{"footnotes":"","_share_on_mastodon":"0"},"categories":[24],"tags":[19923,274,269,42,38,40,7174,39,41,697,127,334,126],"class_list":["post-435972","post","type-post","status-publish","format-standard","has-post-thumbnail","category-sport","tag-1-liga","tag-ekstraklasa","tag-pilka-nozna","tag-pl","tag-poland","tag-polish","tag-polonia-bytom","tag-polska","tag-polski","tag-slask-wroclaw","tag-sport","tag-sport-tvp-pl","tag-sports"],"share_on_mastodon":{"url":"https:\/\/pubeurope.com\/@pl\/116592716447287179","error":""},"_links":{"self":[{"href":"https:\/\/www.europesays.com\/pl\/wp-json\/wp\/v2\/posts\/435972","targetHints":{"allow":["GET"]}}],"collection":[{"href":"https:\/\/www.europesays.com\/pl\/wp-json\/wp\/v2\/posts"}],"about":[{"href":"https:\/\/www.europesays.com\/pl\/wp-json\/wp\/v2\/types\/post"}],"author":[{"embeddable":true,"href":"https:\/\/www.europesays.com\/pl\/wp-json\/wp\/v2\/users\/2"}],"replies":[{"embeddable":true,"href":"https:\/\/www.europesays.com\/pl\/wp-json\/wp\/v2\/comments?post=435972"}],"version-history":[{"count":0,"href":"https:\/\/www.europesays.com\/pl\/wp-json\/wp\/v2\/posts\/435972\/revisions"}],"wp:featuredmedia":[{"embeddable":true,"href":"https:\/\/www.europesays.com\/pl\/wp-json\/wp\/v2\/media\/435973"}],"wp:attachment":[{"href":"https:\/\/www.europesays.com\/pl\/wp-json\/wp\/v2\/media?parent=435972"}],"wp:term":[{"taxonomy":"category","embeddable":true,"href":"https:\/\/www.europesays.com\/pl\/wp-json\/wp\/v2\/categories?post=435972"},{"taxonomy":"post_tag","embeddable":true,"href":"https:\/\/www.europesays.com\/pl\/wp-json\/wp\/v2\/tags?post=435972"}],"curies":[{"name":"wp","href":"https:\/\/api.w.org\/{rel}","templated":true}]}}