{"id":436067,"date":"2026-05-18T01:50:07","date_gmt":"2026-05-18T01:50:07","guid":{"rendered":"https:\/\/www.europesays.com\/pl\/436067\/"},"modified":"2026-05-18T01:50:07","modified_gmt":"2026-05-18T01:50:07","slug":"decathlon-zrzucil-petarde-garmin-za-2699-zl-i-trzy-lata-gwarancji","status":"publish","type":"post","link":"https:\/\/www.europesays.com\/pl\/436067\/","title":{"rendered":"Decathlon zrzuci\u0142 petard\u0119. Garmin za 2699 z\u0142 i trzy lata gwarancji"},"content":{"rendered":"<p>Model 970 pojawi\u0142 si\u0119 w naprawd\u0119 du\u017cej przecenie. 2699 z\u0142, gdzie normalnie trzeba by\u0142o p\u0142aci\u0107 2999 z\u0142.<\/p>\n<p>To teraz sporo os\u00f3b b\u0119dzie mia\u0142o zagwozdk\u0119. Kupowa\u0107 przyk\u0142adowo Venu 4, czy mo\u017ce jednak Forerunnera 970. Zegarki podobne, ale r\u00f3\u017cni\u0105 si\u0119 mi\u0119dzy innymi przeznaczenie. W 970 niezwykle mocno chwal\u0119 sobie pi\u0119\u0107 fizycznych przycisk\u00f3w, kt\u00f3re sprawiaj\u0105, \u017ce nie u\u017cywam praktycznie dotyku. Wszyscy, kt\u00f3rzy rzeczywi\u015bcie startuj\u0105 w zawodach doskonale rozumiej\u0105, dlaczego bawienie si\u0119 z dotykowym ekranem gdzie\u015b w \u015brodku startu nie jest zbyt dobrym rozwi\u0105zaniem.<\/p>\n<p>I z tego typu powodu pewnie bra\u0142bym znowu 970. Oba maj\u0105 latark\u0119, kt\u00f3ra dzia\u0142a cuda podczas biegania. Venu ma nieco inny interfejs, jakby starszy. 970 ma natomiast troch\u0119 dziwnych b\u0142\u0119d\u00f3w. Niby s\u0105 na bie\u017c\u0105co \u0142atane, ale niekiedy co\u015b losowo przestaje dzia\u0142a\u0107 i trzeba czeka\u0107 na \u201e\u0142atk\u0119\u201d.<\/p>\n<p><a href=\"https:\/\/boop.pl\/img\/#https:\/\/img.boop.pl\/uploads\/2026\/05\/121217678222-decathlon-zrzucil-petarde-garmin-za.jpg?class=full\" data-no-instant=\"\" rel=\"noopener nofollow\" target=\"_blank\"><img decoding=\"async\" loading=\"lazy\" class=\"aligncenter size-full img-425076\"   alt=\"\" width=\"1503\" height=\"817\"\/><\/a><\/p>\n<p>W ci\u0105gu ostatnich 24 godzin dobre 40 os\u00f3b doda\u0142o ten zegarek do koszyka i kompletnie si\u0119 temu nie dziwi\u0119. Youtube jest pe\u0142en recenzji, lepszych, gorszych, ale wi\u0119kszo\u015b\u0107 pochodzi od os\u00f3b, kt\u00f3re niekoniecznie maj\u0105 co\u015b wsp\u00f3lnego ze sportem.<\/p>\n<p>Nikt tam nie powie, \u017ce taki Forerunner 970 jest git w momencie, jak musicie si\u0142owa\u0107 si\u0119 z piank\u0105. Jego \u201ezwarto\u015b\u0107\u201d obok przycisk\u00f3w i naprawd\u0119 mocnej latarki to zdecydowanie najwi\u0119ksze plusy, przynajmniej z mojej perspektywy.<\/p>\n<p><a href=\"https:\/\/boop.pl\/img\/#https:\/\/img.boop.pl\/uploads\/2026\/05\/441217430296-decathlon-zrzucil-petarde-garmin-za.jpg?class=full\" data-no-instant=\"\" rel=\"noopener nofollow\" target=\"_blank\"><img decoding=\"async\" loading=\"lazy\" class=\"aligncenter size-full img-425077\"   alt=\"\" width=\"375\" height=\"370\"\/><\/a><\/p>\n<p>Do tego te trzy lata gwarancji. Je\u017celi nie robicie niczego naprawd\u0119 ekstermalnego, to nic z tym zegarkiem si\u0119 nie stanie, ale to bardzo mi\u0142y dodatek.<\/p>\n","protected":false},"excerpt":{"rendered":"Model 970 pojawi\u0142 si\u0119 w naprawd\u0119 du\u017cej przecenie. 2699 z\u0142, gdzie normalnie trzeba by\u0142o p\u0142aci\u0107 2999 z\u0142. To&hellip;\n","protected":false},"author":2,"featured_media":436068,"comment_status":"","ping_status":"","sticky":false,"template":"","format":"standard","meta":{"footnotes":"","_share_on_mastodon":"0"},"categories":[20],"tags":[38633,3103,120,118,119,42,38,40,39,41,862,116,114,115,121,117],"class_list":["post-436067","post","type-post","status-publish","format-standard","has-post-thumbnail","category-nauka-i-technika","tag-decathlon","tag-dla-ciebie","tag-nauka","tag-nauka-i-technika","tag-naukatechnika","tag-pl","tag-poland","tag-polish","tag-polska","tag-polski","tag-promocje","tag-science","tag-science-and-technology","tag-sciencetechnology","tag-technika","tag-technology"],"share_on_mastodon":{"url":"https:\/\/pubeurope.com\/@pl\/116593074109660997","error":""},"_links":{"self":[{"href":"https:\/\/www.europesays.com\/pl\/wp-json\/wp\/v2\/posts\/436067","targetHints":{"allow":["GET"]}}],"collection":[{"href":"https:\/\/www.europesays.com\/pl\/wp-json\/wp\/v2\/posts"}],"about":[{"href":"https:\/\/www.europesays.com\/pl\/wp-json\/wp\/v2\/types\/post"}],"author":[{"embeddable":true,"href":"https:\/\/www.europesays.com\/pl\/wp-json\/wp\/v2\/users\/2"}],"replies":[{"embeddable":true,"href":"https:\/\/www.europesays.com\/pl\/wp-json\/wp\/v2\/comments?post=436067"}],"version-history":[{"count":0,"href":"https:\/\/www.europesays.com\/pl\/wp-json\/wp\/v2\/posts\/436067\/revisions"}],"wp:featuredmedia":[{"embeddable":true,"href":"https:\/\/www.europesays.com\/pl\/wp-json\/wp\/v2\/media\/436068"}],"wp:attachment":[{"href":"https:\/\/www.europesays.com\/pl\/wp-json\/wp\/v2\/media?parent=436067"}],"wp:term":[{"taxonomy":"category","embeddable":true,"href":"https:\/\/www.europesays.com\/pl\/wp-json\/wp\/v2\/categories?post=436067"},{"taxonomy":"post_tag","embeddable":true,"href":"https:\/\/www.europesays.com\/pl\/wp-json\/wp\/v2\/tags?post=436067"}],"curies":[{"name":"wp","href":"https:\/\/api.w.org\/{rel}","templated":true}]}}