{"id":436091,"date":"2026-05-18T02:15:40","date_gmt":"2026-05-18T02:15:40","guid":{"rendered":"https:\/\/www.europesays.com\/pl\/436091\/"},"modified":"2026-05-18T02:15:40","modified_gmt":"2026-05-18T02:15:40","slug":"eurowizja-2026-jak-glosowali-polscy-widzowie-oto-ich-faworyt","status":"publish","type":"post","link":"https:\/\/www.europesays.com\/pl\/436091\/","title":{"rendered":"Eurowizja 2026. Jak g\u0142osowali polscy widzowie? Oto ich faworyt"},"content":{"rendered":"<p>Drug\u0105 najwy\u017csz\u0105 not\u0119 \u2014 10 pkt \u2014 od polskiej publiczno\u015bci otrzyma\u0142a Rumunia. Kolejne miejsca zaj\u0119\u0142y: Mo\u0142dawia (8 pkt), Bu\u0142garia (7 pkt), Finlandia (6 pkt), Australia (5 pkt), Czechy (4 pkt), Dania (3 pkt), Izrael (2 pkt) oraz Serbia, kt\u00f3ra otrzyma\u0142a 1 pkt.<\/p>\n<p> Dalszy ci\u0105g artyku\u0142u pod materia\u0142em wideo Eurowizja 2026. Jak g\u0142osowali polscy widzowie?Nieco inaczej roz\u0142o\u017cy\u0142y si\u0119 natomiast <a href=\"https:\/\/plejada.pl\/newsy\/polska-docenila-izrael-na-eurowizji-viki-gabor-w-skladzie-polskiego-jury\/wkmxlgj\" id=\"e37b6ae3-91d3-4d43-a1f9-6fb3049a3046\" rel=\"nofollow noopener\" target=\"_blank\">g\u0142osy polskiego jury, w kt\u00f3rym w tym roku zasiedli<\/a>: Eliza Orzechowska, Filip Koncewicz, Viki Gabor, Sta\u015b Kukulski, Wiktoria Kida, Jasiek Piwowarczyk oraz Maurycy \u017b\u00f3\u0142ta\u0144ski. 12 punkt\u00f3w trafi\u0142o do Izraela, <a href=\"https:\/\/plejada.pl\/newsy\/tak-polskie-jury-zaglosowalo-w-eurowizji-punkty-dla-izraela\/mbce6qn\" id=\"dbcaa94e-6083-4c28-8e38-c781d92dac8d\" rel=\"nofollow noopener\" target=\"_blank\">co szybko wywo\u0142a\u0142o gor\u0105c\u0105 dyskusj\u0119 w sieci<\/a>.     <\/p>\n<p>Cz\u0119\u015b\u0107 widz\u00f3w nawi\u0105zywa\u0142a do politycznych kontrowersji i wcze\u015bniejszych protest\u00f3w wok\u00f3\u0142 udzia\u0142u kraju w konkursie. Co ciekawe, by\u0142a to jedyna maksymalna nota od jury, jak\u0105 izraelska reprezentacja otrzyma\u0142a w tegorocznym finale.<\/p>\n<p>10 punkt\u00f3w jurorzy z Polski przyznali Bu\u0142garii, 8 pkt trafi\u0142o do Grecji, a 7 pkt do Australii. W dalszej kolejno\u015bci znalaz\u0142y si\u0119 Belgia, Rumunia, Czechy, Norwegia, W\u0142ochy oraz Ukraina.<\/p>\n<p>Przypomnijmy, \u017ce reprezentuj\u0105ca Polsk\u0119 Alicja Szempli\u0144ska z utworem &#8222;Pray&#8221; zaj\u0119\u0142a ostatecznie 12. miejsce. W g\u0142osowaniu jury uplasowa\u0142a si\u0119 na 7. pozycji, natomiast w\u015br\u00f3d publiczno\u015bci by\u0142a 16.<\/p>\n<p> Dzi\u0119kujemy, \u017ce przeczyta\u0142a\u015b\/e\u015b nasz artyku\u0142 do ko\u0144ca. W serwisie Plejada.pl ka\u017cdego dnia piszemy o najwa\u017cniejszych wydarzeniach show-biznesowych. B\u0105d\u017a na bie\u017c\u0105co!<a rel=\"nofollow noopener\" href=\"https:\/\/profile.google.com\/cp\/Cg0vZy8xMWJ6X19wdHBx\" id=\"b2d25a98-6f46-43b3-929a-dea7782b1b3a\" target=\"_blank\"> Obserwuj<\/a> Plejad\u0119 w Google. Odwied\u017a nas tak\u017ce na<a rel=\"nofollow noopener\" href=\"https:\/\/www.facebook.com\/plejadapl\" id=\"c00e419b-e4a7-4081-a585-35372b00ce2e\" target=\"_blank\"> Facebooku<\/a>,<a rel=\"nofollow noopener\" href=\"https:\/\/www.instagram.com\/plejadapl\/\" id=\"9cb50551-8599-406a-8786-72bac3dfe6f4\" target=\"_blank\"> Instagramie<\/a>,<a rel=\"nofollow noopener\" href=\"https:\/\/www.youtube.com\/c\/plejada\" id=\"953a0aa1-49e0-42bb-b842-8c6b76483178\" target=\"_blank\"> YouTubie<\/a> oraz<a rel=\"nofollow noopener\" href=\"https:\/\/www.tiktok.com\/@plejada_pl\" id=\"88cc2a3a-7803-4459-8fa4-42f07b6648be\" target=\"_blank\"> TikToku<\/a>.Chcesz podzieli\u0107 si\u0119 ciekawym newsem lub zaproponowa\u0107 temat? Skontaktuj si\u0119 z nami, pisz\u0105c maila na adres: <a rel=\"nofollow noopener\" href=\"https:\/\/plejada.pl\/newsy\/eurowizja-2026-jak-glosowali-polscy-widzowie-oto-ich-faworyt\/mailto:plejada@redakcjaonet.pl\" id=\"94a2f321-fb9f-4939-9607-be43fd67490b\" target=\"_blank\">plejada@redakcjaonet.pl<\/a>.<script async src=\"\/\/www.instagram.com\/embed.js\"><\/script><script async src=\"\/\/www.tiktok.com\/embed.js\"><\/script><\/p>\n","protected":false},"excerpt":{"rendered":"Drug\u0105 najwy\u017csz\u0105 not\u0119 \u2014 10 pkt \u2014 od polskiej publiczno\u015bci otrzyma\u0142a Rumunia. Kolejne miejsca zaj\u0119\u0142y: Mo\u0142dawia (8 pkt),&hellip;\n","protected":false},"author":2,"featured_media":436092,"comment_status":"","ping_status":"","sticky":false,"template":"","format":"standard","meta":{"footnotes":"","_share_on_mastodon":"0"},"categories":[12],"tags":[61195,552,48,125,46,42,38,40,39,41,47],"class_list":["post-436091","post","type-post","status-publish","format-standard","has-post-thumbnail","category-polska","tag-bottomfeed_styl","tag-eurowizja","tag-nat_styl","tag-newsy","tag-omp","tag-pl","tag-poland","tag-polish","tag-polska","tag-polski","tag-screening_general"],"share_on_mastodon":{"url":"https:\/\/pubeurope.com\/@pl\/116593172271136037","error":""},"_links":{"self":[{"href":"https:\/\/www.europesays.com\/pl\/wp-json\/wp\/v2\/posts\/436091","targetHints":{"allow":["GET"]}}],"collection":[{"href":"https:\/\/www.europesays.com\/pl\/wp-json\/wp\/v2\/posts"}],"about":[{"href":"https:\/\/www.europesays.com\/pl\/wp-json\/wp\/v2\/types\/post"}],"author":[{"embeddable":true,"href":"https:\/\/www.europesays.com\/pl\/wp-json\/wp\/v2\/users\/2"}],"replies":[{"embeddable":true,"href":"https:\/\/www.europesays.com\/pl\/wp-json\/wp\/v2\/comments?post=436091"}],"version-history":[{"count":0,"href":"https:\/\/www.europesays.com\/pl\/wp-json\/wp\/v2\/posts\/436091\/revisions"}],"wp:featuredmedia":[{"embeddable":true,"href":"https:\/\/www.europesays.com\/pl\/wp-json\/wp\/v2\/media\/436092"}],"wp:attachment":[{"href":"https:\/\/www.europesays.com\/pl\/wp-json\/wp\/v2\/media?parent=436091"}],"wp:term":[{"taxonomy":"category","embeddable":true,"href":"https:\/\/www.europesays.com\/pl\/wp-json\/wp\/v2\/categories?post=436091"},{"taxonomy":"post_tag","embeddable":true,"href":"https:\/\/www.europesays.com\/pl\/wp-json\/wp\/v2\/tags?post=436091"}],"curies":[{"name":"wp","href":"https:\/\/api.w.org\/{rel}","templated":true}]}}