{"id":436289,"date":"2026-05-18T05:17:10","date_gmt":"2026-05-18T05:17:10","guid":{"rendered":"https:\/\/www.europesays.com\/pl\/436289\/"},"modified":"2026-05-18T05:17:10","modified_gmt":"2026-05-18T05:17:10","slug":"iphone-17-pro-max-jutro-hitowa-promocja","status":"publish","type":"post","link":"https:\/\/www.europesays.com\/pl\/436289\/","title":{"rendered":"iPhone 17 Pro Max &#8211; jutro hitowa promocja!"},"content":{"rendered":"<p>Jutro na Allegro kolejne rewelacyjne promocje na sprz\u0119t Apple w ramach <a href=\"https:\/\/clk.tradedoubler.com\/click?p=288386&amp;a=3021109&amp;url=https%3A%2F%2Fallegro.pl%2Fstrefaokazji%2Fsmart-weeks\" rel=\"nofollow noopener\" target=\"_blank\">Allegro Smart Weeks<\/a> \u2013 w najni\u017cszej cenie od premiery b\u0119dzie mo\u017cna kupi\u0107 MacBooka Air z M4, a hitem b\u0119dzie iPhone 17 Pro Max <a href=\"https:\/\/clk.tradedoubler.com\/click?p=288386&amp;a=3021109&amp;url=https%3A%2F%2Fallegro.pl%2Fprodukt%2Fsmartfon-apple-iphone-17-pro-max-12-gb-512-gb-5g-esim-niebieski-4fe78ff6-e564-49b0-8ba0-2e3bd29ed44c%3FofferId%3D18361075921%26dd_referrer%3Dhttps%253A%252F%252Fallegro.pl%252Fstrefaokazji%252Fsmart-weeks\" rel=\"nofollow noopener\" target=\"_blank\">przeceniony a\u017c o 1100 z\u0142<\/a>.<\/p>\n<p>Allegro \u2013 promocja na iPhone 17 Pro Max<\/p>\n<p>Jutro (18.05) o 10:00 ruszy promocja na iPhone\u2019a 17 Pro Max, 512 GB, w kolorze g\u0142\u0119biowego b\u0142\u0119kitu, kt\u00f3rego b\u0119dzie mo\u017cna kupi\u0107 za 6199 z\u0142.<\/p>\n<p>To mniej ni\u017c cena modelu 256 GB (6299 z\u0142) i obni\u017cka a\u017c o 1100 z\u0142 w stosunku do oficjalnej polskiej ceny modelu 512 GB (7299 z\u0142).<\/p>\n<p>Promocja b\u0119dzie dost\u0119pna <a href=\"https:\/\/clk.tradedoubler.com\/click?p=288386&amp;a=3021109&amp;url=https%3A%2F%2Fallegro.pl%2Fprodukt%2Fsmartfon-apple-iphone-17-pro-max-12-gb-512-gb-5g-esim-niebieski-4fe78ff6-e564-49b0-8ba0-2e3bd29ed44c%3FofferId%3D18361075921%26dd_referrer%3Dhttps%253A%252F%252Fallegro.pl%252Fstrefaokazji%252Fsmart-weeks\" rel=\"nofollow noopener\" target=\"_blank\">tutaj<\/a>. Dodajcie j\u0105 do Ulubionych w aplikacji Allegro, \u017ceby jutro dosta\u0107 powiadomienie tu\u017c przed startem oferty.<\/p>\n<p>Sprzedaje Oficjalny Sklep Allegro.<\/p>\n<p><a href=\"https:\/\/clk.tradedoubler.com\/click?p=288386&amp;a=3021109&amp;url=https%3A%2F%2Fallegro.pl%2Fprodukt%2Fsmartfon-apple-iphone-17-pro-max-12-gb-512-gb-5g-esim-niebieski-4fe78ff6-e564-49b0-8ba0-2e3bd29ed44c%3FofferId%3D18361075921%26dd_referrer%3Dhttps%253A%252F%252Fallegro.pl%252Fstrefaokazji%252Fsmart-weeks\" rel=\"nofollow noopener\" target=\"_blank\"><img loading=\"lazy\" decoding=\"async\" class=\"aligncenter size-full wp-image-115540\" src=\"https:\/\/www.europesays.com\/pl\/wp-content\/uploads\/2026\/05\/17-pro-max-6199.jpg\" alt=\"\" width=\"2164\" height=\"1356\"   \/><\/a><\/p>\n<p>Allegro \u2013 promocja na MacBook Air M4<\/p>\n<p>R\u00f3wnie\u017c o 10:00 rusza promocja na MacBooka Air z chipem M4. Podstawowy model z 16 GB RAM i 256 GB SSD b\u0119dzie mo\u017cna kupi\u0107 w rewelacyjnej cenie, najni\u017cszej od premiery \u2013 za\u00a0jedyne 3659 z\u0142.<\/p>\n<p>W tej cenie b\u0119d\u0105 dost\u0119pne modele we wszystkich czterech kolorach:<\/p>\n<p>Sprzedaje Oficjalny Sklep Allegro.<\/p>\n<p>W \u015bwietnej promocji jest te\u017c MacBook Neo <a href=\"https:\/\/clk.tradedoubler.com\/click?p=288386&amp;a=3021109&amp;url=https%3A%2F%2Fallegro.pl%2Foferta%2Flaptop-13-3-apple-macbook-neo-a18-pro-8gb-256-mac-os-subtelny-roz-18402356488%3Fcontext%3D55638d178d856653a11c388854abf2f7132ad504c1f0501fdb1bcdf66858ac0acb69d478e30a4bf9c111b086343f02e030ef27094635ab786420a02c4b2492d44f6f6518316d5f4ceb6a90198e46e87629cd5b376e028a793d9926ac79e48f9ca09fa9da04f6d5038a244b1dd1c26e56837c7e4b3766f290366194cd5753310e4d5cb3689b351e3a2a59dcc7625eb352%26sellerHasChanged%3Dfalse%26fromVariant%3D18520432983\" rel=\"nofollow noopener\" target=\"_blank\">przeceniony a\u017c o 550 z\u0142<\/a> (sprzedaje x-kom).<\/p>\n<p><a href=\"https:\/\/clk.tradedoubler.com\/click?p=288386&amp;a=3021109&amp;url=https%3A%2F%2Fallegro.pl%2Fstrefaokazji%2Fsmart-weeks\" rel=\"nofollow noopener\" target=\"_blank\">Wi\u0119cej promocji Allegro Smart Weeks<\/a><br \/>\n<a href=\"https:\/\/lantre.pl\/wiosenne-okazje-apple?utm_source=thinkapple&amp;utm_medium=banner&amp;utm_campaign=ID0282202605\" target=\"_blank\" rel=\"nofollow noopener\"><\/p>\n<p>Promocje na APPLE i raty 0%!<\/p>\n<p><\/a><a class=\"size-desktop\" href=\"https:\/\/lantre.pl\/wiosenne-okazje-apple?utm_source=thinkapple&amp;utm_medium=banner&amp;utm_campaign=ID0282202605\" target=\"_blank\" rel=\"nofollow noopener\"><img decoding=\"async\" src=\"https:\/\/www.europesays.com\/pl\/wp-content\/uploads\/2026\/05\/1778722692_513_800x400-thinkapple-Lantre-Maj-01-05-2026-RATY-20x0.jpg\" \/><\/a><\/p>\n<p>***<\/p>\n<p>Wpis zawiera linki afiliacyjne.\u00a0<\/p>\n<p>iPhone 17 Pro Max w rekordowo niskiej cenie [Allegro Smart Weeks] was last modified:  maj 17th, 2026 by Redakcja<\/p>\n","protected":false},"excerpt":{"rendered":"Jutro na Allegro kolejne rewelacyjne promocje na sprz\u0119t Apple w ramach Allegro Smart Weeks \u2013 w najni\u017cszej cenie&hellip;\n","protected":false},"author":2,"featured_media":436290,"comment_status":"","ping_status":"","sticky":false,"template":"","format":"standard","meta":{"footnotes":"","_share_on_mastodon":"0"},"categories":[20],"tags":[5152,82327,82328,82329,79631,3668,8831,82330,40249,22094,49332,82331,82332,82333,82334,49333,120,118,119,42,38,40,39,41,116,114,115,121,117],"class_list":["post-436289","post","type-post","status-publish","format-standard","has-post-thumbnail","category-nauka-i-technika","tag-allegro","tag-allegro-iphone-17-pro-max","tag-allegro-macbook-air-m4","tag-allegro-promocja-apple","tag-allegro-smart-weeks","tag-iphone-17-pro-max","tag-iphone-17-pro-max-512-gb","tag-iphone-17-pro-max-allegro","tag-iphone-17-pro-max-cena","tag-iphone-17-pro-max-promocja","tag-macbook-air-m4","tag-macbook-air-m4-16-256","tag-macbook-air-m4-16-gb-ram","tag-macbook-air-m4-allegro","tag-macbook-air-m4-cena","tag-macbook-air-m4-promocja","tag-nauka","tag-nauka-i-technika","tag-naukatechnika","tag-pl","tag-poland","tag-polish","tag-polska","tag-polski","tag-science","tag-science-and-technology","tag-sciencetechnology","tag-technika","tag-technology"],"share_on_mastodon":{"url":"","error":"Validation failed: Text character limit of 500 exceeded"},"_links":{"self":[{"href":"https:\/\/www.europesays.com\/pl\/wp-json\/wp\/v2\/posts\/436289","targetHints":{"allow":["GET"]}}],"collection":[{"href":"https:\/\/www.europesays.com\/pl\/wp-json\/wp\/v2\/posts"}],"about":[{"href":"https:\/\/www.europesays.com\/pl\/wp-json\/wp\/v2\/types\/post"}],"author":[{"embeddable":true,"href":"https:\/\/www.europesays.com\/pl\/wp-json\/wp\/v2\/users\/2"}],"replies":[{"embeddable":true,"href":"https:\/\/www.europesays.com\/pl\/wp-json\/wp\/v2\/comments?post=436289"}],"version-history":[{"count":0,"href":"https:\/\/www.europesays.com\/pl\/wp-json\/wp\/v2\/posts\/436289\/revisions"}],"wp:featuredmedia":[{"embeddable":true,"href":"https:\/\/www.europesays.com\/pl\/wp-json\/wp\/v2\/media\/436290"}],"wp:attachment":[{"href":"https:\/\/www.europesays.com\/pl\/wp-json\/wp\/v2\/media?parent=436289"}],"wp:term":[{"taxonomy":"category","embeddable":true,"href":"https:\/\/www.europesays.com\/pl\/wp-json\/wp\/v2\/categories?post=436289"},{"taxonomy":"post_tag","embeddable":true,"href":"https:\/\/www.europesays.com\/pl\/wp-json\/wp\/v2\/tags?post=436289"}],"curies":[{"name":"wp","href":"https:\/\/api.w.org\/{rel}","templated":true}]}}