{"id":436719,"date":"2026-05-18T09:58:10","date_gmt":"2026-05-18T09:58:10","guid":{"rendered":"https:\/\/www.europesays.com\/pl\/436719\/"},"modified":"2026-05-18T09:58:10","modified_gmt":"2026-05-18T09:58:10","slug":"pokazal-wpadki-podczas-wystepu-alicji-szemplinskiej-zepsulo-to-nasza-prace","status":"publish","type":"post","link":"https:\/\/www.europesays.com\/pl\/436719\/","title":{"rendered":"Pokaza\u0142 wpadki podczas wyst\u0119pu Alicji Szempli\u0144skiej. &#8222;Zepsu\u0142o to nasz\u0105 prac\u0119&#8221;"},"content":{"rendered":"<p>Nie milkn\u0105 echa ostatniej edycji Eurowizji, kt\u00f3ra tym razem odby\u0142a si\u0119 w Wiedniu. O wielk\u0105 wygran\u0105 rywalizowa\u0142a <a href=\"https:\/\/plejada.pl\/temat\/alicja-szemplinska-wokalistka\/bxhwkp2\" id=\"f75bf20d-456c-4b7d-9c18-0e478756acb9\" rel=\"nofollow noopener\" target=\"_blank\">Alicja Szempli\u0144ska<\/a>, kt\u00f3ra zaprezentowa\u0142a \u015bwiatu widowiskowy show do utworu &#8222;Pray&#8221;, w czym towarzyszyli jej utalentowani tancerze. Dodatkowo artystka zwraca\u0142a uwag\u0119 oryginaln\u0105 stylizacj\u0105, kt\u00f3rej g\u0142\u00f3wnym elementem by\u0142a srebrna zbroja. Dalszy ci\u0105g artyku\u0142u pod materia\u0142em wideo Pokaza\u0142 wpadki podczas wyst\u0119pu Alicji Szempli\u0144skiej. &#8222;Zepsu\u0142o to nasz\u0105 prac\u0119&#8221;<\/p>\n<p>Po powrocie z Wiednia zar\u00f3wno artystka, jak i osoby z jej ekipy zabrali g\u0142os w mediach spo\u0142eczno\u015bciowych. Multi-camera director Jacek Dybowski opublikowa\u0142 seri\u0119 zdj\u0119\u0107, pokazuj\u0105c b\u0142\u0119dy, kt\u00f3re by\u0142y po stronie organizator\u00f3w.<\/p>\n<blockquote class=\"ods-o-quote\">\n<p class=\"ods-o-quote__paragraph\">Niestety, na tych czterech zdj\u0119ciach wida\u0107, jak zepsuto nasz\u0105 prac\u0119&#8230; Nie zdarzy\u0142o si\u0119 to na \u017cadnej z wcze\u015bniejszych pr\u00f3b w takiej liczbie&#8230;<\/p>\n<\/blockquote>\n<p>\u2014 czytamy w opisie. Pod postem pojawi\u0142a si\u0119 fala komentarzy.<\/p>\n<blockquote class=\"ods-o-quote\">\n<p class=\"ods-o-quote__paragraph\">Nie by\u0142o tego wida\u0107! By\u0142o \u015bwietnie<\/p>\n<\/blockquote>\n<p>\u2014 napisa\u0142 Ralph Kaminski. &#8222;Nie zauwa\u017cy\u0142em! By\u0142 sztos!&#8221; \u2014 doda\u0142 Jacek Jeschke. &#8222;Szczerze, nie zauwa\u017cy\u0142em. Dla mnie to by\u0142o perfekcyjne. Praca kamer, g\u0142os, utw\u00f3r. Ca\u0142o\u015b\u0107 wygl\u0105da\u0142a po prostu \u015bwiatowo&#8221;, &#8222;Nie ma co si\u0119 martwi\u0107, nie by\u0142o tego wida\u0107. Dzi\u0119kujemy za wspania\u0142\u0105 prac\u0119!&#8221;, &#8222;By\u0142o \u015bwietnie, nawet je\u015bli zdarzy\u0142y si\u0119 wpadki&#8221; \u2014 czytamy w pozosta\u0142ych komentarzach.<\/p>\n<p>      <img decoding=\"async\" src=\"https:\/\/www.europesays.com\/pl\/wp-content\/uploads\/2026\/05\/-cdk9lBaHR0cHM6Ly9vY2RuLmV1L3B1bHNjbXMvTURBXy9mMThlNWY0ZWM0ZjBiZjVkOWEyMGY3YTkxNWQ1OWJmYy5qcGeRlQLNB.jpeg\" height=\"309\" width=\"540\" alt=\"Jacek Dybowski na Instagramie\" loading=\"lazy\" class=\"ods-c-image__img ods-c-image__img--viewport-width\"\/> <\/p>\n<p>Jacek Dybowski na Instagramieinstagram<\/p>\n<p>  <img decoding=\"async\" src=\"https:\/\/www.europesays.com\/pl\/wp-content\/uploads\/2026\/05\/uhFk9lBaHR0cHM6Ly9vY2RuLmV1L3B1bHNjbXMvTURBXy8wOTAwZmM4Mzk3NDZlZjI0ZDY1MDY1ZTk3ZTQ2YTNlYi5qcGeRlQLNB.jpeg\" height=\"309\" width=\"540\" alt=\"Jacek Dybowski na Instagramie\" loading=\"lazy\" class=\"ods-c-image__img ods-c-image__img--viewport-width\"\/> <\/p>\n<p>Jacek Dybowski na Instagramieinstagram<\/p>\n<p>  <img decoding=\"async\" src=\"https:\/\/www.europesays.com\/pl\/wp-content\/uploads\/2026\/05\/2t2k9lGaHR0cHM6Ly9vY2RuLmV1L3B1bHNjbXMvTURBXy9iNWFlNzgwMy1kYmJmLTRiOTctOTgxMC0zMzNjMDAxOTZkNGUuanBlZ.jpeg\" height=\"627\" width=\"940\" alt=\"Alicja Szempli\u0144ska na Eurowizji\" loading=\"lazy\" class=\"ods-c-image__img ods-c-image__img--viewport-width\"\/> <\/p>\n<p>Alicja Szempli\u0144ska na EurowizjiPAP\/EPA\/HANNIBAL HANSCHKE<\/p>\n<p> Dzi\u0119kujemy, \u017ce przeczyta\u0142a\u015b\/e\u015b nasz artyku\u0142 do ko\u0144ca. W serwisie Plejada.pl ka\u017cdego dnia piszemy o najwa\u017cniejszych wydarzeniach show-biznesowych. B\u0105d\u017a na bie\u017c\u0105co! <a rel=\"nofollow noopener\" href=\"https:\/\/news.google.com\/publications\/CAAiEF0PeAlb7W1llpV_mwV2rL4qFAgKIhBdD3gJW-1tZZaVf5sFdqy-?hl=pl&amp;gl=PL&amp;ceid=PL%3Apl\" id=\"244109a1-bd73-4153-8135-d3c5901824fb\" target=\"_blank\">Obserwuj<\/a> Plejad\u0119 w Google. Odwied\u017a nas tak\u017ce na <a rel=\"nofollow noopener\" href=\"https:\/\/www.facebook.com\/plejadapl\" id=\"3dc414bc-9133-469d-90ce-52b9bcb830d2\" target=\"_blank\">Facebooku<\/a>, <a rel=\"nofollow noopener\" href=\"https:\/\/www.instagram.com\/plejadapl\/\" id=\"b417fe1a-b8de-48a4-bd5a-60739ba764cd\" target=\"_blank\">Instagramie<\/a>, <a rel=\"nofollow noopener\" href=\"https:\/\/www.youtube.com\/c\/plejada\" id=\"8ebc4dc0-c709-46f4-9c29-4958376f4341\" target=\"_blank\">YouTubie<\/a> oraz <a rel=\"nofollow noopener\" href=\"https:\/\/www.tiktok.com\/@plejada_pl\" id=\"3e87c684-9e4e-4a81-9df0-8223173e64e4\" target=\"_blank\">TikToku<\/a>.Chcesz podzieli\u0107 si\u0119 ciekawym newsem lub zaproponowa\u0107 temat? Skontaktuj si\u0119 z nami, pisz\u0105c maila na adres: <a rel=\"nofollow noopener\" href=\"https:\/\/plejada.pl\/newsy\/pokazal-wpadki-podczas-wystepu-alicji-szemplinskiej-zepsulo-to-nasza-prace\/mailto:plejada@redakcjaonet.pl\" id=\"215d3266-d47e-4a36-bf37-f30e0d13f316\" target=\"_blank\">plejada@redakcjaon<\/a><a rel=\"nofollow noopener\" href=\"https:\/\/et.pl\/\" id=\"ddc80454-7a79-4d7c-82ef-e19664a7eb31\" target=\"_blank\">et.pl<\/a>.<script async src=\"\/\/www.instagram.com\/embed.js\"><\/script><script async src=\"\/\/www.tiktok.com\/embed.js\"><\/script><\/p>\n","protected":false},"excerpt":{"rendered":"Nie milkn\u0105 echa ostatniej edycji Eurowizji, kt\u00f3ra tym razem odby\u0142a si\u0119 w Wiedniu. O wielk\u0105 wygran\u0105 rywalizowa\u0142a Alicja&hellip;\n","protected":false},"author":2,"featured_media":436720,"comment_status":"","ping_status":"","sticky":false,"template":"","format":"standard","meta":{"footnotes":"","_share_on_mastodon":"0"},"categories":[22],"tags":[22279,61195,122,552,48,125,46,42,38,40,39,41,123,47],"class_list":["post-436719","post","type-post","status-publish","format-standard","has-post-thumbnail","category-rozrywka","tag-alicja_szemplinska","tag-bottomfeed_styl","tag-entertainment","tag-eurowizja","tag-nat_styl","tag-newsy","tag-omp","tag-pl","tag-poland","tag-polish","tag-polska","tag-polski","tag-rozrywka","tag-screening_general"],"share_on_mastodon":{"url":"https:\/\/pubeurope.com\/@pl\/116594994010522178","error":""},"_links":{"self":[{"href":"https:\/\/www.europesays.com\/pl\/wp-json\/wp\/v2\/posts\/436719","targetHints":{"allow":["GET"]}}],"collection":[{"href":"https:\/\/www.europesays.com\/pl\/wp-json\/wp\/v2\/posts"}],"about":[{"href":"https:\/\/www.europesays.com\/pl\/wp-json\/wp\/v2\/types\/post"}],"author":[{"embeddable":true,"href":"https:\/\/www.europesays.com\/pl\/wp-json\/wp\/v2\/users\/2"}],"replies":[{"embeddable":true,"href":"https:\/\/www.europesays.com\/pl\/wp-json\/wp\/v2\/comments?post=436719"}],"version-history":[{"count":0,"href":"https:\/\/www.europesays.com\/pl\/wp-json\/wp\/v2\/posts\/436719\/revisions"}],"wp:featuredmedia":[{"embeddable":true,"href":"https:\/\/www.europesays.com\/pl\/wp-json\/wp\/v2\/media\/436720"}],"wp:attachment":[{"href":"https:\/\/www.europesays.com\/pl\/wp-json\/wp\/v2\/media?parent=436719"}],"wp:term":[{"taxonomy":"category","embeddable":true,"href":"https:\/\/www.europesays.com\/pl\/wp-json\/wp\/v2\/categories?post=436719"},{"taxonomy":"post_tag","embeddable":true,"href":"https:\/\/www.europesays.com\/pl\/wp-json\/wp\/v2\/tags?post=436719"}],"curies":[{"name":"wp","href":"https:\/\/api.w.org\/{rel}","templated":true}]}}