{"id":436749,"date":"2026-05-18T10:15:11","date_gmt":"2026-05-18T10:15:11","guid":{"rendered":"https:\/\/www.europesays.com\/pl\/436749\/"},"modified":"2026-05-18T10:15:11","modified_gmt":"2026-05-18T10:15:11","slug":"hotel-przy-dworcu-w-sopocie-znow-dziala","status":"publish","type":"post","link":"https:\/\/www.europesays.com\/pl\/436749\/","title":{"rendered":"Hotel przy dworcu w Sopocie zn\u00f3w dzia\u0142a"},"content":{"rendered":"<p>            <a href=\"https:\/\/s-trojmiasto.pl\/zdj\/c\/n\/9\/4324\/1584x0\/4324143-Jedno-z-nowych-zdjec-zamieszczonych-juz-przez-nowego-operatora-hotelu-w-mediach-spolecznosciowych.webp\" target=\"_blank\" data-slide-name=\"837626\" data-lightbox-target=\"photo full\" data-sub-html=\"&lt;h4&gt;Jedno z nowych zdj\u0119\u0107 zamieszczonych ju\u017c przez nowego operatora hotelu w mediach spo\u0142eczno\u015bciowych.&lt;\/h4&gt;&lt;p&gt;fot. Hotel Molo\/Facebook.com&lt;\/p&gt;&#010;\" class=\"photoMarker__link\" data-filter-brightness=\"brightness--100\" rel=\"nofollow noopener\"><\/p>\n<p>    <img decoding=\"async\" style=\"height:470px; aspect-ratio: 1.59517\/1; filter:brightness(1);\" alt=\"Jedno z nowych zdj\u0119\u0107 zamieszczonych ju\u017c przez nowego operatora hotelu w mediach spo\u0142eczno\u015bciowych.\" src=\"https:\/\/www.europesays.com\/pl\/wp-content\/uploads\/2026\/05\/4324143-Jedno-z-nowych-zdjec-zamieszczonych-juz-przez-nowego-operatora-hotelu-w-mediach.webp\" class=\"photoMarker__img \" data-slider=\"img\" fetchpriority=\"high\"\/><\/p>\n<p>            <\/a><\/p>\n<p class=\"lead\">Po kilku miesi\u0105cach przerwy czynny jest zn\u00f3w <a data-tklik=\"158539\" target=\"_self\" href=\"https:\/\/www.trojmiasto.pl\/Hotel-Molo-o102933.html\" rel=\"nofollow noopener\">Hotel Molo<\/a> przy dworcu w\u00a0Sopocie. Obiekt wr\u00f3ci\u0142 z\u00a0nowym operatorem. Wcze\u015bniej zamkni\u0119to go po og\u0142oszeniu upad\u0142o\u015bci przez sp\u00f3\u0142k\u0119 zarz\u0105dzaj\u0105c\u0105 Sopot Centrum, kt\u00f3rego by\u0142 cz\u0119\u015bci\u0105. W\u00a0marcu informowali\u015bmy o\u00a0tym, \u017ce <a data-tklik=\"727403\" target=\"_self\" href=\"https:\/\/www.trojmiasto.pl\/wiadomosci\/Kto-przejmie-hotel-w-centrum-Sopotu-n216724.html\" rel=\"nofollow noopener\">syndyk szuka nowego dzier\u017cawcy<\/a>.<\/p>\n<p>                                w prywatnych kwaterach<br \/>\n                                31%<\/p>\n<p>                                u znajomych lub bliskich<br \/>\n                                15%<\/p>\n<p>15 maja na nowo uruchomiono stron\u0119 Hotelu Molo w\u00a0mediach spo\u0142eczno\u015bciowych, a\u00a0&#8211; co potwierdzi\u0142 nam nowy mened\u017cer &#8211; obiekt przyjmuje ju\u017c te\u017c go\u015bci.<\/p>\n<p>Nowym operatorem hotelu zosta\u0142a Sp\u00f3\u0142ka Jawna &#8222;Admira\u0142&#8221; A. Stromski, kt\u00f3ra zarz\u0105dza ju\u017c w\u00a0Sopocie kilkoma mniejszymi obiektami noclegowymi. Szczeg\u00f3\u0142\u00f3w dotycz\u0105cych umowy nie podano, ale wiadomo, \u017ce cena wywo\u0142awcza miesi\u0119cznego czynszu, ustalona w\u00a0marcu przez syndyka, wynosi\u0142a 30 tys. z\u0142 netto.<\/p>\n<p>Hotel Molo to trzygwiazdkowy obiekt o\u00a0powierzchni u\u017cytkowej ponad 5,3 tys. m\u00a0kw. W\u00a0budynku znajduje si\u0119 70 pokoi, w\u00a0tym 68 pokoi standardowych i\u00a0dwa o\u00a0podwy\u017cszonym standardzie. W\u00a0obiekcie znajduj\u0105 si\u0119 r\u00f3wnie\u017c sale konferencyjne, jest tam tak\u017ce restauracja. Obiekt dysponuje 35 miejscami parkingowymi.<\/p>\n<p>Upad\u0142o\u015b\u0107 BGI, syndyk w\u00a0Sopot Centrum<\/p>\n<p>Warto tu nakre\u015bli\u0107 kontekst ca\u0142ej sprawy. Og\u0142oszenie zamieszczone przez syndyka by\u0142o pok\u0142osiem upad\u0142o\u015bci sp\u00f3\u0142ki BGI, kt\u00f3ra najpierw przebudowa\u0142a okolice sopockiego dworca, a\u00a0p\u00f3\u017aniej prowadzi\u0142a tam ca\u0142y kompleks Sopot Centrum.<\/p>\n<p>O tym, dlaczego sp\u00f3\u0142ka <a data-tklik=\"208005\" target=\"_self\" href=\"https:\/\/www.trojmiasto.pl\/wiadomosci\/Niepewny-los-Sopot-Centrum-Kilka-wnioskow-o-upalosc-firmy-zarzadzajacej-kompleksem-n211398.html\" rel=\"nofollow noopener\">zacz\u0119\u0142a popada\u0107 w nawarstwiaj\u0105ce si\u0119 d\u0142ugi<\/a>, pisali\u015bmy na pocz\u0105tku grudnia ub. r. Ju\u017c wtedy upad\u0142o\u015b\u0107 BGI by\u0142a niemal przes\u0105dzona, bo pojawi\u0142o si\u0119 kilka r\u00f3\u017cnych wniosk\u00f3w o\u00a0jej og\u0142oszenie. <\/p>\n<p>Ostatecznie decyzj\u0119 w\u00a0tej sprawie s\u0105d podj\u0105\u0142 pod sam koniec grudnia, wtedy te\u017c <a data-tklik=\"719941\" target=\"_self\" href=\"https:\/\/www.trojmiasto.pl\/wiadomosci\/Upadlosc-firmy-zarzadzajacej-Sopot-Centrum-Miasto-podpisalo-nowa-umowe-ale-z-syndykiem-n212465.html\" rel=\"nofollow noopener\">zosta\u0142 wyznaczony oficjalnie syndyk, kt\u00f3ry zajmie si\u0119 zabezpieczeniem maj\u0105tku firmy<\/a> i\u00a0roszczeniami jej wierzycieli (a jednym z\u00a0nich jest miasto).<\/p>\n<p>Hotel Molo dzia\u0142a\u0142 w\u00a0ramach kompleksu Sopot Centrum. Dzia\u0142a\u0142, bo od kilku miesi\u0119cy obiekt by\u0142 zamkni\u0119ty. Pocz\u0105tkowo syndyk chcia\u0142 z\u00a0nowym najemc\u0105 podpisa\u0107 umow\u0119 obowi\u0105zuj\u0105c\u0105 ju\u017c od kwietnia. Ostatecznie taka umowa obowi\u0105zuje od maja.\n                <\/p>\n","protected":false},"excerpt":{"rendered":"Po kilku miesi\u0105cach przerwy czynny jest zn\u00f3w Hotel Molo przy dworcu w\u00a0Sopocie. Obiekt wr\u00f3ci\u0142 z\u00a0nowym operatorem. Wcze\u015bniej zamkni\u0119to&hellip;\n","protected":false},"author":2,"featured_media":436750,"comment_status":"","ping_status":"","sticky":false,"template":"","format":"standard","meta":{"footnotes":"","_share_on_mastodon":"0"},"categories":[51610],"tags":[7902,6269,61371,1048,1064,8275,82418,36892,7215,5833,31113,42,38,40,39,41,15208,1063,35068,1078,32726,4744],"class_list":["post-436749","post","type-post","status-publish","format-standard","has-post-thumbnail","category-gdansk","tag-czesc","tag-dworzec","tag-dzierzawca","tag-gdansk","tag-gdynia","tag-hotel","tag-hotel-molo","tag-marzec","tag-miesiac","tag-obiekt","tag-operator","tag-pl","tag-poland","tag-polish","tag-polska","tag-polski","tag-przerwa","tag-sopot","tag-sopot-centrum","tag-spolka","tag-syndyk","tag-upadlosc"],"share_on_mastodon":{"url":"https:\/\/pubeurope.com\/@pl\/116595060435295929","error":""},"_links":{"self":[{"href":"https:\/\/www.europesays.com\/pl\/wp-json\/wp\/v2\/posts\/436749","targetHints":{"allow":["GET"]}}],"collection":[{"href":"https:\/\/www.europesays.com\/pl\/wp-json\/wp\/v2\/posts"}],"about":[{"href":"https:\/\/www.europesays.com\/pl\/wp-json\/wp\/v2\/types\/post"}],"author":[{"embeddable":true,"href":"https:\/\/www.europesays.com\/pl\/wp-json\/wp\/v2\/users\/2"}],"replies":[{"embeddable":true,"href":"https:\/\/www.europesays.com\/pl\/wp-json\/wp\/v2\/comments?post=436749"}],"version-history":[{"count":0,"href":"https:\/\/www.europesays.com\/pl\/wp-json\/wp\/v2\/posts\/436749\/revisions"}],"wp:featuredmedia":[{"embeddable":true,"href":"https:\/\/www.europesays.com\/pl\/wp-json\/wp\/v2\/media\/436750"}],"wp:attachment":[{"href":"https:\/\/www.europesays.com\/pl\/wp-json\/wp\/v2\/media?parent=436749"}],"wp:term":[{"taxonomy":"category","embeddable":true,"href":"https:\/\/www.europesays.com\/pl\/wp-json\/wp\/v2\/categories?post=436749"},{"taxonomy":"post_tag","embeddable":true,"href":"https:\/\/www.europesays.com\/pl\/wp-json\/wp\/v2\/tags?post=436749"}],"curies":[{"name":"wp","href":"https:\/\/api.w.org\/{rel}","templated":true}]}}