{"id":436800,"date":"2026-05-18T10:46:10","date_gmt":"2026-05-18T10:46:10","guid":{"rendered":"https:\/\/www.europesays.com\/pl\/436800\/"},"modified":"2026-05-18T10:46:10","modified_gmt":"2026-05-18T10:46:10","slug":"tak-pilkarze-slaska-wroclaw-swietowali-awans-do-ekstraklasy-zobacz-zdjecia","status":"publish","type":"post","link":"https:\/\/www.europesays.com\/pl\/436800\/","title":{"rendered":"Tak pi\u0142karze \u015al\u0105ska Wroc\u0142aw \u015bwi\u0119towali awans do Ekstraklasy. Zobacz zdj\u0119cia!"},"content":{"rendered":"<p><a class=\"atomsArticleGalleryImage__mainImgLink\" href=\"https:\/\/gazetawroclawska.pl\/tak-pilkarze-slaska-wroclaw-swietowali-awans-do-ekstraklasy-zobacz-zdjecia\/gh\/c2p2-29008863\" title=\"Rado&#x15B;&#x107; pi&#x142;karzy &#x15A;l&#x105;ska Wroc&#x142;aw po awansie do ekstraklasy, kt&#xF3;ry zapewni&#x142;a im wygrana z Poloni&#x105; Bytom\" data-ec=\"atomsArticleGalleryImage\" data-event-position-el=\"mainImage\" aria-label=\"Zobacz galeri&#x119;\" rel=\"nofollow noopener\" target=\"_blank\"><img decoding=\"async\" loading=\"eager\" fetchpriority=\"high\" class=\"atomsArticleGalleryImage__mainImg\" src=\"https:\/\/www.europesays.com\/pl\/wp-content\/uploads\/2026\/05\/il20260517_966106901_medium.jpg\" alt=\"Rado&#x15B;&#x107; pi&#x142;karzy &#x15A;l&#x105;ska Wroc&#x142;aw po awansie do ekstraklasy, kt&#xF3;ry zapewni&#x142;a im wygrana z Poloni&#x105; Bytom\" width=\"3543\" height=\"2363\"\/><\/a><\/p>\n<p>\n        Rado\u015b\u0107 pi\u0142karzy \u015al\u0105ska Wroc\u0142aw po awansie do ekstraklasy, kt\u00f3ry zapewni\u0142a im wygrana z Poloni\u0105 Bytom<\/p>\n<p>          fot. Lucyna Nenow\n        <\/p>\n<p>C\u00f3\u017c to by\u0142a za noc! Zacz\u0119\u0142o si\u0119 w Bytomiu, gdzie \u015al\u0105sk Wroc\u0142aw pokona\u0142 tamtejsz\u0105 Poloni\u0119 3:1 i zagwarantowa\u0142 sobie awans do PKO Ekstraklasy ju\u017c w pierwszym roku po spadku do Betclic 1 ligi. Okoliczno\u015bciowe koszulki i szampany posz\u0142y w ruch!<\/p>\n","protected":false},"excerpt":{"rendered":"Rado\u015b\u0107 pi\u0142karzy \u015al\u0105ska Wroc\u0142aw po awansie do ekstraklasy, kt\u00f3ry zapewni\u0142a im wygrana z Poloni\u0105 Bytom fot. Lucyna Nenow&hellip;\n","protected":false},"author":2,"featured_media":436801,"comment_status":"","ping_status":"","sticky":false,"template":"","format":"standard","meta":{"footnotes":"","_share_on_mastodon":"0"},"categories":[51607],"tags":[2193,42,38,40,7174,39,41,697,75969,81692,1853],"class_list":["post-436800","post","type-post","status-publish","format-standard","has-post-thumbnail","category-wroclaw","tag-betclic-1-liga","tag-pl","tag-poland","tag-polish","tag-polonia-bytom","tag-polska","tag-polski","tag-slask-wroclaw","tag-slask-wroclaw-awans","tag-slask-wroclaw-polonia-bytom","tag-wroclaw"],"share_on_mastodon":{"url":"https:\/\/pubeurope.com\/@pl\/116595182446071977","error":""},"_links":{"self":[{"href":"https:\/\/www.europesays.com\/pl\/wp-json\/wp\/v2\/posts\/436800","targetHints":{"allow":["GET"]}}],"collection":[{"href":"https:\/\/www.europesays.com\/pl\/wp-json\/wp\/v2\/posts"}],"about":[{"href":"https:\/\/www.europesays.com\/pl\/wp-json\/wp\/v2\/types\/post"}],"author":[{"embeddable":true,"href":"https:\/\/www.europesays.com\/pl\/wp-json\/wp\/v2\/users\/2"}],"replies":[{"embeddable":true,"href":"https:\/\/www.europesays.com\/pl\/wp-json\/wp\/v2\/comments?post=436800"}],"version-history":[{"count":0,"href":"https:\/\/www.europesays.com\/pl\/wp-json\/wp\/v2\/posts\/436800\/revisions"}],"wp:featuredmedia":[{"embeddable":true,"href":"https:\/\/www.europesays.com\/pl\/wp-json\/wp\/v2\/media\/436801"}],"wp:attachment":[{"href":"https:\/\/www.europesays.com\/pl\/wp-json\/wp\/v2\/media?parent=436800"}],"wp:term":[{"taxonomy":"category","embeddable":true,"href":"https:\/\/www.europesays.com\/pl\/wp-json\/wp\/v2\/categories?post=436800"},{"taxonomy":"post_tag","embeddable":true,"href":"https:\/\/www.europesays.com\/pl\/wp-json\/wp\/v2\/tags?post=436800"}],"curies":[{"name":"wp","href":"https:\/\/api.w.org\/{rel}","templated":true}]}}