{"id":436824,"date":"2026-05-18T10:58:14","date_gmt":"2026-05-18T10:58:14","guid":{"rendered":"https:\/\/www.europesays.com\/pl\/436824\/"},"modified":"2026-05-18T10:58:14","modified_gmt":"2026-05-18T10:58:14","slug":"przewodniczaca-krs-rezygnuje-jest-komunikat-dagmary-pawelczyk-woickiej","status":"publish","type":"post","link":"https:\/\/www.europesays.com\/pl\/436824\/","title":{"rendered":"Przewodnicz\u0105ca KRS rezygnuje. Jest komunikat Dagmary Pawe\u0142czyk-Woickiej"},"content":{"rendered":"<p>Przewodnicz\u0105ca KRS opublikowa\u0142a w X pismo z 15 maja adresowane do I prezes S\u0105du Najwy\u017cszego Ma\u0142gorzaty Manowskiej, w kt\u00f3rym informuje o rezygnacji.<\/p>\n<p> Dalszy ci\u0105g artyku\u0142u pod materia\u0142em wideo <\/p>\n<p>Dagmara Pawe\u0142czyk-Woicka przypomina przepis ustawy o KRS, kt\u00f3ry zak\u0142ada, \u017ce kadencja nowych cz\u0142onk\u00f3w zaczyna si\u0119 w dniu, kt\u00f3ry nast\u0119puje po dniu ich wyboru. W\u00f3wczas wygasa kadencja starych cz\u0142onk\u00f3w.<\/p>\n<p>Przewodnicz\u0105ca Krajowej Rady S\u0105downictwa z\u0142o\u017cy\u0142a rezygnacj\u0119. Jest komunikat<\/p>\n<p>&#8222;Akcentuj\u0119 potrzeb\u0119 zwr\u00f3cenia uwagi na prawid\u0142owy sk\u0142ad KRS, a to w zwi\u0105zku z postanowieniem TK z dnia 12 maja 2026 r., sygn. akt K 7\/26, kt\u00f3rym zabezpieczono wniosek grupy pos\u0142\u00f3w przez wezwanie Sejmu Rzeczypospolitej Polskiej do powstrzymania si\u0119 od wyboru cz\u0142onk\u00f3w KRS (&#8230;) do czasu wydania przez TK ostatecznego orzeczenia w sprawie&#8221; \u2014 pisze Pawe\u0142czyk-Woicka w dokumencie.<\/p>\n<p>      Przypomnijmy, \u017ce w pi\u0105tek, 15 maja <a href=\"https:\/\/www.onet.pl\/informacje\/onetwiadomosci\/poslowie-wybrali-nowa-krs-czlonkowie-pis-nie-glosowali\/dmm56e4,79cfc278\" id=\"ea015844-2fa0-4cd4-9a51-ea34f91d9fec\" rel=\"nofollow noopener\" target=\"_blank\">Sejm wybra\u0142 nowych cz\u0142onk\u00f3w KRS<\/a>. Pos\u0142owie przeg\u0142osowali proponowan\u0105 list\u0119 w pierwszym g\u0142osowaniu wi\u0119kszo\u015bci\u0105 3\/5 g\u0142os\u00f3w. W g\u0142osowaniu nie uczestniczyli politycy PiS. Tymczasem kilka dni wcze\u015bniej <a href=\"https:\/\/wiadomosci.onet.pl\/kraj\/wybor-kandydatow-do-krs-trybunal-konstytucyjny-wydal-zabezpieczenie\/brxehds\" id=\"6c49103f-6ae7-419c-901d-99fcedaad24e\" rel=\"nofollow noopener\" target=\"_blank\">TK na niejawnym posiedzeniu wyda\u0142 zabezpieczenie dotycz\u0105ce wyboru przez Sejm cz\u0142onk\u00f3w nowej KRS<\/a>. Na mocy zabezpieczenia pos\u0142owie nie maj\u0105 prawa zajmowa\u0107 si\u0119 wy\u0142anianiem s\u0119dziowskich kandydat\u00f3w do nowej Rady.<\/p>\n<p>We wpisie w platformie X Pawe\u0142czyk-Woicka dodaje, \u017ce &#8222;brak przewodnicz\u0105cego rodzi obowi\u0105zek po stronie I prezesa SN zwo\u0142ania posiedzenia plenarnego celem wyboru Przewodnicz\u0105cego. Czy Pierwszy Prezes zwo\u0142a posiedzenie w sk\u0142adzie wybranym przez Sejm 15.05.2025 (z naruszeniem prawa), czy w sk\u0142adzie dotychczasowym pozostawiam do jego decyzji&#8221;.<\/p>\n<p>     Pocz\u0105tki kariery szefowej KRSDagmara Pawe\u0142czyk-Woicka do KRS trafi\u0142a w 2018 r. najpierw jako jej cz\u0142onek. W 2022 r. zosta\u0142a wybrana na przewodnicz\u0105c\u0105. Wcze\u015bniej by\u0142a prezesem S\u0105du Okr\u0119gowego w Krakowie. Zas\u0142yn\u0119\u0142a m.in. tym, \u017ce kiedy z woli Zbigniewa Ziobry w styczniu 2018 r. obj\u0119\u0142a funkcj\u0119 prezesa s\u0105du, <a href=\"https:\/\/wiadomosci.onet.pl\/kraj\/zbigniew-ziobro-i-beata-morawiec-sluzby-w-domu-sedzi\/m688xlf\" id=\"aaa622fd-dcad-4175-b7bc-9b038019b536\" rel=\"nofollow noopener\" target=\"_blank\">nakaza\u0142a funkcjonariuszom nieustalonych s\u0142u\u017cb specjalnych przeszuka\u0107 gabinet, w kt\u00f3rym urz\u0119dowa\u0142a jej poprzedniczka s\u0119dzia Beata Morawiec<\/a> odwo\u0142ana ze stanowiska przed ko\u0144cem kadencji.Nie koniec na tym, bo <a href=\"https:\/\/wiadomosci.onet.pl\/krakow\/nowa-prezes-so-w-krakowie-ograniczyla-dostep-dziennikarzom-ostra-reakcja-rpo\/568rqyv\" id=\"7e4e1727-a250-4114-b2d7-383cb6af4330\" rel=\"nofollow noopener\" target=\"_blank\">prezes Pawe\u0142czyk-Woicka wprowadzi\u0142a te\u017c znacz\u0105ce ograniczenia dla dziennikarzy chc\u0105cych porozmawia\u0107 z s\u0119dziami krakowskiego SO<\/a>. W 2018 r. zarz\u0105dzi\u0142a, \u017ce wszystkie wywiady i rozmowy z s\u0119dziami najpierw musz\u0105 by\u0107 przez ni\u0105 zaaprobowane, za\u015b dziennikarze przybywaj\u0105cy do s\u0105du musz\u0105 w obecno\u015bci policjanta wype\u0142nia\u0107 specjaln\u0105 ankiet\u0119 dotycz\u0105c\u0105 celu ich wizyty. Przeciwko takim restrykcjom protestowa\u0142a zar\u00f3wno Helsi\u0144ska Fundacja Praw Cz\u0142owieka, jak i Rzecznik Praw Obywatelskich.     To w\u0142a\u015bnie prezes Pawe\u0142czyk-Woicka najpierw odwo\u0142a\u0142a z funkcji rzecznika prasowego SO w Krakowie \u00f3wczesnego s\u0119dziego Waldemara \u017burka. Potem wbrew woli \u017burka \u2013 <a href=\"https:\/\/wiadomosci.onet.pl\/tylko-w-onecie\/krakow-sedzia-zurek-zostanie-przeniesiony-wbrew-woli-do-innego-wydzialu\/qt4jdve\" id=\"b4f06695-b37c-4d9c-a06a-4b37077b7f1f\" rel=\"nofollow noopener\" target=\"_blank\">prezes Pawe\u0142czyk-Woicka przenios\u0142a go do innego wydzia\u0142u w s\u0105dzie<\/a>.Decyzj\u0105 nowej prezes by\u0142o tak\u017ce <a href=\"https:\/\/wiadomosci.onet.pl\/tylko-w-onecie\/sedzia-mazur-traci-stanowisko-zastapi-go-osoba-z-dyscyplinarka-na-koncie\/f2c8210\" id=\"90d52a97-8e82-45ee-a6d3-c8dd4773caf9\" rel=\"nofollow noopener\" target=\"_blank\">odwo\u0142anie z funkcji koordynatora do spraw mi\u0119dzynarodowych i praw cz\u0142owieka w krakowskim SO s\u0119dziego Dariusza Mazura, rzecznika Stowarzyszenia Themis<\/a>, a dzi\u015b wiceministra sprawiedliwo\u015bci. Jego miejsce na kr\u00f3tko zaj\u0105\u0142 s\u0119dzia rejonowy, delegowany do &#8222;okr\u0119gu&#8221;, z kar\u0105 dyscyplinarn\u0105 na koncie. Nied\u0142ugo potem \u00f3w s\u0119dzia, Przemys\u0142aw Wypych, trafi\u0142 do Ministerstwa Sprawiedliwo\u015bci. <\/p>\n","protected":false},"excerpt":{"rendered":"Przewodnicz\u0105ca KRS opublikowa\u0142a w X pismo z 15 maja adresowane do I prezes S\u0105du Najwy\u017cszego Ma\u0142gorzaty Manowskiej, w&hellip;\n","protected":false},"author":2,"featured_media":436825,"comment_status":"","ping_status":"","sticky":false,"template":"","format":"standard","meta":{"footnotes":"","_share_on_mastodon":"0"},"categories":[5],"tags":[61195,32,33,22441,36,37,27,49,1381,34,35,790,28,31,48,25,46,42,38,40,39,41,412,1341,47,29,30,4423,26],"class_list":["post-436824","post","type-post","status-publish","format-standard","has-post-thumbnail","category-naglowki","tag-bottomfeed_styl","tag-breaking-news","tag-breakingnews","tag-dagmara_pawelczyk_woicka","tag-featured-news","tag-featurednews","tag-headlines","tag-kraj","tag-krs","tag-latest-news","tag-latestnews","tag-malgorzata_manowska","tag-naglowki","tag-najwazniejsze-artykuly","tag-nat_styl","tag-news","tag-omp","tag-pl","tag-poland","tag-polish","tag-polska","tag-polski","tag-prawo_sady_prawnicy","tag-sad_najwyzszy_rp","tag-screening_general","tag-top-stories","tag-topstories","tag-trybunal_konstytucyjny_tk","tag-wiadomosci"],"share_on_mastodon":{"url":"https:\/\/pubeurope.com\/@pl\/116595229065830758","error":""},"_links":{"self":[{"href":"https:\/\/www.europesays.com\/pl\/wp-json\/wp\/v2\/posts\/436824","targetHints":{"allow":["GET"]}}],"collection":[{"href":"https:\/\/www.europesays.com\/pl\/wp-json\/wp\/v2\/posts"}],"about":[{"href":"https:\/\/www.europesays.com\/pl\/wp-json\/wp\/v2\/types\/post"}],"author":[{"embeddable":true,"href":"https:\/\/www.europesays.com\/pl\/wp-json\/wp\/v2\/users\/2"}],"replies":[{"embeddable":true,"href":"https:\/\/www.europesays.com\/pl\/wp-json\/wp\/v2\/comments?post=436824"}],"version-history":[{"count":0,"href":"https:\/\/www.europesays.com\/pl\/wp-json\/wp\/v2\/posts\/436824\/revisions"}],"wp:featuredmedia":[{"embeddable":true,"href":"https:\/\/www.europesays.com\/pl\/wp-json\/wp\/v2\/media\/436825"}],"wp:attachment":[{"href":"https:\/\/www.europesays.com\/pl\/wp-json\/wp\/v2\/media?parent=436824"}],"wp:term":[{"taxonomy":"category","embeddable":true,"href":"https:\/\/www.europesays.com\/pl\/wp-json\/wp\/v2\/categories?post=436824"},{"taxonomy":"post_tag","embeddable":true,"href":"https:\/\/www.europesays.com\/pl\/wp-json\/wp\/v2\/tags?post=436824"}],"curies":[{"name":"wp","href":"https:\/\/api.w.org\/{rel}","templated":true}]}}