{"id":437100,"date":"2026-05-18T13:44:09","date_gmt":"2026-05-18T13:44:09","guid":{"rendered":"https:\/\/www.europesays.com\/pl\/437100\/"},"modified":"2026-05-18T13:44:09","modified_gmt":"2026-05-18T13:44:09","slug":"izraelskie-wojsko-weszlo-na-statki-z-flotylii-sumud-wsrod-plynacych-polacy","status":"publish","type":"post","link":"https:\/\/www.europesays.com\/pl\/437100\/","title":{"rendered":"Izraelskie wojsko wesz\u0142o na statki z Flotylii Sumud. W\u015br\u00f3d p\u0142yn\u0105cych Polacy"},"content":{"rendered":"<p>Oko\u0142o godziny przed zdarzeniem izraelskie MSZ wezwa\u0142o p\u0142yn\u0105cych aktywist\u00f3w do zmiany kursu i natychmiastowego zawr\u00f3cenia. Na platformie X resort zapowiedzia\u0142, \u017ce nie pozwoli &#8222;na \u017caden wy\u0142om w zgodnej z prawem blokadzie morskiej Gazy&#8221;.<\/p>\n<p> Dalszy ci\u0105g artyku\u0142u pod materia\u0142em wideo <\/p>\n<p>Po rozpocz\u0119ciu dzia\u0142a\u0144 przez wojsko biuro premiera Binjamina Netanjahu w komunikacie przekaza\u0142o, \u017ce szef rz\u0105du w rozmowie z dow\u00f3dc\u0105 akcji pochwali\u0142 &#8222;dyskretny&#8221; spos\u00f3b interwencji, kt\u00f3ra &#8222;skutecznie udaremni\u0142a nikczemny plan przerwania izolacji terroryst\u00f3w Hamasu&#8221; w Gazie, a przy tym &#8222;nie zapewni\u0142a aktywistom rozg\u0142osu, na jaki nasi wrogowie liczyli&#8221;.<\/p>\n<p>Rz\u0105d Turcji nazwa\u0142 interwencj\u0119 izraelsk\u0105 &#8222;kolejnym aktem piractwa&#8221;. <\/p>\n<p>     Izraelskie wojsko wesz\u0142o na pok\u0142ady statk\u00f3w. Jak wygl\u0105da\u0142a interwencja<\/p>\n<p>O przebiegu interwencji poinformowa\u0142a agencja AP na podstawie prowadzonych na X przez aktywist\u00f3w transmisji na \u017cywo. Izraelskie \u0142odzie motorowe mia\u0142y podp\u0142yn\u0105\u0107 do niekt\u00f3rych jednostek flotylli, a \u017co\u0142nierze wej\u015b\u0107 na pok\u0142ad poszczeg\u00f3lnych \u0142odzi. Aktywi\u015bci za\u0142o\u017cyli kamizelki ratunkowe i podnie\u015bli r\u0119ce, a po wej\u015bciu Izraelczyk\u00f3w transmisja urwa\u0142a si\u0119.<\/p>\n<p>Jak przekaza\u0142 w mailu przes\u0142anym PAP rzecznik polskiej sekcji Globalnej Flotylli Sumud Rafa\u0142 Piotrowski, do incydentu dosz\u0142o oko\u0142o godz. 9:30 czasu polskiego na wodach mi\u0119dzynarodowych ok. 130 km od wybrze\u017cy Cypru, mniej wi\u0119cej 460 km od Strefy Gazy. Wed\u0142ug Piotrowskiego w\u015br\u00f3d ponad 400 uczestnik\u00f3w flotylli z 39 kraj\u00f3w jest troje Polak\u00f3w: Agata Wis\u0142ocka z Researchers4Palestine, \u0141ukasz Kozak z Akcji Socjalistycznej i student medycyny Kareem Awad z Uniwersytetu Medycznego we Wroc\u0142awiu.<\/p>\n<p>Strona internetowa z interaktywn\u0105 map\u0105 pozwalaj\u0105c\u0105 \u015bledzi\u0107 ruch flotylli odnotowa\u0142a w ostatnich godzinach przechwycenie co najmniej 17 jednostek. Zgodnie z podawanymi tam wci\u0105\u017c aktualizowanymi informacjami, w drodze do Gazy obecnie pozostaje w sumie 45 \u0142odzi.<\/p>\n<p>     Globalna Flotylla Sumud wyruszy\u0142a w ubieg\u0142ym tygodniu z tureckiego portu Marmaris w stron\u0119 wybrze\u017ca Strefy Gazy. Jak deklaruj\u0105 organizatorzy flotylli, celem tego <a href=\"https:\/\/wiadomosci.onet.pl\/swiat\/aktywisci-plynacy-do-strefy-gazy-w-szpitalu-wsrod-nich-osoba-z-polski\/nbjdfx9\" id=\"c74b1753-7fd4-420d-9e53-94d3746b3f96\" rel=\"nofollow noopener\" target=\"_blank\">&#8222;ostatniego etapu podr\u00f3\u017cy&#8221;, rozpocz\u0119tej 12 kwietnia w Barcelonie<\/a>, jest prze\u0142amanie blokady Strefy Gazy ustanowionej przez wojsko Izraela i stworzenie korytarza humanitarnego z palesty\u0144sk\u0105 enklaw\u0105.To kolejna taka inicjatywa Globalnej Flotylli Sumud po tym, jak <a href=\"https:\/\/wiadomosci.onet.pl\/swiat\/flotylla-zatrzymana-przez-izrael-nowy-komunikat-ws-franciszka-sterczewskiego\/8lemet3\" id=\"10db1d2b-6de4-4eb3-8258-5210d63a669e\" rel=\"nofollow noopener\" target=\"_blank\">blisko 500 os\u00f3b wyruszy\u0142o na wypraw\u0119 jesieni\u0105 2025 r.<\/a> W\u00f3wczas Izrael r\u00f3wnie\u017c interweniowa\u0142, aktywist\u00f3w uj\u0119to, przewieziono do Izraela i deportowano. 30 kwietnia br. Izrael przechwyci\u0142 tak\u017ce inn\u0105, z\u0142o\u017con\u0105 z ok. 20 statk\u00f3w flotyll\u0119 w pobli\u017cu greckiej Krety.<\/p>\n","protected":false},"excerpt":{"rendered":"Oko\u0142o godziny przed zdarzeniem izraelskie MSZ wezwa\u0142o p\u0142yn\u0105cych aktywist\u00f3w do zmiany kursu i natychmiastowego zawr\u00f3cenia. Na platformie X&hellip;\n","protected":false},"author":2,"featured_media":437101,"comment_status":"","ping_status":"","sticky":false,"template":"","format":"standard","meta":{"footnotes":"","_share_on_mastodon":"0"},"categories":[14],"tags":[343,61195,32,33,27,91,34,35,28,31,48,25,46,92,55,40,41,47,88,80,29,30,26,82,83,84],"class_list":["post-437100","post","type-post","status-publish","format-standard","has-post-thumbnail","category-swiat","tag-binjamin_netanjahu","tag-bottomfeed_styl","tag-breaking-news","tag-breakingnews","tag-headlines","tag-izrael","tag-latest-news","tag-latestnews","tag-naglowki","tag-najwazniejsze-artykuly","tag-nat_styl","tag-news","tag-omp","tag-palestyna_palestynczycy","tag-phx","tag-polish","tag-polski","tag-screening_general","tag-strefa_gazy","tag-swiat","tag-top-stories","tag-topstories","tag-wiadomosci","tag-world","tag-world-news","tag-worldnews"],"share_on_mastodon":{"url":"https:\/\/pubeurope.com\/@pl\/116595881985458980","error":""},"_links":{"self":[{"href":"https:\/\/www.europesays.com\/pl\/wp-json\/wp\/v2\/posts\/437100","targetHints":{"allow":["GET"]}}],"collection":[{"href":"https:\/\/www.europesays.com\/pl\/wp-json\/wp\/v2\/posts"}],"about":[{"href":"https:\/\/www.europesays.com\/pl\/wp-json\/wp\/v2\/types\/post"}],"author":[{"embeddable":true,"href":"https:\/\/www.europesays.com\/pl\/wp-json\/wp\/v2\/users\/2"}],"replies":[{"embeddable":true,"href":"https:\/\/www.europesays.com\/pl\/wp-json\/wp\/v2\/comments?post=437100"}],"version-history":[{"count":0,"href":"https:\/\/www.europesays.com\/pl\/wp-json\/wp\/v2\/posts\/437100\/revisions"}],"wp:featuredmedia":[{"embeddable":true,"href":"https:\/\/www.europesays.com\/pl\/wp-json\/wp\/v2\/media\/437101"}],"wp:attachment":[{"href":"https:\/\/www.europesays.com\/pl\/wp-json\/wp\/v2\/media?parent=437100"}],"wp:term":[{"taxonomy":"category","embeddable":true,"href":"https:\/\/www.europesays.com\/pl\/wp-json\/wp\/v2\/categories?post=437100"},{"taxonomy":"post_tag","embeddable":true,"href":"https:\/\/www.europesays.com\/pl\/wp-json\/wp\/v2\/tags?post=437100"}],"curies":[{"name":"wp","href":"https:\/\/api.w.org\/{rel}","templated":true}]}}