{"id":437398,"date":"2026-05-18T16:40:27","date_gmt":"2026-05-18T16:40:27","guid":{"rendered":"https:\/\/www.europesays.com\/pl\/437398\/"},"modified":"2026-05-18T16:40:27","modified_gmt":"2026-05-18T16:40:27","slug":"z-gdanska-do-swiatowej-elity-sztuki-ewa-juszkiewicz-z-wystawa-w-madrycie","status":"publish","type":"post","link":"https:\/\/www.europesays.com\/pl\/437398\/","title":{"rendered":"Z Gda\u0144ska do \u015bwiatowej elity sztuki. Ewa Juszkiewicz z wystaw\u0105 w Madrycie"},"content":{"rendered":"<p>            <a href=\"https:\/\/s-trojmiasto.pl\/zdj\/c\/n\/9\/4324\/1920x0\/4324260-Ewa-Juszkiewicz-podczas-gali-wreczania-nagrod-Splendor-Gedanensis-w-2025-r.webp\" target=\"_blank\" data-slide-name=\"837651\" data-lightbox-target=\"photo full\" data-sub-html=\"&lt;h4&gt;Ewa Juszkiewicz podczas gali wr\u0119czania nagr\u00f3d Splendor Gedanensis w 2025 r.&lt;\/h4&gt;&lt;p&gt;fot. Piotr Huka\u0142o\/Trojmiasto.pl&lt;\/p&gt;&#010;\" class=\"photoMarker__link\" data-filter-brightness=\"brightness--100\" rel=\"nofollow noopener\"><\/p>\n<p>    <img decoding=\"async\" style=\"height:499px; aspect-ratio: 1.50013\/1; filter:brightness(1);\" alt=\"Ewa Juszkiewicz podczas gali wr\u0119czania nagr\u00f3d Splendor Gedanensis w 2025 r.\" src=\"https:\/\/www.europesays.com\/pl\/wp-content\/uploads\/2026\/05\/4324260-Ewa-Juszkiewicz-podczas-gali-wreczania-nagrod-Splendor-Gedanensis-w-2025-r.webp\" class=\"photoMarker__img \" data-slider=\"img\" fetchpriority=\"high\"\/><\/p>\n<p>            <\/a><\/p>\n<p class=\"lead\">Ju\u017c 26 maja w\u00a0<a href=\"https:\/\/www.trojmiasto.pl\/dom\/Museo-i1659.html\" class=\"parse-link\" title=\"Museo\" rel=\"nofollow noopener\" target=\"_blank\">Museo<\/a> Nacional Thyssen-Bornemisza w\u00a0Madrycie otworzy si\u0119 indywidualna wystawa Ewy Juszkiewicz. To pierwsza <a href=\"https:\/\/www.trojmiasto.pl\/dom\/Solo-i1023.html\" class=\"parse-link\" title=\"Solo\" rel=\"nofollow noopener\" target=\"_blank\">solowa<\/a> prezentacja prac pochodz\u0105cej z\u00a0Gda\u0144ska artystki w\u00a0instytucji muzealnej i\u00a0jednocze\u015bnie kolejny wa\u017cny krok w\u00a0jej mi\u0119dzynarodowej karierze. W\u00a0presti\u017cowym hiszpa\u0144skim muzeum pokazanych zostanie ponad 20 obraz\u00f3w malarki, kt\u00f3rej surrealistyczne portrety od lat przyci\u0105gaj\u0105 uwag\u0119 \u015bwiata sztuki. <\/p>\n<p>\n<a href=\"https:\/\/www.trojmiasto.pl\/trendy\/Jej-obrazy-kosztuja-miliony-Kim-jest-Ewa-Juszkiewicz-n185578.html\" data-tklik=\"807999\" class=\"marker-news component newsMarker\" rel=\"nofollow noopener\" target=\"_blank\"><br \/>\n            <img decoding=\"async\" src=\"https:\/\/www.europesays.com\/pl\/wp-content\/uploads\/2026\/05\/3633644__c_0_540_1335_935__kr.webp\" alt=\"Jej obrazy kosztuj\u0105 miliony. Kim jest Ewa Juszkiewicz?\" class=\"lazy newsMarker__img\"\/><br \/>\n        Jej obrazy kosztuj\u0105 miliony. Kim jest Ewa Juszkiewicz?<br \/>\n<\/a><\/p>\n<p><\/p>\n<p>                                mo\u017ce tak, ale raczej przy okazji<br \/>\n                                14%<\/p>\n<p>                                nie, to nie moja estetyka<br \/>\n                                24%<\/p>\n<p>Ponad 20 obraz\u00f3w w\u00a0muzeum Thyssen-Bornemisza<\/p>\n<p>Wystawa zosta\u0142a przygotowana w\u00a0ramach programu prezentuj\u0105cego kolekcj\u0119 Blanca i\u00a0Borja Thyssen-Bornemisza. Kuratorem ekspozycji jest Guillermo Solana, kt\u00f3ry wsp\u00f3\u0142pracowa\u0142 z\u00a0artystk\u0105 przy wyborze prac.<\/p>\n<p>W Madrycie zobaczy\u0107 b\u0119dzie mo\u017cna ponad 20 obraz\u00f3w Ewy Juszkiewicz, zar\u00f3wno tych najnowszych, jak i\u00a0wcze\u015bniejszych. W\u015br\u00f3d prezentowanych dzie\u0142 znajd\u0105 si\u0119 m.in. &#8222;Gloriosa&#8221; i\u00a0&#8222;Silk and Musa Leaf&#8221; z\u00a02025 r., &#8222;Portrait in Venetian Red (after \u00c9lisabeth Vig\u00e9e Le Brun)&#8221; z\u00a02024 r., a\u00a0tak\u017ce wcze\u015bniejsze prace, takie jak &#8222;Girl in Blue (after Johannes Cornelisz Verspronck)&#8221; z\u00a02013 r. czy &#8222;Untitled (after Joseph Wright)&#8221; z\u00a02020 r. Ekspozycja b\u0119dzie dost\u0119pna dla zwiedzaj\u0105cych do 6 wrze\u015bnia 2026 r.<\/p>\n<p>Sama artystka poinformowa\u0142a o\u00a0wystawie m.in. za po\u015brednictwem Instagrama.<\/p>\n<p>&#8211; Z\u00a0ogromn\u0105 rado\u015bci\u0105 og\u0142aszam moj\u0105 nadchodz\u0105c\u0105 indywidualn\u0105 wystaw\u0119 w\u00a0Museo Nacional Thyssen-Bornemisza w\u00a0Madrycie, kt\u00f3ra otworzy si\u0119 26 maja 2026 r. Kuratorem wystawy jest Guillermo Solana, a\u00a0ekspozycja zgromadzi ponad 20 moich obraz\u00f3w. Wystaw\u0119 b\u0119dzie mo\u017cna ogl\u0105da\u0107 do 6 wrze\u015bnia 2026 r. Jestem bardzo wdzi\u0119czna wszystkim osobom zaanga\u017cowanym w\u00a0realizacj\u0119 tego projektu i\u00a0nie mog\u0119 si\u0119 doczeka\u0107, by wkr\u00f3tce podzieli\u0107 si\u0119 kolejnymi szczeg\u00f3\u0142ami &#8211; napisa\u0142a Ewa Juszkiewicz.<\/p>\n<p>Surrealistyczne portrety, kt\u00f3re podbi\u0142y \u015bwiat sztuki<\/p>\n<p>Tw\u00f3rczo\u015b\u0107 Ewy Juszkiewicz od lat przyci\u0105ga uwag\u0119 krytyk\u00f3w i\u00a0kolekcjoner\u00f3w. Artystka inspiruje si\u0119 dawnym europejskim malarstwem portretowym, ale jednocze\u015bnie ca\u0142kowicie rozbija jego konwencje. Na jej obrazach kobiece postaci cz\u0119sto trac\u0105 swoj\u0105 rozpoznawalno\u015b\u0107.  Twarze zast\u0119puj\u0105 fantazyjne fryzury, tkaniny, kompozycje z\u00a0li\u015bci, owoc\u00f3w, kwiat\u00f3w czy grzyb\u00f3w. Efekt jest jednocze\u015bnie elegancki, niepokoj\u0105cy i\u00a0surrealistyczny.<\/p>\n<p>Juszkiewicz wielokrotnie podkre\u015bla\u0142a, \u017ce interesuje j\u0105 spos\u00f3b przedstawiania kobiet w\u00a0historii sztuki i\u00a0schematy, kt\u00f3re przez wieki powtarza\u0142y si\u0119 w\u00a0portretach.<\/p>\n<p>&#8211; Przegl\u0105dam stare albumy i\u00a0ksi\u0105\u017cki o\u00a0sztuce i\u00a0staram si\u0119 znale\u017a\u0107 w\u00a0nich portrety, kt\u00f3re co\u015b we mnie wywo\u0142uj\u0105 &#8211; takie, kt\u00f3re mnie fascynuj\u0105 lub poruszaj\u0105. Bior\u0105c co\u015b z\u00a0nich, niszcz\u0105c w\u00a0pewien spos\u00f3b ich pierwotn\u0105 tematyk\u0119, buduj\u0119 co\u015b nowego, opowiadam w\u0142asn\u0105 histori\u0119 &#8211; m\u00f3wi\u0142a w\u00a0rozmowie z\u00a0Luci\u0105 Longhi dla Berlin Art Link.<br \/>Jak t\u0142umaczy\u0142a artystka, zakrywanie twarzy nie ma odbiera\u0107 bohaterkom podmiotowo\u015bci, ale wr\u0119cz przeciwnie &#8211; wydobywa\u0107 j\u0105 i\u00a0prowokowa\u0107 pytania o\u00a0to\u017csamo\u015b\u0107, emocje oraz spos\u00f3b patrzenia na kobiety w\u00a0sztuce.<\/p>\n<p><\/p>\n<p>Dzi\u015b Ewa Juszkiewicz nale\u017cy do grona najbardziej rozpoznawalnych polskich artystek wsp\u00f3\u0142czesnych. Jej obrazy osi\u0105gaj\u0105 zawrotne ceny na aukcjach.<\/p>\n<p>W 2022 r. obraz &#8222;Portrait of a\u00a0Lady (After Louis Leopold Boilly)&#8221; zosta\u0142 sprzedany w\u00a0nowojorskim Christie&#8217;s za 1,56 mln dolar\u00f3w. Du\u017cym zainteresowaniem cieszy\u0142y si\u0119 tak\u017ce m.in. &#8222;Girl in Blue&#8221;, &#8222;Grove&#8221; czy &#8222;Maria (After Johannes Cornelisz Verspronck)&#8221;.<\/p>\n<p><a href=\"https:\/\/www.trojmiasto.pl\/kultura\/7-milionow-zlotych-za-obraz-trojmiejskiej-artystki-n167692.html\" data-tklik=\"958200\" class=\"marker-news component newsMarker\" rel=\"nofollow noopener\" target=\"_blank\"><br \/>\n            <img decoding=\"async\" src=\"https:\/\/www.europesays.com\/pl\/wp-content\/uploads\/2026\/05\/3192847__c_64_256_2155_1557__kr.webp\" alt=\"7 mln z\u0142 za obraz tr\u00f3jmiejskiej artystki\" class=\"lazy newsMarker__img\"\/><br \/>\n        7 mln z\u0142 za obraz tr\u00f3jmiejskiej artystki<br \/>\n<\/a><\/p>\n<p>Mi\u0119dzynarodow\u0105 pozycj\u0119 artystki umocni\u0142a r\u00f3wnie\u017c<br \/>\n<a href=\"https:\/\/www.trojmiasto.pl\/trendy\/Gdanszczanka-stworzyla-torebke-dla-Louis-Vuitton-Obraz-Ewy-Juszkiewicz-sprzedany-za-23-mln-zl-n183148.html\" data-tklik=\"121631\" class=\"marker-news \" rel=\"nofollow noopener\" target=\"_blank\"><br \/>\n        wsp\u00f3\u0142praca z luksusow\u0105 mark\u0105 Louis Vuitton<br \/>\n<\/a><\/p>\n<p>. W\u00a02023 r. obraz &#8222;Ginger Locks&#8221; sta\u0142 si\u0119 motywem limitowanej torebki z\u00a0serii Artycapucines. Powsta\u0142o jedynie 200 egzemplarzy modelu.<\/p>\n<p>Prace Juszkiewicz pokazywano m.in. w\u00a0Brooklyn Museum w\u00a0Nowym Jorku, Centre Pompidou-Metz, Mus\u00e9e d&#8217;Art Moderne de Paris czy Museo Picasso M\u00e1laga. Obrazy polskiej artystki znajduj\u0105 si\u0119 tak\u017ce w\u00a0kolekcjach takich instytucji jak Albertina Museum w\u00a0Wiedniu, Long Museum w\u00a0Szanghaju czy Museum of Contemporary Art San Diego.<\/p>\n<p>\nZ Gda\u0144ska na \u015bwiatowe salony<\/p>\n<p>Ewa Juszkiewicz urodzi\u0142a si\u0119 w\u00a01984 r. w\u00a0Gda\u0144sku. Studiowa\u0142a na <a href=\"https:\/\/www.trojmiasto.pl\/Asp\" data-tklik=\"803697\" rel=\"nofollow noopener\" target=\"_blank\">Akademii Sztuk Pi\u0119knych w Gda\u0144sku<\/a>, gdzie uzyska\u0142a dyplom z\u00a0malarstwa w\u00a0pracowni prof. Macieja \u015awieszewskiego. Doktorat obroni\u0142a na ASP w\u00a0Krakowie.<\/p>\n<p>O jej tw\u00f3rczo\u015bci zacz\u0119\u0142o robi\u0107 si\u0119 g\u0142o\u015bno jeszcze pod koniec lat 2000. W\u00a02009 r. zosta\u0142a laureatk\u0105 Artystycznej Podr\u00f3\u017cy Hestii, a\u00a0w kolejnych latach zdobywa\u0142a nast\u0119pne nagrody, m.in. Grand Prix Bielskiej Jesieni, Nagrod\u0119 Miasta Gda\u0144ska dla M\u0142odych Tw\u00f3rc\u00f3w czy Kompas M\u0142odej Sztuki.<\/p>\n<p>Ju\u017c w\u00a02014 r. znalaz\u0142a si\u0119 w\u00a0publikacji &#8222;100 Painters of Tomorrow&#8221;, wskazuj\u0105cej najbardziej obiecuj\u0105cych m\u0142odych malarzy \u015bwiata. Za moment prze\u0142omowy w\u00a0jej mi\u0119dzynarodowej karierze uznaje si\u0119 natomiast indywidualn\u0105 wystaw\u0119 w\u00a0nowojorskiej galerii Gagosian w\u00a02020 r.<\/p>\n<p><a href=\"https:\/\/www.trojmiasto.pl\/kultura\/Wreczono-nagrody-Splendor-Gedanensis-za-2024-rok-n203620.html\" data-tklik=\"321728\" class=\"marker-news component newsMarker\" rel=\"nofollow noopener\" target=\"_blank\"><br \/>\n            <img decoding=\"async\" src=\"https:\/\/www.europesays.com\/pl\/wp-content\/uploads\/2026\/05\/4037985__kr.webp\" alt=\"Gda\u0144sk przyzna\u0142 najwa\u017cniejsze nagrody kulturalne roku\" class=\"lazy newsMarker__img\"\/><br \/>\n        Gda\u0144sk przyzna\u0142 najwa\u017cniejsze nagrody kulturalne roku<br \/>\n<\/a><\/p>\n<p>\n<a href=\"https:\/\/www.trojmiasto.pl\/kultura\/Wreczono-nagrody-Splendor-Gedanensis-za-2024-rok-n203620.html\" data-tklik=\"44783\" class=\"marker-news \" rel=\"nofollow noopener\" target=\"_blank\"><br \/>\n        W 2025 r. artystka zosta\u0142a uhonorowana nagrod\u0105 Splendor Gedanensis<br \/>\n<\/a><\/p>\n<p>. Przyznano j\u0105 za wybitny dorobek artystyczny, odtwarzanie historii i\u00a0budowanie na nowo znacze\u0144, a\u00a0tak\u017ce wzmacnianie mi\u0119dzynarodowego presti\u017cu polskiej i\u00a0gda\u0144skiej sztuki.<\/p>\n<p>Dzi\u015b obrazy pochodz\u0105cej z\u00a0Gda\u0144ska artystki trafiaj\u0105 do najwa\u017cniejszych kolekcji prywatnych i\u00a0muzealnych na \u015bwiecie, a\u00a0wystawa w\u00a0Madrycie jest kolejnym dowodem na to, \u017ce nazwisko Ewy Juszkiewicz na dobre zadomowi\u0142o si\u0119 na mi\u0119dzynarodowej scenie sztuki.\n                <\/p>\n","protected":false},"excerpt":{"rendered":"Ju\u017c 26 maja w\u00a0Museo Nacional Thyssen-Bornemisza w\u00a0Madrycie otworzy si\u0119 indywidualna wystawa Ewy Juszkiewicz. To pierwsza solowa prezentacja prac&hellip;\n","protected":false},"author":2,"featured_media":437399,"comment_status":"","ping_status":"","sticky":false,"template":"","format":"standard","meta":{"footnotes":"","_share_on_mastodon":"0"},"categories":[51610],"tags":[82591,82592,82597,82578,82586,1048,82584,694,82580,82585,42,38,40,39,82581,82588,41,82594,82596,82583,82593,82595,82582,82589,82590,82579,82587],"class_list":["post-437398","post","type-post","status-publish","format-standard","has-post-thumbnail","category-gdansk","tag-artystka-z-gdanska","tag-aukcje-sztuki","tag-christie","tag-ewa-juszkiewicz","tag-ewa-juszkiewicz-madryt","tag-gdansk","tag-louis-vuitton","tag-madryt","tag-museo-nacional-thyssen-bornemisza","tag-obrazy-ewy-juszkiewicz","tag-pl","tag-poland","tag-polish","tag-polska","tag-polska-artystka","tag-polska-malarka","tag-polski","tag-portrety-kobiet","tag-rekordy-aukcyjne","tag-surrealistyczne-portrety","tag-surrealizm","tag-sztuka-europejska","tag-sztuka-wspolczesna","tag-thyssen-bornemisza","tag-wspolczesne-malarstwo","tag-wystawa-ewy-juszkiewicz","tag-wystawa-w-hiszpanii"],"share_on_mastodon":{"url":"","error":"Validation failed: Text character limit of 500 exceeded"},"_links":{"self":[{"href":"https:\/\/www.europesays.com\/pl\/wp-json\/wp\/v2\/posts\/437398","targetHints":{"allow":["GET"]}}],"collection":[{"href":"https:\/\/www.europesays.com\/pl\/wp-json\/wp\/v2\/posts"}],"about":[{"href":"https:\/\/www.europesays.com\/pl\/wp-json\/wp\/v2\/types\/post"}],"author":[{"embeddable":true,"href":"https:\/\/www.europesays.com\/pl\/wp-json\/wp\/v2\/users\/2"}],"replies":[{"embeddable":true,"href":"https:\/\/www.europesays.com\/pl\/wp-json\/wp\/v2\/comments?post=437398"}],"version-history":[{"count":0,"href":"https:\/\/www.europesays.com\/pl\/wp-json\/wp\/v2\/posts\/437398\/revisions"}],"wp:featuredmedia":[{"embeddable":true,"href":"https:\/\/www.europesays.com\/pl\/wp-json\/wp\/v2\/media\/437399"}],"wp:attachment":[{"href":"https:\/\/www.europesays.com\/pl\/wp-json\/wp\/v2\/media?parent=437398"}],"wp:term":[{"taxonomy":"category","embeddable":true,"href":"https:\/\/www.europesays.com\/pl\/wp-json\/wp\/v2\/categories?post=437398"},{"taxonomy":"post_tag","embeddable":true,"href":"https:\/\/www.europesays.com\/pl\/wp-json\/wp\/v2\/tags?post=437398"}],"curies":[{"name":"wp","href":"https:\/\/api.w.org\/{rel}","templated":true}]}}