{"id":437523,"date":"2026-05-18T17:56:08","date_gmt":"2026-05-18T17:56:08","guid":{"rendered":"https:\/\/www.europesays.com\/pl\/437523\/"},"modified":"2026-05-18T17:56:08","modified_gmt":"2026-05-18T17:56:08","slug":"kacper-tomasiak-niebawem-wroci-na-skocznie","status":"publish","type":"post","link":"https:\/\/www.europesays.com\/pl\/437523\/","title":{"rendered":"Kacper Tomasiak niebawem wr\u00f3ci na skoczni\u0119 &#8211;"},"content":{"rendered":"<p>Najlepszy polski skoczek olimpijskiego sezonu nie wzi\u0105\u0142 udzia\u0142u w fina\u0142owych zawodach Pucharu \u015awiata w Planicy, a ponadto zosta\u0142 wycofany z imprezy Red Bull Skoki w Punkt. Wszystko by\u0142o pok\u0142osiem upadku na Vikersundbakken, po kt\u00f3rym 19-latek trafi\u0142 do szpitala w Drammen. Kacper Tomasiak nie ukrywa, \u017ce na finiszu olimpijskiej zimy jego sportowe baterie wymaga\u0142y na\u0142adowania.<\/p>\n<p>\u2013 Troch\u0119 ta ko\u0144c\u00f3wka na pewno by\u0142a ju\u017c na oparach si\u0142. W\u0142a\u015bciwie ca\u0142\u0105 zim\u0119 skaka\u0142em tak, \u017ce przy malutkich brakach energii ta technika ju\u017c nieco gorzej funkcjonowa\u0142a. Po wynikach by\u0142o wida\u0107, \u017ce nie by\u0142em ju\u017c w stanie na tyle dobrze skaka\u0107. Og\u00f3lnie nie by\u0142em bardzo zm\u0119czony, ale na skoczni da\u0142o si\u0119 to minimalnie odczu\u0107 i rezultaty by\u0142y gorsze \u2013 m\u00f3wi o trudach pierwszej w karierze zimy po\u015br\u00f3d \u015bwiatowej elity.<\/p>\n<p>Tomasiak upad\u0142 podczas kwalifikacji do niedzielnego konkursu w Vikersund, kt\u00f3ry ostatecznie nie doszed\u0142 do skutku z powodu zbyt mocnych podmuch\u00f3w wiatru. Dla juniora by\u0142 to pierwszy weekend z lotami narciarskimi w karierze. Cho\u0107 zawodnik by\u0142 mocno poobijany, badania wykonane jeszcze w Skandynawii nie wykaza\u0142y \u017cadnych gro\u017aniejszych uraz\u00f3w.<\/p>\n<p>\u2013 Jako\u015b bardzo nie analizowa\u0142em tego wszystkiego, ale nie czu\u0142em si\u0119 bardzo \u017ale. Przez pierwszy tydzie\u0144 do kolejnego weekendu by\u0142em wym\u0119czony i lekko obola\u0142y, wi\u0119c nie robi\u0142em ci\u0119\u017ckich fizycznie rzeczy. Bardziej odpoczywa\u0142em, ale funkcjonowa\u0142em w miar\u0119 normalnie, wi\u0119c nie czu\u0142em si\u0119 nie wiadomo jak \u017ale \u2013 podkre\u015bla.<\/p>\n<p>Sztab szkoleniowy Bia\u0142o-Czerwonych z Maciejem Maciusiakiem na czele podj\u0105\u0142 decyzj\u0119, \u017ce Tomasiak kilka dni po upadku nie we\u017amie udzia\u0142u w rywalizacji na Letalnicy w Planicy. W kwietniu nie wystartowa\u0142 te\u017c w pokazowej imprezie Red Bulla na Wielkiej Krokwi.<\/p>\n<p>\u2013 Odno\u015bnie Planicy troch\u0119 si\u0119 zastanawia\u0142em nad tym, czy tam pojecha\u0107. W\u0142a\u015bciwie bardziej trenerzy po prostu powiedzieli, \u017cebym nie jecha\u0142. W gruncie rzeczy dobrze, bo w czwartek czy pi\u0105tek, kiedy by\u0142em w domu, to mog\u0142oby by\u0107 jeszcze ci\u0119\u017cko z wykonaniem mocniejszej rozgrzewki. To by\u0142a taka do\u015b\u0107 dobra decyzja, ale od razu na pewno jej nie podj\u0105\u0142em \u2013 zaznacza indywidualny wicemistrz \u015bwiata junior\u00f3w.<\/p>\n<p>Polak w Vikersund nie rozgryz\u0142 sztuki latania na nartach. Najdalej poszybowa\u0142 podczas pechowej pr\u00f3by w niedzielnych kwalifikacjach, uzyskuj\u0105c 192 metry.<\/p>\n<p>\u2013 Ten ostatni skok, kiedy si\u0119 wywr\u00f3ci\u0142em, by\u0142 ju\u017c troch\u0119 lepszy. Uda\u0142o si\u0119 nabra\u0107 nieco wi\u0119cej kierunku. W ko\u0144cowej fazie lotu zacz\u0105\u0142em odczuwa\u0107 odci\u0105ganie od zeskoku. Mo\u017ce nie oddala\u0142 si\u0119, ale te\u017c si\u0119 nie przybli\u017ca\u0142. Pod koniec lecia\u0142em na podobnej wysoko\u015bci w stosunku do zeskoku, wi\u0119c by\u0142o tam lepsze noszenie. Troch\u0119 mnie jednak rozbuja\u0142o, krzywo wyl\u0105dowa\u0142em i sko\u0144czy\u0142o si\u0119 tak, jak si\u0119 sko\u0144czy\u0142o. Skok na pewno by\u0142 lepszy. My\u015bl\u0119, \u017ce b\u0119d\u0119 si\u0119 wczuwa\u0142 z pr\u00f3by na pr\u00f3b\u0119, tylko trzeba teraz troch\u0119 na to poczeka\u0107 \u2013 m\u00f3wi Tomasiak, czekaj\u0105c na przysz\u0142oroczne skoki na mamutach.<\/p>\n<p>Trzykrotny medalista olimpijski podczas minionej zimy wielokrotnie prezentowa\u0142 umiej\u0119tno\u015b\u0107 mobilizowania si\u0119 na skoki konkursowe, najwa\u017cniejsze w skali ca\u0142ego weekendu.<\/p>\n<p>\u2013 Nie jest tak, \u017ce si\u0119 bardziej stresuj\u0119, ale czuj\u0119, \u017ce s\u0105 wa\u017cniejsze zawody i pojawia si\u0119 adrenalina. Nie tylko w trakcie samego skoku, ale te\u017c przed nim, kiedy zapina si\u0119 narty i siada si\u0119 na belce. Wtedy czu\u0107 wi\u0119kszy przyp\u0142yw adrenaliny, dzi\u0119ki czemu bardziej mo\u017cna si\u0119 zmobilizowa\u0107 i mocniej odbi\u0107. Po prostu da si\u0119 skoczy\u0107 lepiej fizycznie. Bardzo cz\u0119sto si\u0119 zdarza, \u017ce to powoduje wi\u0119ksze b\u0142\u0119dy w technice, ale u mnie takiego problemu nie ma. Dlatego to mi tak pomaga \u2013 wyja\u015bnia.<\/p>\n<p>Tomasiak zim\u0105 zwraca\u0142 uwag\u0119 na brak czasu na spokojny trening. Kiedy ostatni raz mia\u0142 okazj\u0119 popracowa\u0107 nad skokami w satysfakcjonuj\u0105cym go stopniu?<\/p>\n<p>\u2013 Teoretycznie troszeczk\u0119 przed igrzyskami, kiedy byli\u015bmy w Polsce na zgrupowaniu. Wtedy by\u0142o nieco wi\u0119cej czasu na utrwalenie techniki. Nie by\u0142o tak, \u017ce jest jeden skok, godzina przerwy i dopiero kolejny. To odbywa\u0142o si\u0119 w normalnym trybie treningowym. Wiadomo, robili\u015bmy tego troch\u0119 mniej, bo to by\u0142 \u015brodek sezonu. Zim\u0105 na og\u00f3\u0142 trudno oddawa\u0107 wiele skok\u00f3w na treningach, bo jeste\u015bmy w rytmie startowym i pojawia si\u0119 zm\u0119czenie. Mo\u017ce nie kombinowali\u015bmy nie wiadomo jak, ale uda\u0142o si\u0119 utrwali\u0107 technik\u0119 \u2013 wspomina okres, kt\u00f3ry w lutym da\u0142 mu trzy medale olimpijskie na w\u0142oskiej ziemi.<\/p>\n<p>M\u0142ody skoczek do dzi\u015b nie znalaz\u0142 szczeg\u00f3lnego miejsca na olimpijskie kr\u0105\u017cki z debiutanckich igrzysk. W Predazzo indywidualnie by\u0142 drugi na normalnym obiekcie i du\u017cy na trzecim, a ponadto si\u0119gn\u0105\u0142 po srebro w konkursie duet\u00f3w wsp\u00f3lnie z Paw\u0142em W\u0105skiem.<\/p>\n<p>\u2013 Dalej le\u017c\u0105 w pude\u0142ku &lt;\u015bmiech&gt;&#8230; Nie mam \u017cadnego miejsca, w kt\u00f3rym m\u00f3g\u0142bym je wyeksponowa\u0107. Nie mog\u0119 si\u0119 do tego zabra\u0107, \u017ceby co\u015b takiego znale\u017a\u0107 i czas mija &lt;\u015bmiech&gt;\u2026 \u2013 przyznaje z u\u015bmiechem od ucha do ucha.<\/p>\n<p>Wiosn\u0105 grupa wybranych os\u00f3b otrzyma\u0142a nap\u00f3j izotoniczny z wizerunkiem Tomasiaka, przygotowany przez jego indywidualnego sponsora. Akcja by\u0142a jednym z element\u00f3w podsumowania wspania\u0142ej zimy w wykonaniu skoczka z Bielska-Bia\u0142ej.<\/p>\n<p>\u2013 Nap\u00f3j dotar\u0142 i do mnie. Na razie to jednorazowa akcja z produktem limitowanym na mniejsz\u0105 skal\u0119 \u2013 komentuje.<\/p>\n<p>Tomasiak mimo ogromnych sukces\u00f3w sportowych nie odczuwa wi\u0119kszych zmian w \u017cyciu prywatnym.<\/p>\n<p>\u2013 Moja codzienno\u015b\u0107 raczej jest normalna. Ciemne okulary? Bardzo cz\u0119sto w nich chodz\u0119, bo lubi\u0119 w nich chodzi\u0107. S\u0105 przeciws\u0142oneczne, wi\u0119c automatycznie nie wida\u0107 oczu. Mo\u017cna to odebra\u0107, \u017ce si\u0119 ukrywam, ale tak po prostu chodz\u0119 &lt;\u015bmiech&gt;\u2026 \u2013 s\u0142yszymy.<\/p>\n<p>W marcu prawo startu w Pucharze \u015awiata zdoby\u0142 m\u0142odszy brat Kacpra, Konrad Tomasiak. Co ciekawe, 17-latek pod koniec zimy korzysta\u0142 z kasku, w kt\u00f3rym starszy brat debiutowa\u0142 minionej zimy w Pucharze \u015awiata.<\/p>\n<p>\u2013 Nowy kask ma dosta\u0107 p\u00f3\u017aniej, ale na razie jeszcze skaka\u0142 w moim starym kasku. Na pewno przyjemnie b\u0119dzie razem z nim skaka\u0107 w Pucharze \u015awiata, ale zobaczymy, jak to wszystko si\u0119 rozwinie \u2013 tonuje nastroje Kacper Tomasiak.<\/p>\n<p>W najbli\u017cszych dniach mistrz Polski zasi\u0105dzie po raz pierwszy na belce startowej od marcowego upadku w Vikersund. Wszystko wydarzy si\u0119 podczas zgrupowania Bia\u0142o-Czerwonych w wojew\u00f3dztwie \u015bl\u0105skim.<\/p>\n<p>\u2013 Na skoczni\u0119 wracamy w tym tygodniu, w Szczyrku. Zim\u0105 najwi\u0119ksze problemy mia\u0142em w bardzo pocz\u0105tkowej i ko\u0144cowej fazie lotu. To troch\u0119 szwankowa\u0142o. \u015arodek by\u0142 bardzo dobry. Na tym b\u0119dzie trzeba si\u0119 skupi\u0107 najbardziej, ale po drodze mog\u0105 wyj\u015b\u0107 inne niuanse, kt\u00f3re b\u0119dzie trzeba poprawi\u0107. Wszystko wyjdzie w trakcie, na czym b\u0119dzie trzeba si\u0119 koncentrowa\u0107 \u2013 puentuje Kacper Tomasiak.<\/p>\n<p>Korespondencja z Zakopanego, Dominik Formela<\/p>\n","protected":false},"excerpt":{"rendered":"Najlepszy polski skoczek olimpijskiego sezonu nie wzi\u0105\u0142 udzia\u0142u w fina\u0142owych zawodach Pucharu \u015awiata w Planicy, a ponadto zosta\u0142&hellip;\n","protected":false},"author":2,"featured_media":437524,"comment_status":"","ping_status":"","sticky":false,"template":"","format":"standard","meta":{"footnotes":"","_share_on_mastodon":"0"},"categories":[52122],"tags":[61195,48,46,55,6010,752,42,38,40,39,41,47,1559,127],"class_list":["post-437523","post","type-post","status-publish","format-standard","has-post-thumbnail","category-pko-bank-polski","tag-bottomfeed_styl","tag-nat_styl","tag-omp","tag-phx","tag-pko-bank-polski","tag-pko-bp","tag-pl","tag-poland","tag-polish","tag-polska","tag-polski","tag-screening_general","tag-skijumping","tag-sport"],"share_on_mastodon":{"url":"https:\/\/pubeurope.com\/@pl\/116596872745364053","error":""},"_links":{"self":[{"href":"https:\/\/www.europesays.com\/pl\/wp-json\/wp\/v2\/posts\/437523","targetHints":{"allow":["GET"]}}],"collection":[{"href":"https:\/\/www.europesays.com\/pl\/wp-json\/wp\/v2\/posts"}],"about":[{"href":"https:\/\/www.europesays.com\/pl\/wp-json\/wp\/v2\/types\/post"}],"author":[{"embeddable":true,"href":"https:\/\/www.europesays.com\/pl\/wp-json\/wp\/v2\/users\/2"}],"replies":[{"embeddable":true,"href":"https:\/\/www.europesays.com\/pl\/wp-json\/wp\/v2\/comments?post=437523"}],"version-history":[{"count":0,"href":"https:\/\/www.europesays.com\/pl\/wp-json\/wp\/v2\/posts\/437523\/revisions"}],"wp:featuredmedia":[{"embeddable":true,"href":"https:\/\/www.europesays.com\/pl\/wp-json\/wp\/v2\/media\/437524"}],"wp:attachment":[{"href":"https:\/\/www.europesays.com\/pl\/wp-json\/wp\/v2\/media?parent=437523"}],"wp:term":[{"taxonomy":"category","embeddable":true,"href":"https:\/\/www.europesays.com\/pl\/wp-json\/wp\/v2\/categories?post=437523"},{"taxonomy":"post_tag","embeddable":true,"href":"https:\/\/www.europesays.com\/pl\/wp-json\/wp\/v2\/tags?post=437523"}],"curies":[{"name":"wp","href":"https:\/\/api.w.org\/{rel}","templated":true}]}}