{"id":437536,"date":"2026-05-18T18:03:16","date_gmt":"2026-05-18T18:03:16","guid":{"rendered":"https:\/\/www.europesays.com\/pl\/437536\/"},"modified":"2026-05-18T18:03:16","modified_gmt":"2026-05-18T18:03:16","slug":"poznanskie-lotnisko-ze-znacznym-spadkiem-liczby-obsluzonych-pasazerow-po-raz-pierwszy-od-czasu-pandemii","status":"publish","type":"post","link":"https:\/\/www.europesays.com\/pl\/437536\/","title":{"rendered":"Pozna\u0144skie lotnisko ze znacznym spadkiem liczby obs\u0142u\u017conych pasa\u017cer\u00f3w. Po raz pierwszy od czasu pandemii"},"content":{"rendered":"<p>    Powodem kryzys na Bliskim Wschodzie.<\/p>\n<p>Niespe\u0142na 300 tysi\u0119cy pasa\u017cer\u00f3w obs\u0142u\u017cy\u0142o w kwietniu lotnisko \u0141awica w Poznaniu. To a\u017c o 7 procent mniej ni\u017c w kwietniu 2025 roku. Jak informuje bran\u017cowy portal fly4free.pl, to w\u0142a\u015bnie pozna\u0144skie lotnisko najbardziej ucierpia\u0142o w wyniku kryzysu, kt\u00f3ry pojawi\u0142 si\u0119 na Bliskim Wschodzie. <\/p>\n<p><a href=\"https:\/\/epoznan.pl\/adsysClick?id=21144\" target=\"_blank\" rel=\"nofollow noopener\">Nie czekaj! Za korzystanie z pieca niespe\u0142niaj\u0105cego norm mo\u017cesz otrzyma\u0107 grzywn\u0119. Wymie\u0144 piec i<br \/>\notrzymaj nawet 35 000 z\u0142. We\u017a udzia\u0142 w programie Kawka Bis. Nab\u00f3r do 30 czerwca.<\/a><\/p>\n<p>REKLAMA<\/p>\n<p>Ze wzgl\u0119du na kryzys z Poznania nie lataj\u0105 obecnie samoloty do Dubaju czy do Ammanu. Ze wzgl\u0119du na problemy z dost\u0119pno\u015bci\u0105 paliwa lotniczego i jego rosn\u0105c\u0105 cen\u0105 ograniczono cz\u0119\u015b\u0107 po\u0142\u0105cze\u0144, zlikwidowano cho\u0107by po\u0142\u0105czenie Pozna\u0144 &#8211; Monachium. Sytuacji nie poprawia\u0142y strajki pracownik\u00f3w Lufthansy, przez kt\u00f3re loty si\u0119 nie odbywa\u0142y. <\/p>\n<p>Co ciekawe, inne najwi\u0119ksze lotniska w kraju &#8211; Warszawa, Krak\u00f3w, Katowice czy Wroc\u0142aw, mimo kryzysu wci\u0105\u017c ros\u0142y. Pozna\u0144 najbardziej odczu\u0142 skutki tego, co dzieje si\u0119 na Bliskim Wschodzie. To pierwszy taki wynik naszego lotniska od czasu pandemii. <\/p>\n","protected":false},"excerpt":{"rendered":"Powodem kryzys na Bliskim Wschodzie. Niespe\u0142na 300 tysi\u0119cy pasa\u017cer\u00f3w obs\u0142u\u017cy\u0142o w kwietniu lotnisko \u0141awica w Poznaniu. To a\u017c&hellip;\n","protected":false},"author":2,"featured_media":437537,"comment_status":"","ping_status":"","sticky":false,"template":"","format":"standard","meta":{"footnotes":"","_share_on_mastodon":"0"},"categories":[51609],"tags":[28854,10798,42,38,40,39,41,1817,4112],"class_list":["post-437536","post","type-post","status-publish","format-standard","has-post-thumbnail","category-poznan","tag-lotnisko-lawica","tag-pasazerowie","tag-pl","tag-poland","tag-polish","tag-polska","tag-polski","tag-poznan","tag-wyniki"],"share_on_mastodon":{"url":"https:\/\/pubeurope.com\/@pl\/116596900213080242","error":""},"_links":{"self":[{"href":"https:\/\/www.europesays.com\/pl\/wp-json\/wp\/v2\/posts\/437536","targetHints":{"allow":["GET"]}}],"collection":[{"href":"https:\/\/www.europesays.com\/pl\/wp-json\/wp\/v2\/posts"}],"about":[{"href":"https:\/\/www.europesays.com\/pl\/wp-json\/wp\/v2\/types\/post"}],"author":[{"embeddable":true,"href":"https:\/\/www.europesays.com\/pl\/wp-json\/wp\/v2\/users\/2"}],"replies":[{"embeddable":true,"href":"https:\/\/www.europesays.com\/pl\/wp-json\/wp\/v2\/comments?post=437536"}],"version-history":[{"count":0,"href":"https:\/\/www.europesays.com\/pl\/wp-json\/wp\/v2\/posts\/437536\/revisions"}],"wp:featuredmedia":[{"embeddable":true,"href":"https:\/\/www.europesays.com\/pl\/wp-json\/wp\/v2\/media\/437537"}],"wp:attachment":[{"href":"https:\/\/www.europesays.com\/pl\/wp-json\/wp\/v2\/media?parent=437536"}],"wp:term":[{"taxonomy":"category","embeddable":true,"href":"https:\/\/www.europesays.com\/pl\/wp-json\/wp\/v2\/categories?post=437536"},{"taxonomy":"post_tag","embeddable":true,"href":"https:\/\/www.europesays.com\/pl\/wp-json\/wp\/v2\/tags?post=437536"}],"curies":[{"name":"wp","href":"https:\/\/api.w.org\/{rel}","templated":true}]}}