{"id":438309,"date":"2026-05-19T03:56:13","date_gmt":"2026-05-19T03:56:13","guid":{"rendered":"https:\/\/www.europesays.com\/pl\/438309\/"},"modified":"2026-05-19T03:56:13","modified_gmt":"2026-05-19T03:56:13","slug":"burza-po-12-punktach-polskiego-jury-dla-izraela-jacek-cygan-zabral-glos","status":"publish","type":"post","link":"https:\/\/www.europesays.com\/pl\/438309\/","title":{"rendered":"Burza po 12 punktach polskiego jury dla Izraela. Jacek Cygan zabra\u0142 g\u0142os"},"content":{"rendered":"<p>70. edycja <a href=\"https:\/\/plejada.pl\/temat\/konkurs-piosenki-eurowizji-eurowizja\/jp9hwel\" id=\"5163b552-ce6b-4c6b-916b-706dfe2175fb\" rel=\"nofollow noopener\" target=\"_blank\">Konkursu Piosenki Eurowizji<\/a> od pocz\u0105tku przebiega\u0142a w atmosferze napi\u0119cia i politycznych spor\u00f3w. Wyst\u0119p Izraela wzbudzi\u0142 sprzeciw wielu fan\u00f3w, artyst\u00f3w oraz nadawc\u00f3w, a niekt\u00f3re pa\u0144stwa zdecydowa\u0142y si\u0119 na bojkot konkursu. Demonstracje i protesty pojawia\u0142y si\u0119 zar\u00f3wno przed rozpocz\u0119ciem wydarzenia, jak i podczas samych wyst\u0119p\u00f3w.Prawdziwa fala krytyki wyla\u0142a si\u0119 jednak po og\u0142oszeniu <a href=\"https:\/\/plejada.pl\/newsy\/tak-polskie-jury-zaglosowalo-w-eurowizji-punkty-dla-izraela\/mbce6qn\" id=\"50dcfd75-f127-489a-b366-cdfd28606492\" rel=\"nofollow noopener\" target=\"_blank\">punktacji polskiego jury<\/a>. Widz\u00f3w szczeg\u00f3lnie oburzy\u0142o przyznanie Izraelowi maksymalnej liczby punkt\u00f3w. W ogniu krytyki znalaz\u0142a si\u0119 mi\u0119dzy innymi <a href=\"https:\/\/plejada.pl\/temat\/viki-gabor\/fy04ed0\" id=\"2d3a4ea6-9a31-415a-a54e-c6a761b569a9\" rel=\"nofollow noopener\" target=\"_blank\">Viki Gabor<\/a>, kt\u00f3ra by\u0142a cz\u0142onkini\u0105 jury.      Dalszy ci\u0105g artyku\u0142u pod materia\u0142em wideo Burza po 12 punktach polskiego jury dla Izraela. Jacek Cygan: to dobra piosenka i dobry g\u0142osW dyskusji g\u0142os zabra\u0142 r\u00f3wnie\u017c <a href=\"https:\/\/plejada.pl\/temat\/jacek-cygan\/r4pq5hw\" id=\"e9ef6ebd-7654-4486-ad01-65e395f4e4fb\" rel=\"nofollow noopener\" target=\"_blank\">Jacek Cygan<\/a> \u2014 jeden z najbardziej cenionych polskich autor\u00f3w tekst\u00f3w, kt\u00f3ry przez lata ocenia\u0142 uczestnik\u00f3w programu &#8222;Idol&#8221;. Artysta zosta\u0142 zapytany, czy \u2014 odk\u0142adaj\u0105c polityk\u0119 na bok \u2014 wyst\u0119p reprezentanta Izraela rzeczywi\u015bcie zas\u0142ugiwa\u0142 na tak wysok\u0105 ocen\u0119.     <\/p>\n<blockquote class=\"ods-o-quote\">\n<p class=\"ods-o-quote__paragraph\">To dobra piosenka i dobry g\u0142os. Podoba\u0142y mi si\u0119. Ta ca\u0142a awantura jest jednak nadmuchana. Moim zdaniem sztuka zawsze zwyci\u0119\u017cy<\/p>\n<\/blockquote>\n<p>\u2014 <a href=\"https:\/\/ludzie.fakt.pl\/jacek-cygan-ocenia-piosenke-izraela-na-eurowizji-2026-to-dobra-piosenka\/9zfjljn\" id=\"7b598f84-0618-4880-a561-5ac6156d68dc\" rel=\"nofollow noopener\" target=\"_blank\">powiedzia\u0142 &#8222;Faktowi<\/a>&#8221; Jacek Cygan. <img decoding=\"async\" src=\"https:\/\/www.europesays.com\/pl\/wp-content\/uploads\/2026\/05\/aevk9lBaHR0cHM6Ly9vY2RuLmV1L3B1bHNjbXMvTURBXy9iOTc4ZGJjZTExMjg2YzZmNWJiYjU0ODgzNmE0NTkzYS5qcGeRlQLNB.jpeg\" height=\"800\" width=\"533\" alt=\"Jacek Cygan\" loading=\"lazy\" class=\"ods-c-image__img ods-c-image__img--vertical\"\/> <\/p>\n<p>Jacek CyganAndras Szilagyi \/ MW Media<\/p>\n<p>Przypomnijmy, \u017ce reprezentantem Izraela podczas Eurowizji 2026 by\u0142 No\u2019am Bettan. Artysta urodzi\u0142 si\u0119 5 marca 1998 r. w Ra\u2019anannie i ma francuskie korzenie \u2014 jego rodzice pochodz\u0105 z Grenoble. Z muzyk\u0105 zwi\u0105zany by\u0142 od najm\u0142odszych lat, jednak zawodowo po\u015bwi\u0119ci\u0142 si\u0119 jej dopiero po odbyciu obowi\u0105zkowej s\u0142u\u017cby wojskowej w Si\u0142ach Obronnych Izraela. Wcze\u015bniej Bettan bra\u0142 udzia\u0142 w talent show, w kt\u00f3rym w 2018 r. zaj\u0105\u0142 trzecie miejsce. Jego kariera zacz\u0119\u0142a dynamicznie rozwija\u0107 si\u0119 w ostatnich latach. <\/p>\n<p>Podczas Eurowizji w Wiedniu zaprezentowa\u0142 utw\u00f3r &#8222;Michelle&#8221;, kt\u00f3ry przyni\u00f3s\u0142 mu rozg\u0142os tak\u017ce poza granicami Izraela. Ostatecznie No&#8217;am Bettan zako\u0144czy\u0142 konkurs na drugim miejscu, za reprezentantk\u0105 Bu\u0142garii. <\/p>\n<p>      <img decoding=\"async\" src=\"https:\/\/www.europesays.com\/pl\/wp-content\/uploads\/2026\/05\/pdtk9lGaHR0cHM6Ly9vY2RuLmV1L3B1bHNjbXMvTURBXy80ZjViM2I1OC0wMjllLTRiNmQtYjI0Ni04NjQ2NDdiY2U1MjcuanBlZ.jpeg\" height=\"627\" width=\"940\" alt=\"No'am Bettan podczas Eurowizji\" loading=\"lazy\" class=\"ods-c-image__img ods-c-image__img--viewport-width\"\/> <\/p>\n<p>No&#8217;am Bettan podczas EurowizjiPAP\/EPA\/HANNIBAL HANSCHKE<\/p>\n<p> Dzi\u0119kujemy, \u017ce przeczyta\u0142a\u015b\/e\u015b nasz artyku\u0142 do ko\u0144ca. W serwisie Plejada.pl ka\u017cdego dnia piszemy o najwa\u017cniejszych wydarzeniach show-biznesowych. B\u0105d\u017a na bie\u017c\u0105co!<a rel=\"nofollow noopener\" href=\"https:\/\/profile.google.com\/cp\/Cg0vZy8xMWJ6X19wdHBx\" id=\"a26d9c8a-91fa-4846-9f87-36e9f1d7ae4a\" target=\"_blank\"> Obserwuj<\/a> Plejad\u0119 w Google. Odwied\u017a nas tak\u017ce na<a rel=\"nofollow noopener\" href=\"https:\/\/www.facebook.com\/plejadapl\" id=\"09756582-eed8-488e-9417-fd44da291f54\" target=\"_blank\"> Facebooku<\/a>,<a rel=\"nofollow noopener\" href=\"https:\/\/www.instagram.com\/plejadapl\/\" id=\"dcd91e2e-62cb-4b5c-b6c6-2f1de3208a68\" target=\"_blank\"> Instagramie<\/a>,<a rel=\"nofollow noopener\" href=\"https:\/\/www.youtube.com\/c\/plejada\" id=\"e0d8aca2-b9ef-458e-a436-5965ed14c486\" target=\"_blank\"> YouTubie<\/a> oraz<a rel=\"nofollow noopener\" href=\"https:\/\/www.tiktok.com\/@plejada_pl\" id=\"074c8c5b-7eab-4349-ad77-c5ab7f4a1dd7\" target=\"_blank\"> TikToku<\/a>.Chcesz podzieli\u0107 si\u0119 ciekawym newsem lub zaproponowa\u0107 temat? Skontaktuj si\u0119 z nami, pisz\u0105c maila na adres: <a rel=\"nofollow noopener\" href=\"https:\/\/plejada.pl\/newsy\/burza-po-12-punktach-polskiego-jury-dla-izraela-jacek-cygan-zabral-glos\/mailto:plejada@redakcjaonet.pl\" id=\"4d716005-ae3a-4582-8b8f-bfce5fb12879\" target=\"_blank\">plejada@redakcjaonet.pl<\/a>.<script async src=\"\/\/www.instagram.com\/embed.js\"><\/script><script async src=\"\/\/www.tiktok.com\/embed.js\"><\/script><\/p>\n","protected":false},"excerpt":{"rendered":"70. edycja Konkursu Piosenki Eurowizji od pocz\u0105tku przebiega\u0142a w atmosferze napi\u0119cia i politycznych spor\u00f3w. Wyst\u0119p Izraela wzbudzi\u0142 sprzeciw&hellip;\n","protected":false},"author":2,"featured_media":438310,"comment_status":"","ping_status":"","sticky":false,"template":"","format":"standard","meta":{"footnotes":"","_share_on_mastodon":"0"},"categories":[5],"tags":[61195,32,33,552,36,37,27,91,2793,34,35,28,31,48,25,125,46,42,38,40,39,41,47,29,30,26],"class_list":["post-438309","post","type-post","status-publish","format-standard","has-post-thumbnail","category-naglowki","tag-bottomfeed_styl","tag-breaking-news","tag-breakingnews","tag-eurowizja","tag-featured-news","tag-featurednews","tag-headlines","tag-izrael","tag-jacek_cygan","tag-latest-news","tag-latestnews","tag-naglowki","tag-najwazniejsze-artykuly","tag-nat_styl","tag-news","tag-newsy","tag-omp","tag-pl","tag-poland","tag-polish","tag-polska","tag-polski","tag-screening_general","tag-top-stories","tag-topstories","tag-wiadomosci"],"share_on_mastodon":{"url":"https:\/\/pubeurope.com\/@pl\/116599231911609878","error":""},"_links":{"self":[{"href":"https:\/\/www.europesays.com\/pl\/wp-json\/wp\/v2\/posts\/438309","targetHints":{"allow":["GET"]}}],"collection":[{"href":"https:\/\/www.europesays.com\/pl\/wp-json\/wp\/v2\/posts"}],"about":[{"href":"https:\/\/www.europesays.com\/pl\/wp-json\/wp\/v2\/types\/post"}],"author":[{"embeddable":true,"href":"https:\/\/www.europesays.com\/pl\/wp-json\/wp\/v2\/users\/2"}],"replies":[{"embeddable":true,"href":"https:\/\/www.europesays.com\/pl\/wp-json\/wp\/v2\/comments?post=438309"}],"version-history":[{"count":0,"href":"https:\/\/www.europesays.com\/pl\/wp-json\/wp\/v2\/posts\/438309\/revisions"}],"wp:featuredmedia":[{"embeddable":true,"href":"https:\/\/www.europesays.com\/pl\/wp-json\/wp\/v2\/media\/438310"}],"wp:attachment":[{"href":"https:\/\/www.europesays.com\/pl\/wp-json\/wp\/v2\/media?parent=438309"}],"wp:term":[{"taxonomy":"category","embeddable":true,"href":"https:\/\/www.europesays.com\/pl\/wp-json\/wp\/v2\/categories?post=438309"},{"taxonomy":"post_tag","embeddable":true,"href":"https:\/\/www.europesays.com\/pl\/wp-json\/wp\/v2\/tags?post=438309"}],"curies":[{"name":"wp","href":"https:\/\/api.w.org\/{rel}","templated":true}]}}