{"id":438584,"date":"2026-05-19T07:25:09","date_gmt":"2026-05-19T07:25:09","guid":{"rendered":"https:\/\/www.europesays.com\/pl\/438584\/"},"modified":"2026-05-19T07:25:09","modified_gmt":"2026-05-19T07:25:09","slug":"kolejny-czlonek-polskiego-jury-tlumaczy-sie-z-glosowania-system-budzi-kontrowersje","status":"publish","type":"post","link":"https:\/\/www.europesays.com\/pl\/438584\/","title":{"rendered":"Kolejny cz\u0142onek polskiego jury t\u0142umaczy si\u0119 z g\u0142osowania. &#8222;System budzi kontrowersje&#8221;"},"content":{"rendered":"<p>Polskie jury jako jedyne przyzna\u0142o maksymaln\u0105 ilo\u015b\u0107 punkt\u00f3w dla Izraela spo\u015br\u00f3d wszystkich sk\u0142ad\u00f3w jurorskich Eurowizji, co wywo\u0142a\u0142o ogromne kontrowersje na tle bojkotu udzia\u0142u pa\u0144stwa w konkursie. Od czasu fina\u0142u wydarzenia do sytuacji odnios\u0142o si\u0119 trzech juror\u00f3w.<\/p>\n<p><a href=\"https:\/\/plejada.pl\/newsy\/viki-gabor-nie-kryje-rozczarowania-po-eurowizji-izrael-byl-na-ostatnim-miejscu\/xe5xv6w\" id=\"b70de4f7-62f5-4d83-91c1-b5a1d88af57a\" rel=\"nofollow noopener\" target=\"_blank\">Viki Gabor ujawni\u0142a w swoich medaich spo\u0142eczno\u015bciowych<\/a>, \u017ce na karcie do g\u0142osowania umie\u015bci\u0142a reprezentanta Izraela na ostatnim miejscu spo\u015br\u00f3d wszystkich artyst\u00f3w. &#8222;Szkoda, \u017ce tylu z was we mnie zw\u0105tpi\u0142o&#8221; \u2014 napisa\u0142a. Natomiast <a href=\"https:\/\/plejada.pl\/newsy\/tak-wygladalo-glosowanie-polskich-jurorow-na-eurowizji-wyjasniamy\/8bqhcdk\" id=\"18c994bf-ec80-4a7d-a7b3-307b0caaac2e\" rel=\"nofollow noopener\" target=\"_blank\">w o\u015bwiadczeniu dla Plejady Filip Kuncewicz<\/a> wyja\u015bnia\u0142, jak wygl\u0105da\u0142o przyznawanie punkt\u00f3w.      Dalszy ci\u0105g artyku\u0142u pod materia\u0142em wideo <\/p>\n<p>\u2014 &#8222;12 pkt dla Izraela&#8221; nie jest decyzj\u0105 siedmiorga juror\u00f3w. To wynik dzia\u0142ania algorytmu EBU [Europejskiej Unii Nadawc\u00f3w], kt\u00f3ry \u0142\u0105czy naszych siedem indywidualnych, tajnych ranking\u00f3w w jeden zbiorczy. Piosenka mo\u017ce otrzyma\u0107 12 pkt, nawet je\u015bli \u017caden z juror\u00f3w nie postawi\u0142 jej na pierwszym miejscu swojej listy. Analogicznie \u2014 brak punkt\u00f3w nie oznacza, \u017ce \u017caden z juror\u00f3w nie umie\u015bci\u0142 danego tworu w swoim rankingu. To matematyka, a nie wsp\u00f3lny werdykt \u2014 m\u00f3wi\u0142.<\/p>\n<p>     Kolejny cz\u0142onek polskiego jury zabra\u0142 g\u0142os. &#8222;System budzi kontrowersje&#8221;<\/p>\n<p>Teraz wywiadu udzieli\u0142 Jasiek Piwowarczyk, kt\u00f3ry w rozmowie z RMF FM zosta\u0142 zapytany o przebieg g\u0142osowania juror\u00f3w Eurowizji. Zwyci\u0119zca &#8222;The Voice of Poland&#8221; ju\u017c na pocz\u0105tku zaznaczy\u0142, \u017ce system g\u0142osowania jest skomplikowany. &#8222;Oczywi\u015bcie, on jest podany na stronie, natomiast on budzi pewne kontrowersje. Generalnie je\u017celi chodzi o ten system, to jako jury nie g\u0142osujemy jednomy\u015blnie, czyli nie zbieramy si\u0119 i nie przyznajemy na przyk\u0142ad Mo\u0142dawii 12 pkt&#8221; \u2014 m\u00f3wi\u0142.<\/p>\n<blockquote class=\"ods-o-quote\">\n<p class=\"ods-o-quote__paragraph\">Natomiast je\u015bli chodzi o system g\u0142osowania to ka\u017cdy g\u0142osuje tajnie i te karty do g\u0142osowania s\u0105 wysy\u0142ane do systemu EBU, kt\u00f3ry jest systemem eurowizyjnym i po zliczeniu tych punkt\u00f3w przez system jury otrzymuje werdykt, z kt\u00f3rym nie ma dyskusji, tylko jest to zliczenie punkt\u00f3w<\/p>\n<\/blockquote>\n<p>&#8222;My tak naprawd\u0119 do ko\u0144ca nie wiemy, jaki jest ostateczny werdykt, mo\u017ce to by\u0107 przez niekt\u00f3rych uznane jako kontrowersyjne i po prostu tak ju\u017c jest&#8221; \u2014 powiedzia\u0142.<\/p>\n<p>Zapytany przez dziennikarza o ostateczny wp\u0142yw algorytmu na wynik odpowiedzia\u0142: &#8222;Jest to prawdopodobne, \u017ce mo\u017cemy zag\u0142osowa\u0107 bardzo r\u00f3\u017cnie, bo to jest jaki\u015b tam rachunek prawdopodobie\u0144stwa i w ten spos\u00f3b to wychodzi. Jest mo\u017cliwe, \u017ce kto\u015b da\u0142 jeden kraj w \u015bcis\u0142ej czo\u0142\u00f3wce, na inne kraje g\u0142osy by\u0142y bardzo rozbie\u017cne, wi\u0119c kraje, na kt\u00f3re kto\u015b albo nawet nikt z jury nie zag\u0142osowa\u0142 na pierwsze miejsce, mo\u017ce zaj\u0105\u0107 te pierwsze miejsce&#8221;.<\/p>\n<p> <img decoding=\"async\" src=\"https:\/\/www.europesays.com\/pl\/wp-content\/uploads\/2026\/05\/Smuk9lBaHR0cHM6Ly9vY2RuLmV1L3B1bHNjbXMvTURBXy85NTE4YzhlN2MxZjM0OWEzMDdhMzM1NDZlZjc2MTMyNi5qcGeRlQLNB.jpeg\" height=\"627\" width=\"940\" alt=\"Jan Piwowarczyk\" loading=\"lazy\" class=\"ods-c-image__img ods-c-image__img--viewport-width\"\/> <\/p>\n<p>Jan PiwowarczykTVP<\/p>\n<p> Dzi\u0119kujemy, \u017ce przeczyta\u0142a\u015b\/e\u015b nasz artyku\u0142 do ko\u0144ca. W serwisie Plejada.pl ka\u017cdego dnia piszemy o najwa\u017cniejszych wydarzeniach show-biznesowych. B\u0105d\u017a na bie\u017c\u0105co!<a rel=\"nofollow noopener\" href=\"https:\/\/profile.google.com\/cp\/Cg0vZy8xMWJ6X19wdHBx\" id=\"93edcfe0-89f6-4323-a575-7814ca4638c9\" target=\"_blank\"> Obserwuj<\/a> Plejad\u0119 w Google. Odwied\u017a nas tak\u017ce na<a rel=\"nofollow noopener\" href=\"https:\/\/www.facebook.com\/plejadapl\" id=\"8c31acdf-9505-4c3e-ba8c-082c6bfb4ab4\" target=\"_blank\"> Facebooku<\/a>,<a rel=\"nofollow noopener\" href=\"https:\/\/www.instagram.com\/plejadapl\/\" id=\"21f34a8e-2f1c-4420-b199-bd7111b9ef4c\" target=\"_blank\"> Instagramie<\/a>,<a rel=\"nofollow noopener\" href=\"https:\/\/www.youtube.com\/c\/plejada\" id=\"6296cbec-d4e2-4068-bc70-2f72b717b1d8\" target=\"_blank\"> YouTubie<\/a> oraz<a rel=\"nofollow noopener\" href=\"https:\/\/www.tiktok.com\/@plejada_pl\" id=\"1097d6b9-9b49-4532-b4e5-e54fd5a89285\" target=\"_blank\"> TikToku<\/a>.Chcesz podzieli\u0107 si\u0119 ciekawym newsem lub zaproponowa\u0107 temat? Skontaktuj si\u0119 z nami, pisz\u0105c maila na adres: <a rel=\"nofollow noopener\" href=\"https:\/\/plejada.pl\/newsy\/kolejny-czlonek-polskiego-jury-tlumaczy-sie-z-glosowania-system-budzi-kontrowersje\/mailto:plejada@redakcjaonet.pl\" id=\"ff1bb90c-0df5-41e6-a4d0-2305e45debc1\" target=\"_blank\">plejada@redakcjaonet.pl<\/a>.<script async src=\"\/\/www.instagram.com\/embed.js\"><\/script><script async src=\"\/\/www.tiktok.com\/embed.js\"><\/script><\/p>\n","protected":false},"excerpt":{"rendered":"Polskie jury jako jedyne przyzna\u0142o maksymaln\u0105 ilo\u015b\u0107 punkt\u00f3w dla Izraela spo\u015br\u00f3d wszystkich sk\u0142ad\u00f3w jurorskich Eurowizji, co wywo\u0142a\u0142o ogromne&hellip;\n","protected":false},"author":2,"featured_media":438585,"comment_status":"","ping_status":"","sticky":false,"template":"","format":"standard","meta":{"footnotes":"","_share_on_mastodon":"0"},"categories":[5],"tags":[61195,32,33,552,36,37,27,91,34,35,28,31,48,25,125,46,42,38,40,39,41,47,3090,29,30,26],"class_list":["post-438584","post","type-post","status-publish","format-standard","has-post-thumbnail","category-naglowki","tag-bottomfeed_styl","tag-breaking-news","tag-breakingnews","tag-eurowizja","tag-featured-news","tag-featurednews","tag-headlines","tag-izrael","tag-latest-news","tag-latestnews","tag-naglowki","tag-najwazniejsze-artykuly","tag-nat_styl","tag-news","tag-newsy","tag-omp","tag-pl","tag-poland","tag-polish","tag-polska","tag-polski","tag-screening_general","tag-the_voice_of_poland","tag-top-stories","tag-topstories","tag-wiadomosci"],"share_on_mastodon":{"url":"https:\/\/pubeurope.com\/@pl\/116600053858444747","error":""},"_links":{"self":[{"href":"https:\/\/www.europesays.com\/pl\/wp-json\/wp\/v2\/posts\/438584","targetHints":{"allow":["GET"]}}],"collection":[{"href":"https:\/\/www.europesays.com\/pl\/wp-json\/wp\/v2\/posts"}],"about":[{"href":"https:\/\/www.europesays.com\/pl\/wp-json\/wp\/v2\/types\/post"}],"author":[{"embeddable":true,"href":"https:\/\/www.europesays.com\/pl\/wp-json\/wp\/v2\/users\/2"}],"replies":[{"embeddable":true,"href":"https:\/\/www.europesays.com\/pl\/wp-json\/wp\/v2\/comments?post=438584"}],"version-history":[{"count":0,"href":"https:\/\/www.europesays.com\/pl\/wp-json\/wp\/v2\/posts\/438584\/revisions"}],"wp:featuredmedia":[{"embeddable":true,"href":"https:\/\/www.europesays.com\/pl\/wp-json\/wp\/v2\/media\/438585"}],"wp:attachment":[{"href":"https:\/\/www.europesays.com\/pl\/wp-json\/wp\/v2\/media?parent=438584"}],"wp:term":[{"taxonomy":"category","embeddable":true,"href":"https:\/\/www.europesays.com\/pl\/wp-json\/wp\/v2\/categories?post=438584"},{"taxonomy":"post_tag","embeddable":true,"href":"https:\/\/www.europesays.com\/pl\/wp-json\/wp\/v2\/tags?post=438584"}],"curies":[{"name":"wp","href":"https:\/\/api.w.org\/{rel}","templated":true}]}}