{"id":438658,"date":"2026-05-19T08:12:10","date_gmt":"2026-05-19T08:12:10","guid":{"rendered":"https:\/\/www.europesays.com\/pl\/438658\/"},"modified":"2026-05-19T08:12:10","modified_gmt":"2026-05-19T08:12:10","slug":"polska-gotowa-na-przyjecie-wojsk-nato-wiele-do-zrobienia","status":"publish","type":"post","link":"https:\/\/www.europesays.com\/pl\/438658\/","title":{"rendered":"Polska gotowa na przyj\u0119cie wojsk NATO? \u201eWiele do zrobienia\u201d"},"content":{"rendered":"<p>   <a href=\"https:\/\/defence24.pl\/strona-autora\/wojciech-koziol\" target=\"_self\" class=\"article-author-block__avatar-wrap\" rel=\"nofollow noopener\"><img loading=\"lazy\" decoding=\"async\" src=\"https:\/\/www.europesays.com\/pl\/wp-content\/uploads\/2026\/05\/8QEoofg0C2O1R6JMTSUEkikQs55GL0w3pR2wRV5S.auyp.jpg\" alt=\"\"  width=\"100\" height=\"100\" author=\"Defence24.pl\" caption=\"\" fullscreen=\"https:\/\/cdn.defence24.pl\/2023\/12\/11\/1920xpx\/8QEoofg0C2O1R6JMTSUEkikQs55GL0w3pR2wRV5S.mhx4.jpg\" class=\"img article-author-block__avatar img-avatar\"\/><\/a>  <\/p>\n<p>W rozmowie z Defence24.pl gen. dyw. Krzysztof Zielski, zast\u0119pca szefa Sztabu Generalnego Wojska Polskiego, przyzna\u0142, \u017ce wci\u0105\u017c \u201ewiele jest do zrobienia\u201d, je\u015bli chodzi o polskie zdolno\u015bci logistyczne, tak\u017ce w zakresie przyjmowania wojsk NATO.<\/p>\n<p>  <img decoding=\"async\" src=\"https:\/\/www.europesays.com\/pl\/wp-content\/uploads\/2026\/05\/pq7AVJTiaw8aBLu9IPOrno2TGPRjjpjqJd2jIIFl.e2nb.jpg\" alt=\"SPOKOJNY SZWOLE\u017bER 25.2\"  width=\"800\" height=\"450\" author=\"plut. Wojciech Walas\/Dow\u00f3dztwo 2KP-KL\" fetchpriority=\"high\" class=\"img image-with-caption__image\"\/><br \/>\n        Autor. plut. Wojciech Walas\/Dow\u00f3dztwo 2KP-KL<\/p>\n<p class=\"paragraph-module\">Polska, b\u0119d\u0105c centralnym pa\u0144stwem wschodniej flanki Sojuszu P\u00f3\u0142nocnoatlantyckiego oraz \u0142\u0105cznikiem na linii wsch\u00f3d-zach\u00f3d i p\u00f3\u0142noc-po\u0142udnie, niejako b\u0119dzie pe\u0142ni\u0107 funkcj\u0119 g\u0142\u00f3wnego w\u0119z\u0142a logistycznego w przypadku eskalacji lub agresji ze strony Federacji Rosyjskiej \u2013 nie tylko na Polsk\u0119, ale te\u017c na pa\u0144stwa ba\u0142tyckie. To wymusza na naszym pa\u0144stwie przygotowanie odpowiedniej logistyki dla Wojska Polskiego oraz armii sojuszniczych NATO, kt\u00f3re tak\u017ce b\u0119d\u0105 korzysta\u0107 z krajowej infrastruktury. Zbi\u00f3r zdolno\u015bci do przyjmowania si\u0142 sojuszniczych NATO okre\u015blany jest jako HNS ( <a href=\"https:\/\/nllp.jallc.nato.int\/cmnt\/ciedcoi\/CIED%20PUBLICATIONS\/Handbooks%20and%20Doctrines\/AJP%204.5(A)%20HN%20Support%20(May%202005).pdf\" rel=\"nofollow noopener\" target=\"_blank\">ang. Host Nation Support &#8211; zdolno\u015bci pa\u0144stwa gospodarza<\/a> ).<\/p>\n<p>        W skali wszystkich centralnych plan\u00f3w rzeczowych finansowanie musi by\u0107 na tyle tanie, aby wystarczy\u0142o nam jeszcze \u015brodk\u00f3w bud\u017cetowych na \u201eszpej\u201d, bie\u017c\u0105c\u0105 eksploatacj\u0119 techniki wojskowej, \u015brodki bojowe i szeroko rozumian\u0105 logistyk\u0119.<\/p>\n<p>powiedzia\u0142 nam gen. dyw. Krzysztof Zielski.<br \/>\n        Rozw\u00f3j zdolno\u015bci w systemie funkcjonalnym logistyki w dobie narastaj\u0105cego zagro\u017cenia konfliktem Rosji z NATO staje si\u0119 newralgicznym elementem przygotowa\u0144 do przyj\u0119cia si\u0142 wzmocnienia (funkcja: Host Nation Support). I musz\u0119 powiedzie\u0107, \u017ce wbrew powszechnie powtarzanym opiniom w\u015br\u00f3d pa\u0144stw cz\u0142onkowskich Sojuszu, \u017ce Polska w tym obszarze jest przyk\u0142adem, nadal mamy tutaj jeszcze wiele do zrobienia<\/p>\n<p>podkre\u015bla gen. dyw. Krzysztof Zielski.  <\/p>\n<p class=\"paragraph-module\">Zdolno\u015bci HNS s\u0105 budowane zar\u00f3wno po stronie Si\u0142 Zbrojnych RP, jak i uk\u0142adu pozamilitarnego. Po stronie wojska chodzi mi\u0119dzy innymi o pododdzia\u0142y wsparcia, zabezpieczenia, czy nawet regulacji ruchu, kt\u00f3re b\u0119d\u0105 w stanie przyj\u0105\u0107 i zabezpieczy\u0107 logistycznie si\u0142y przybywaj\u0105ce do Polski, ale te\u017c sta\u0142a infrastruktura (obejmuj\u0105ca bazy, lotniska ale te\u017c np. zaopatrzenie w paliwa, co w przysz\u0142o\u015bci ma poprawi\u0107 w\u0142\u0105czenie Polski do systemu <a href=\"https:\/\/defence24.pl\/polityka-obronna\/polska-kluczowym-zapleczem-nato-szef-wojskowych-logistykow-ujawnia-skale-inwestycji)\" rel=\"nofollow noopener\" target=\"_blank\">CEPS<\/a>.<\/p>\n<p class=\"paragraph-module\">Po stronie uk\u0142adu pozamilitarnego to infrastruktura (np. drogi, koleje, lotniska, porty), kt\u00f3ra musi by\u0107 u\u017cyta do przyj\u0119cia wojsk. W sytuacji zagro\u017cenia zar\u00f3wno elementy wojskowe jak i cywilne b\u0119d\u0105 musia\u0142y obs\u0142ugiwa\u0107 tak wojska polskie jak i sojusznicze, do tego jeszcze pod oddzia\u0142ywaniem przeciwnika. Kolejne inwestycje i rozw\u00f3j zdolno\u015bci s\u0105 wi\u0119c konieczne.<\/p>\n<p class=\"paragraph-module\"><a href=\"https:\/\/defence24.pl\/polityka-obronna\/wojna-odcielaby-polske-od-swiata-via-baltica-zniszczona-malaszewicze-w-gruzach\" rel=\"nofollow noopener\" target=\"_blank\">Niedawny raport ZPP i Defence Institute przypomina<\/a>, jak wa\u017cnym elementem w przypadku wojny b\u0119dzie infrastruktura krytyczna, ale te\u017c logistyka. Takie korytarze jak Via Baltica b\u0119d\u0105 kluczowe dla bezpiecze\u0144stwa sojusznik\u00f3w z Litwy, \u0141otwy i Estonii. Polska te\u017c stale pr\u00f3buje rozwija\u0107 i u\u0142atwia\u0107 po\u0142\u0105czenia z pa\u0144stwami Europy \u015arodkowej i Po\u0142udniowej w ramach Inicjatywy Tr\u00f3jmorza. Du\u017cy wp\u0142yw na popraw\u0119 zdolno\u015bci logistycznych Sojuszu mo\u017ce mie\u0107 w nied\u0142ugim czasie sama Unia Europejska, co podkre\u015blali prelegenci podczas niedawnego Defence24 Days w Warszawie.<\/p>\n","protected":false},"excerpt":{"rendered":"W rozmowie z Defence24.pl gen. dyw. Krzysztof Zielski, zast\u0119pca szefa Sztabu Generalnego Wojska Polskiego, przyzna\u0142, \u017ce wci\u0105\u017c \u201ewiele&hellip;\n","protected":false},"author":2,"featured_media":438659,"comment_status":"","ping_status":"","sticky":false,"template":"","format":"standard","meta":{"footnotes":"","_share_on_mastodon":"0"},"categories":[12],"tags":[82813,72070,4027,160,42,38,40,39,41,5043,5041],"class_list":["post-438658","post","type-post","status-publish","format-standard","has-post-thumbnail","category-polska","tag-gen-dyw-krzysztof-zielski","tag-inicjatywa-trojmorza","tag-logistyka","tag-nato","tag-pl","tag-poland","tag-polish","tag-polska","tag-polski","tag-sily-zbrojne-rp","tag-wojsko-polskie"],"share_on_mastodon":{"url":"https:\/\/pubeurope.com\/@pl\/116600238897926793","error":""},"_links":{"self":[{"href":"https:\/\/www.europesays.com\/pl\/wp-json\/wp\/v2\/posts\/438658","targetHints":{"allow":["GET"]}}],"collection":[{"href":"https:\/\/www.europesays.com\/pl\/wp-json\/wp\/v2\/posts"}],"about":[{"href":"https:\/\/www.europesays.com\/pl\/wp-json\/wp\/v2\/types\/post"}],"author":[{"embeddable":true,"href":"https:\/\/www.europesays.com\/pl\/wp-json\/wp\/v2\/users\/2"}],"replies":[{"embeddable":true,"href":"https:\/\/www.europesays.com\/pl\/wp-json\/wp\/v2\/comments?post=438658"}],"version-history":[{"count":0,"href":"https:\/\/www.europesays.com\/pl\/wp-json\/wp\/v2\/posts\/438658\/revisions"}],"wp:featuredmedia":[{"embeddable":true,"href":"https:\/\/www.europesays.com\/pl\/wp-json\/wp\/v2\/media\/438659"}],"wp:attachment":[{"href":"https:\/\/www.europesays.com\/pl\/wp-json\/wp\/v2\/media?parent=438658"}],"wp:term":[{"taxonomy":"category","embeddable":true,"href":"https:\/\/www.europesays.com\/pl\/wp-json\/wp\/v2\/categories?post=438658"},{"taxonomy":"post_tag","embeddable":true,"href":"https:\/\/www.europesays.com\/pl\/wp-json\/wp\/v2\/tags?post=438658"}],"curies":[{"name":"wp","href":"https:\/\/api.w.org\/{rel}","templated":true}]}}