{"id":439151,"date":"2026-05-19T13:05:07","date_gmt":"2026-05-19T13:05:07","guid":{"rendered":"https:\/\/www.europesays.com\/pl\/439151\/"},"modified":"2026-05-19T13:05:07","modified_gmt":"2026-05-19T13:05:07","slug":"ziobro-w-usa-tusk-zmobilizowal-zurka-i-sikorskiego-do-dzialania-wprost","status":"publish","type":"post","link":"https:\/\/www.europesays.com\/pl\/439151\/","title":{"rendered":"Ziobro w USA. Tusk zmobilizowa\u0142 \u017burka i Sikorskiego do dzia\u0142ania \u2013 Wprost"},"content":{"rendered":"\n<p>&#13;<br \/>\nPrzed posiedzeniem rz\u0105du we\u00a0wtorek 19 maja premier Donald Tusk wr\u00f3ci\u0142 do\u00a0tematu Zbigniewa Ziobry. By\u0142y minister sprawiedliwo\u015bci przebywa obecnie w\u00a0Stanach Zjednoczonych. Poszukiwany przez polski wymiar sprawiedliwo\u015bci pose\u0142 PiS w\u00a0niejasnych okoliczno\u015bciach uciek\u0142 tam z\u00a0W\u0119gier. &#13;\n<\/p>\n<p>Tusk o\u00a0sprawie Ziobry: \u017burek i\u00a0Sikorski do\u00a0dzie\u0142a<\/p>\n<p>&#13;<br \/>\nDonald Tusk przyzna\u0142, \u017ce\u00a0w\u00a0naszych relacjach z\u00a0USA dominuj\u0105 ostatnio dwa tematy. Pierwszy, to\u00a0wycofanie \u017co\u0142nierzy ameryka\u0144skich z\u00a0naszego kraju. Drugi, to\u00a0\u201ebulwersuj\u0105ca sprawa, jak\u0105 jest <a href=\"https:\/\/www.wprost.pl\/kraj\/12333696\/ziobro-z-wiza-do-usa-tak-pomogla-administracja-trumpa.html\" rel=\"nofollow noopener\" target=\"_blank\">udzielenie wizy i\u00a0zgody na\u00a0pobyt<\/a>, \u015bciganemu przez pa\u0144stwo polskie Zbigniewowi Ziobrze\u201d. &#13;\n<\/p>\n<p>&#13;<br \/>\n\u2013 Bardzo bym chcia\u0142, aby\u00a0zar\u00f3wno minister spraw zagranicznych Rados\u0142aw Sikorski, jak i\u00a0minister sprawiedliwo\u015bci Waldemar \u017burek, aby\u00a0przedstawili naszym ameryka\u0144skim partnerom komplet informacji i\u00a0m\u00f3wi\u0119 nie\u00a0tylko o\u00a0waszych odpowiednikach, ale\u00a0tak\u017ce opinii publicznej \u2013\u00a0m\u00f3wi\u0142 premier, podkre\u015blaj\u0105c wag\u0119 zarzut\u00f3w, jakie ci\u0105\u017c\u0105 nad pos\u0142em PiS. &#13;\n<\/p>\n<p>Tusk o\u00a0ekstradycji Ziobry z\u00a0USA: To\u00a0nigdy nie\u00a0by\u0142o \u0142atwe<\/p>\n<p>&#13;<br \/>\nDonald Tusk przypomnia\u0142, \u017ce\u00a0z\u00a0najnowszej historii wiemy, i\u017c\u00a0\u201enigdy nie\u00a0by\u0142o \u0142atwe\u201d doprowadzenie do\u00a0ekstradycji z\u00a0USA. \u2013\u00a0Pami\u0119tacie histori\u0119 Edwarda Mazura. Nigdy nie\u00a0zosta\u0142 wydany polskim w\u0142adzom, a\u00a0ci\u0105\u017cy\u0142y na\u00a0nim powa\u017cne zarzuty, m.in. zab\u00f3jstwa Marka Papa\u0142y, szefa policji \u2013\u00a0podkre\u015bla\u0142. &#13;\n<\/p>\n<p>&#13;<br \/>\n\u2013 Zdaj\u0119 sobie spraw\u0119, \u017ce\u00a0to\u00a0nie jest prosta sprawa, ale\u00a0podejmiemy wszystkie dzia\u0142ania, tak \u017ceby przynajmniej nikt nie\u00a0mia\u0142 pretekstu i\u00a0powiedzia\u0142, \u017ce\u00a0nie wiedzia\u0142 o\u00a0co chodzi, z\u00a0kim mamy do\u00a0czynienia \u2013\u00a0zapowiada\u0142. Co\u00a0ciekawe, jako \u201enajbardziej spektakularny fakt\u201d na\u00a0temat Zbigniewa Ziobry poda\u0142 nie\u00a0nadu\u017cycia w\u00a0Funduszu Sprawiedliwo\u015bci, ale\u00a0wykorzystanie pieni\u0119dzy na\u00a0pomoc ofiarom przest\u0119pstw do\u00a0zakupu systemu Pegasus w\u00a0celu inwigilacji opozycji. &#13;\n<\/p>\n<p>&#13;<br \/>\nCzytaj te\u017c:<br \/><a href=\"https:\/\/www.wprost.pl\/kraj\/12333501\/patrycja-kotecka-ziobro-w-usa-zaskakujace-ustalenia.html\" rel=\"follow nofollow noopener\" data-schema=\"WPROST\" data-image=\"https:\/\/img.wprost.pl\/_thumb\/77\/3c\/fc268d3b8a95a24624c06c765b04.jpeg\" target=\"_blank\">\u017bona Ziobry nagle zmieni\u0142a tras\u0119 podr\u00f3\u017cy. Zaskakuj\u0105ce ustalenia<\/a>Czytaj te\u017c:<br \/><a href=\"https:\/\/www.wprost.pl\/opinie-i-komentarze\/12333156\/czarnek-skomentowal-zmiane-wlasciciela-w-tvn-nawiazal-do-sprawy-ziobry.html\" rel=\"follow nofollow noopener\" data-schema=\"WPROST\" data-image=\"https:\/\/img.wprost.pl\/_thumb\/ba\/72\/94af03961e5902c847541927ddb7.jpeg\" target=\"_blank\">Czarnek poda\u0142 4\u00a0warunki, po\u00a0kt\u00f3rych Ziobro wr\u00f3ci do\u00a0Polski. \u201eTylko TVN tego nie\u00a0rozumie\u201d<\/a>&#13;<\/p>\n","protected":false},"excerpt":{"rendered":"&#13; Przed posiedzeniem rz\u0105du we\u00a0wtorek 19 maja premier Donald Tusk wr\u00f3ci\u0142 do\u00a0tematu Zbigniewa Ziobry. By\u0142y minister sprawiedliwo\u015bci przebywa&hellip;\n","protected":false},"author":2,"featured_media":439152,"comment_status":"","ping_status":"","sticky":false,"template":"","format":"standard","meta":{"footnotes":"","_share_on_mastodon":"0"},"categories":[62713],"tags":[1345,1624,6297,49,6199,907,1316,80,99,71,43315,3817,2230],"class_list":["post-439151","post","type-post","status-publish","format-standard","has-post-thumbnail","category-donald-tusk","tag-donald-tusk","tag-ekstradycja","tag-inwigilacja","tag-kraj","tag-pegasus","tag-polityka","tag-sikorski","tag-swiat","tag-tusk","tag-usa","tag-wprost","tag-ziobro","tag-zurek"],"share_on_mastodon":{"url":"","error":""},"_links":{"self":[{"href":"https:\/\/www.europesays.com\/pl\/wp-json\/wp\/v2\/posts\/439151","targetHints":{"allow":["GET"]}}],"collection":[{"href":"https:\/\/www.europesays.com\/pl\/wp-json\/wp\/v2\/posts"}],"about":[{"href":"https:\/\/www.europesays.com\/pl\/wp-json\/wp\/v2\/types\/post"}],"author":[{"embeddable":true,"href":"https:\/\/www.europesays.com\/pl\/wp-json\/wp\/v2\/users\/2"}],"replies":[{"embeddable":true,"href":"https:\/\/www.europesays.com\/pl\/wp-json\/wp\/v2\/comments?post=439151"}],"version-history":[{"count":0,"href":"https:\/\/www.europesays.com\/pl\/wp-json\/wp\/v2\/posts\/439151\/revisions"}],"wp:featuredmedia":[{"embeddable":true,"href":"https:\/\/www.europesays.com\/pl\/wp-json\/wp\/v2\/media\/439152"}],"wp:attachment":[{"href":"https:\/\/www.europesays.com\/pl\/wp-json\/wp\/v2\/media?parent=439151"}],"wp:term":[{"taxonomy":"category","embeddable":true,"href":"https:\/\/www.europesays.com\/pl\/wp-json\/wp\/v2\/categories?post=439151"},{"taxonomy":"post_tag","embeddable":true,"href":"https:\/\/www.europesays.com\/pl\/wp-json\/wp\/v2\/tags?post=439151"}],"curies":[{"name":"wp","href":"https:\/\/api.w.org\/{rel}","templated":true}]}}