{"id":439380,"date":"2026-05-19T15:17:23","date_gmt":"2026-05-19T15:17:23","guid":{"rendered":"https:\/\/www.europesays.com\/pl\/439380\/"},"modified":"2026-05-19T15:17:23","modified_gmt":"2026-05-19T15:17:23","slug":"skoda-epiq-wymiary-osiagi-zasieg-cena-obejrzalem-jej-niedrogiego-suv-a","status":"publish","type":"post","link":"https:\/\/www.europesays.com\/pl\/439380\/","title":{"rendered":"Skoda Epiq &#8211; wymiary, osi\u0105gi, zasi\u0119g, cena. Obejrza\u0142em jej niedrogiego SUV-a"},"content":{"rendered":"\n<ul class=\"ods-m-bullet-list\">\n<li class=\"ods-a-bullet ods-a-bullet--normal\"> Wyjazd na prezentacj\u0119 by\u0142 op\u0142acony przez producenta, ale nie mia\u0142 on wgl\u0105du w prezentowany materia\u0142 <\/li>\n<\/ul>\n<p>To projekt o szerokim zasi\u0119gu. Prowadzony od kilku lat obejmuje a\u017c cztery marki koncernu Volkswagena: Audi, Cupr\u0119, VW i w\u0142a\u015bnie Skod\u0119. W tym roku przybiera konkretne kszta\u0142ty pi\u0119ciu miejskich aut. Jednym z nich jest Skoda Epiq.<\/p>\n<p class=\"ods-o-frame-in-text__paragraph\">Przeczytaj tak\u017ce: <a href=\"https:\/\/www.auto-swiat.pl\/wiadomosci\/aktualnosci\/skoda-peaq-bedzie-flagowym-suv-em-skody-bazuje-na-koncepcyjnym-vision-7s\/8v7p3fx\" id=\"8e8c641f-bc07-4825-8d13-fa33e7408467\" rel=\"nofollow noopener\" target=\"_blank\">Taki b\u0119dzie najwi\u0119kszy SUV Skody. Bazuje na koncepcyjnym Vision 7S<\/a><\/p>\n<p>Epiq jako pierwsza Skoda dostaje now\u0105 platform\u0119 i nadwozie od A do Z utrzymane w stylu Modern Solid. Przednie \u015bwiat\u0142a uk\u0142adaj\u0105 si\u0119 w liter\u0119 T i to m.in. po tym poznasz Modern Solid. Zdecydowanie bardziej wola\u0142em jednak pozna\u0107 Skod\u0119 Epiq od \u015brodka. Na spotkanie um\u00f3wili\u015bmy si\u0119 wi\u0119c w Zurychu, podczas jej \u015bwiatowej premiery.<\/p>\n<p>Jakie to auto Skoda Epiq?<\/p>\n<p>Skoda Epiq jest sz\u00f3stym i jednocze\u015bnie najmniejszym SUV-em w gamie Skody. Miejskie auto ma bowiem 417,1 cm d\u0142ugo\u015bci, 179,8 cm szeroko\u015bci oraz 158,1 cm wysoko\u015bci. W por\u00f3wnaniu z Kamikiem jest wi\u0119c o 7,8 cm kr\u00f3tszy i o p\u00f3\u0142 centymetra szerszy. Cho\u0107 przednie fotele Epiqa znajduj\u0105 si\u0119 o 6,2 cm wy\u017cej ni\u017c w Kamiqu, to samo nadwozie jest wy\u017csze o jedyne 2,2 cm.<\/p>\n<p>Zapytasz, po co Skodzie dwa miejskie SUV-y. Poczekaj, nie doszli\u015bmy jeszcze do nap\u0119du.<\/p>\n<p>O ile Kamiq jest spalinowym autem, o tyle Epiq to elektryk \u2013 dost\u0119pny w trzech wersjach:<\/p>\n<ul class=\"ods-m-bullet-list\">\n<li class=\"ods-a-bullet ods-a-bullet--normal\"> Epiq 35: 116 KM; 267 Nm; akumulator trakcyjny: 38,5 kWh; przyspieszenie od 0 do 100 km na godz.: 11 s; zasi\u0119g: 315 km; <\/li>\n<li class=\"ods-a-bullet ods-a-bullet--normal\"> Epiq 40: 135 KM; 267 Nm; akumulator trakcyjny: 38,5 kWh; przyspieszenie od 0 do 100 km na godz.: 9,8 s; zasi\u0119g: 315 km; <\/li>\n<li class=\"ods-a-bullet ods-a-bullet--normal\"> Epiq 55: 211 KM; 290 Nm; akumulator trakcyjny: 55 kWh; przyspieszenie od 0 do 100 km na godz.: 7,4 s; zasi\u0119g: 430 km. <\/li>\n<\/ul>\n<p> <img decoding=\"async\" src=\"https:\/\/www.europesays.com\/pl\/wp-content\/uploads\/2026\/05\/dGZk9lBaHR0cHM6Ly9vY2RuLmV1L3B1bHNjbXMvTURBXy81ZGVjYTYwNTMwYmVkOWQ2NGM3OGZjMjliNDVmMmNmYS5qcGeRlQLNB.jpeg\" height=\"642\" width=\"940\" alt=\"Skoda Epiq 2026\" loading=\"lazy\" class=\"ods-c-image__img ods-c-image__img--viewport-width\"\/> <\/p>\n<p>Skoda Epiq 2026\u0179r\u00f3d\u0142o: Auto \u015awiat \/ Krzysztof Wojciechowicz<\/p>\n<p>Jak na Skod\u0119, Epiq ma nietypowe miejsce produkcji. Samoch\u00f3d powstaje bowiem w Hiszpanii. Nietypowy jest te\u017c rozstaw osi.<\/p>\n<p>Epiq to pierwsza Skoda oparta na platformie MEB+ przeznaczonej wy\u0142\u0105cznie dla elektryk\u00f3w. Teoretycznie powinno to oznacza\u0107 ponadprzeci\u0119tnie du\u017cy rozstaw osi, tymczasem w Epiqu jest on a\u017c o 5 cm mniejszy ni\u017c w Kamiqu (260,1 cm vs 265,1 cm). Na dodatek Epiq ma ogromny baga\u017cnik. Czy to wszystko razem nie oznacza aby przyciasnego wn\u0119trza?<\/p>\n<p> <img decoding=\"async\" src=\"https:\/\/www.europesays.com\/pl\/wp-content\/uploads\/2026\/05\/cZLk9lBaHR0cHM6Ly9vY2RuLmV1L3B1bHNjbXMvTURBXy85ODQ5ZjQ5Mjc1NjE4OTA3MTJkNjU5ZjczMjY5NzMzMi5qcGeRlQLNB.jpeg\" height=\"617\" width=\"940\" alt=\"Skoda Epiq 2026\" loading=\"lazy\" class=\"ods-c-image__img ods-c-image__img--viewport-width\"\/> <\/p>\n<p>Skoda Epiq 2026Krzysztof Wojciechowicz \/ Auto \u015awiat<\/p>\n<p> Jaka jest Skoda Epiq w \u015brodku? <\/p>\n<p>Przestronna. Wr\u0119cz du\u017ca. Ani mniejszy rozstaw osi, ani wi\u0119kszy baga\u017cnik nie zaszkodzi\u0142y przestronno\u015bci. Z moimi 188 cm wzrostu na tylnej kanapie Skody Epiq mam sporo miejsca na nogi i bardzo sporo nad g\u0142ow\u0105. Przednie fotele s\u0105 zaskakuj\u0105co obszerne, a materia\u0142y wyko\u0144czeniowe sprawiaj\u0105 solidne wra\u017cenie. Takie Modern Solid.<\/p>\n<p>Przedstawiaj\u0105c obecnego Superba, Skoda deklarowa\u0142a, \u017ce \u201euwa\u017cnie s\u0142ucha\u0142a klient\u00f3w\u201d i dlatego wr\u00f3ci\u0142a do trzech pokr\u0119te\u0142 w \u015brodkowej konsoli: dwoma zewn\u0119trznymi ustawia si\u0119 np. temperatur\u0119 klimatyzacji, \u015brodkowym \u2013 m.in. si\u0142\u0119 i kierunek jej nadmuchu. Niestety, w Epiqu ich nie znajdziesz. Te trzy kluczowe funkcje reguluje si\u0119 na 13-calowym ekranie. Czy\u017cby tym razem Skoda nie nadstawi\u0142a ucha? Nie do ko\u0144ca.<\/p>\n<p> <img decoding=\"async\" src=\"https:\/\/www.europesays.com\/pl\/wp-content\/uploads\/2026\/05\/1muk9lBaHR0cHM6Ly9vY2RuLmV1L3B1bHNjbXMvTURBXy9iNTVmNDkyYTE2NDVhZjhlYTYzNDQ3YThiNDBkYjI0Mi5qcGeRlQLNB.jpeg\" height=\"705\" width=\"940\" alt=\"Skoda Epiq 2026\" loading=\"lazy\" class=\"ods-c-image__img ods-c-image__img--viewport-width\"\/> <\/p>\n<p>Skoda Epiq 2026\u0179r\u00f3d\u0142o: Auto \u015awiat \/ Krzysztof Wojciechowicz<\/p>\n<p>Z moich informacji wynika, \u017ce przy projekcie o takim zasi\u0119gu \u2013 kt\u00f3ry nie tylko obejmuje kilka marek z r\u00f3\u017cnymi filozofiami, ale te\u017c musi z siebie wyda\u0107 niedrogie samochody \u2013 konieczne s\u0105 kompromisy. Jednym z nich by\u0142a rezygnacja z pokr\u0119te\u0142 klimatyzacji. Niestety.<\/p>\n<p>Skoda Epiq jest za to dobrze przygotowana na kaprysy pogody. Je\u017celi pada, to po wyj\u015bciu z auta mo\u017cesz si\u0119gn\u0105\u0107 po parasol schowany w drzwiach. Je\u015bli chwyci\u0142 mr\u00f3z, to przed wej\u015bciem mo\u017cesz skorzysta\u0107 ze skrobaczki do szyb.<\/p>\n<p>Jak na standardy miejskich SUV-\u00f3w baga\u017cnik Epiqa jest gigantyczny. W bazowej konfiguracji okazuje si\u0119 jeszcze wi\u0119kszy ni\u017c w Kamiqu (Epiq: 475-1344 l; Kamiq: 400-1395 l).<\/p>\n<p> <img decoding=\"async\" src=\"https:\/\/www.europesays.com\/pl\/wp-content\/uploads\/2026\/05\/Q_Wk9lBaHR0cHM6Ly9vY2RuLmV1L3B1bHNjbXMvTURBXy81ZDhkMzViYmJmOTQyOWQ3YjA5YWE5YmY4YTg4OWI1OC5qcGeRlQLNB.jpeg\" height=\"800\" width=\"909\" alt=\"Skoda Epiq 2026\" loading=\"lazy\" class=\"ods-c-image__img ods-c-image__img--viewport-width\"\/> <\/p>\n<p>Skoda Epiq 2026Skoda Polska<\/p>\n<p>  <img decoding=\"async\" src=\"https:\/\/www.europesays.com\/pl\/wp-content\/uploads\/2026\/05\/a_7k9lBaHR0cHM6Ly9vY2RuLmV1L3B1bHNjbXMvTURBXy9iNWUzMWU0OTdmZGRkMDIxOGQwMGE4ZTQwOTgyMzQwYS5qcGeRlQLNB.jpeg\" height=\"627\" width=\"940\" alt=\"Skoda Epiq 2026\" loading=\"lazy\" class=\"ods-c-image__img ods-c-image__img--viewport-width\"\/> <\/p>\n<p>Skoda Epiq 2026Skoda Polska<\/p>\n<p> Jaka cena Skody Epiq w Polsce?<\/p>\n<p>SUV Epiq z pewno\u015bci\u0105 do\u0142o\u017cy si\u0119 do elektrosukces\u00f3w czeskiej firmy. W 2025 r. kompaktowa Skoda Elroq by\u0142a przecie\u017c 2. najcz\u0119\u015bciej kupowanym nowym autem elektrycznym w Europie, a w okresie stycze\u0144-kwiecie\u0144 2026 r. \u2013 najpopularniejszym w Polsce elektrykiem ca\u0142ego koncernu VW. Ma\u0142o tego, w tym czasie zarejestrowano u nas 544 nowe Skody Elroq, czyli tylko o 70 mniej ni\u017c wszystkich osobowych elektryk\u00f3w marki Volkswagen razem wzi\u0119tych. A to przecie\u017c a\u017c pi\u0119\u0107 modeli!<\/p>\n<p>Skoda Epiq raczej nie zejdzie poni\u017cej 100 tys. z\u0142 \u2013 chyba \u017ce kiedy\u015b, podczas wyprzeda\u017cy rocznika. Szacuj\u0119, \u017ce regularne ceny zaczn\u0105 si\u0119 od 115 tys. z\u0142 \u2013 to i tak \u0142adnie. Sprzeda\u017c rusza w czerwcu 2026 r.<\/p>\n<p>     1  \/  10   Skoda Epiq 2026       <img class=\"ods-a-photo ods-a-photo--background\" src=\"https:\/\/www.europesays.com\/pl\/wp-content\/uploads\/2026\/05\/Vl0k9lBaHR0cHM6Ly9vY2RuLmV1L3B1bHNjbXMvTURBXy9iZDUzNWI1YTRkMjZiOGQzM2M5ZmU1YmJlZjk0NmExMi5qcGeRkwXNB.jpeg\" height=\"623\" width=\"940\" alt=\"Skoda Epiq 2026\" loading=\"lazy\" fetchpriority=\"auto\" decoding=\"auto\"\/>    <\/p>\n<p>Auto \u015awiat \/ Krzysztof Wojciechowicz<\/p>\n<p>           2  \/  10   Skoda Epiq 2026       <img class=\"ods-a-photo ods-a-photo--background\" src=\"https:\/\/www.europesays.com\/pl\/wp-content\/uploads\/2026\/05\/Fglk9lBaHR0cHM6Ly9vY2RuLmV1L3B1bHNjbXMvTURBXy9mYWUwNzFhNmU3NDk5YTk5NzFkZTkzZTM0ZDNlM2UzMy5qcGeRkwXNB.jpeg\" height=\"642\" width=\"940\" alt=\"Skoda Epiq 2026\" loading=\"lazy\" fetchpriority=\"auto\" decoding=\"auto\"\/>    <\/p>\n<p>Auto \u015awiat \/ Krzysztof Wojciechowicz<\/p>\n<p>                  3  \/  10   Skoda Epiq 2026       <img class=\"ods-a-photo ods-a-photo--background\" src=\"https:\/\/cdn.auto-swiat.pl\/1\/-0Tk9lBaHR0cHM6Ly9vY2RuLmV1L3B1bHNjbXMvTURBXy83YWE2OWEzYTdmNDhjOTVhZWE4MjJhZTY3NWRlNWZmMy5qcGeRkwXNBvLNBkDeAAKhMAehMQQ\" height=\"800\" width=\"889\" alt=\"Skoda Epiq 2026\" loading=\"lazy\" fetchpriority=\"auto\" decoding=\"auto\"\/>    <\/p>\n<p>Auto \u015awiat \/ Krzysztof Wojciechowicz<\/p>\n<p>           4  \/  10   Skoda Epiq 2026       <img class=\"ods-a-photo ods-a-photo--background\" src=\"https:\/\/www.europesays.com\/pl\/wp-content\/uploads\/2026\/05\/y4Fk9lBaHR0cHM6Ly9vY2RuLmV1L3B1bHNjbXMvTURBXy85NzZhZGUwMWFlYzVkNzViNzUwZTgzMmVjNGM3NDQ0NS5qcGeRkwXNB.jpeg\" height=\"683\" width=\"940\" alt=\"Skoda Epiq 2026\" loading=\"lazy\" fetchpriority=\"auto\" decoding=\"auto\"\/>    <\/p>\n<p>Auto \u015awiat \/ Krzysztof Wojciechowicz<\/p>\n<p>                  5  \/  10   Skoda Epiq 2026       <img class=\"ods-a-photo ods-a-photo--background\" src=\"https:\/\/www.europesays.com\/pl\/wp-content\/uploads\/2026\/05\/tJzk9lBaHR0cHM6Ly9vY2RuLmV1L3B1bHNjbXMvTURBXy85ZGFjODdjOGJmYWY5NzRkZjIzOWQ2ZGVhYTgzOTcxYi5qcGeRkwXNB.jpeg\" height=\"617\" width=\"940\" alt=\"Skoda Epiq 2026\" loading=\"lazy\" fetchpriority=\"auto\" decoding=\"auto\"\/>    <\/p>\n<p>Auto \u015awiat \/ Krzysztof Wojciechowicz<\/p>\n<p>           6  \/  10   Skoda Epiq 2026       <img class=\"ods-a-photo ods-a-photo--background\" src=\"https:\/\/www.europesays.com\/pl\/wp-content\/uploads\/2026\/05\/-hTk9lBaHR0cHM6Ly9vY2RuLmV1L3B1bHNjbXMvTURBXy84Y2RkZjNkMTZjYTI0OTAxNjMzNzAxMGIwOTVkNzAxOC5qcGeRkwXNB.jpeg\" height=\"487\" width=\"940\" alt=\"Skoda Epiq 2026\" loading=\"lazy\" fetchpriority=\"auto\" decoding=\"auto\"\/>    <\/p>\n<p>Skoda Polska<\/p>\n<p>                  7  \/  10   Skoda Epiq 2026       <img class=\"ods-a-photo ods-a-photo--background\" src=\"https:\/\/www.europesays.com\/pl\/wp-content\/uploads\/2026\/05\/Lipk9lBaHR0cHM6Ly9vY2RuLmV1L3B1bHNjbXMvTURBXy8zZmNmYjY5YWE1NTM2NjJjNWRlZDFjMTMyMzMyZDdjNy5qcGeRkwXNB.jpeg\" height=\"627\" width=\"940\" alt=\"Skoda Epiq 2026\" loading=\"lazy\" fetchpriority=\"auto\" decoding=\"auto\"\/>    <\/p>\n<p>Skoda Polska<\/p>\n<p>           8  \/  10   Skoda Epiq 2026       <img class=\"ods-a-photo ods-a-photo--background\" src=\"https:\/\/www.europesays.com\/pl\/wp-content\/uploads\/2026\/05\/cJhk9lBaHR0cHM6Ly9vY2RuLmV1L3B1bHNjbXMvTURBXy9kNDRiODE0MjM1ZmNkZTgxMDI5OGQzZDk0MzZmY2M2Yi5qcGeRkwXNB.jpeg\" height=\"627\" width=\"940\" alt=\"Skoda Epiq 2026\" loading=\"lazy\" fetchpriority=\"auto\" decoding=\"auto\"\/>    <\/p>\n<p>Skoda Polska<\/p>\n<p>                  9  \/  10   Skoda Epiq 2026       <img class=\"ods-a-photo ods-a-photo--background\" src=\"https:\/\/www.europesays.com\/pl\/wp-content\/uploads\/2026\/05\/GWik9lBaHR0cHM6Ly9vY2RuLmV1L3B1bHNjbXMvTURBXy9mNzEzMGI0NThhY2Q4NzgxMmM3MGEyZDg5ZmIwNmYwNS5qcGeRkwXNB.jpeg\" height=\"800\" width=\"909\" alt=\"Skoda Epiq 2026\" loading=\"lazy\" fetchpriority=\"auto\" decoding=\"auto\"\/>    <\/p>\n<p>Skoda Polska<\/p>\n<p>           10  \/  10   Skoda Epiq 2026       <img class=\"ods-a-photo ods-a-photo--background\" src=\"https:\/\/www.europesays.com\/pl\/wp-content\/uploads\/2026\/05\/rhnk9lBaHR0cHM6Ly9vY2RuLmV1L3B1bHNjbXMvTURBXy82MDRjZTNjODI1NGM3N2E5NmQzNGE0N2E2NWQ2YjQ3OS5qcGeRkwXNB.jpeg\" height=\"529\" width=\"940\" alt=\"Skoda Epiq 2026\" loading=\"lazy\" fetchpriority=\"auto\" decoding=\"auto\"\/>    <\/p>\n<p>Skoda Polska<\/p>\n","protected":false},"excerpt":{"rendered":"Wyjazd na prezentacj\u0119 by\u0142 op\u0142acony przez producenta, ale nie mia\u0142 on wgl\u0105du w prezentowany materia\u0142 To projekt o&hellip;\n","protected":false},"author":2,"featured_media":439381,"comment_status":"","ping_status":"","sticky":false,"template":"","format":"standard","meta":{"footnotes":"","_share_on_mastodon":"0"},"categories":[16],"tags":[113,61195,112,2263,48,46,42,38,40,39,41,649,650,47,3771,2261,26],"class_list":["post-439380","post","type-post","status-publish","format-standard","has-post-thumbnail","category-biznes","tag-biznes","tag-bottomfeed_styl","tag-business","tag-elektryk","tag-nat_styl","tag-omp","tag-pl","tag-poland","tag-polish","tag-polska","tag-polski","tag-premiera","tag-premiery","tag-screening_general","tag-skoda","tag-suv","tag-wiadomosci"],"share_on_mastodon":{"url":"https:\/\/pubeurope.com\/@pl\/116601910862066481","error":""},"_links":{"self":[{"href":"https:\/\/www.europesays.com\/pl\/wp-json\/wp\/v2\/posts\/439380","targetHints":{"allow":["GET"]}}],"collection":[{"href":"https:\/\/www.europesays.com\/pl\/wp-json\/wp\/v2\/posts"}],"about":[{"href":"https:\/\/www.europesays.com\/pl\/wp-json\/wp\/v2\/types\/post"}],"author":[{"embeddable":true,"href":"https:\/\/www.europesays.com\/pl\/wp-json\/wp\/v2\/users\/2"}],"replies":[{"embeddable":true,"href":"https:\/\/www.europesays.com\/pl\/wp-json\/wp\/v2\/comments?post=439380"}],"version-history":[{"count":0,"href":"https:\/\/www.europesays.com\/pl\/wp-json\/wp\/v2\/posts\/439380\/revisions"}],"wp:featuredmedia":[{"embeddable":true,"href":"https:\/\/www.europesays.com\/pl\/wp-json\/wp\/v2\/media\/439381"}],"wp:attachment":[{"href":"https:\/\/www.europesays.com\/pl\/wp-json\/wp\/v2\/media?parent=439380"}],"wp:term":[{"taxonomy":"category","embeddable":true,"href":"https:\/\/www.europesays.com\/pl\/wp-json\/wp\/v2\/categories?post=439380"},{"taxonomy":"post_tag","embeddable":true,"href":"https:\/\/www.europesays.com\/pl\/wp-json\/wp\/v2\/tags?post=439380"}],"curies":[{"name":"wp","href":"https:\/\/api.w.org\/{rel}","templated":true}]}}