{"id":439622,"date":"2026-05-19T17:34:10","date_gmt":"2026-05-19T17:34:10","guid":{"rendered":"https:\/\/www.europesays.com\/pl\/439622\/"},"modified":"2026-05-19T17:34:10","modified_gmt":"2026-05-19T17:34:10","slug":"kubanski-kryzys-pod-domem-trumpa-tym-razem-chodzi-nie-o-migrantow-a-drony","status":"publish","type":"post","link":"https:\/\/www.europesays.com\/pl\/439622\/","title":{"rendered":"Kuba\u0144ski kryzys pod domem Trumpa. Tym razem chodzi nie o migrant\u00f3w, a drony"},"content":{"rendered":"<p>Czy Florydzie, nazywanej &#8222;S\u0142onecznym Stanem&#8221;, grozi niebezpiecze\u0144stwo ze strony dron\u00f3w startuj\u0105cych z Kuby? Wed\u0142ug ameryka\u0144skiego raportu w Waszyngtonie rosn\u0105 obawy zwi\u0105zane z ponad <a href=\"https:\/\/wiadomosci.onet.pl\/swiat\/kuba-kupuje-ponad-300-dronow-usa-obawiaja-sie-atakow-guantanamo-i-florydy\/m7m2msc\" id=\"7d491c3e-19be-4c21-95c5-f28e6b13959d\" rel=\"nofollow noopener\" target=\"_blank\">300 dronami-kamikadze<\/a>, kt\u00f3re Iran i Rosja mia\u0142y dostarczy\u0107 re\u017cimowi w Hawanie. Najwi\u0119kszy niepok\u00f3j budzi mo\u017cliwo\u015b\u0107 wykorzystania ich do atak\u00f3w na oddalony o zaledwie 145 km Key West na Florydzie albo na ameryka\u0144sk\u0105 baz\u0119 wojskow\u0105 w Zatoce Guantanamo.<\/p>\n<p>Je\u015bli Kuba rzeczywi\u015bcie posiada takie drony typu Szahid, to w ich zasi\u0119gu znalaz\u0142oby si\u0119 nawet Palm Beach, po\u0142o\u017cone ok. 471 km dalej \u2014 w\u0142a\u015bnie tam znajduje si\u0119 rezydencja prezydencka Mar-a-Lago. Donald Trump regularnie przyjmuje w tym luksusowym kurorcie r\u00f3wnie\u017c zagranicznych przyw\u00f3dc\u00f3w i oficjalnych go\u015bci pa\u0144stwowych. Obiekt uchodzi za wyj\u0105tkowo dobrze chroniony przez Secret Service.<\/p>\n<p>Pytanie jednak brzmi: czy jest wystarczaj\u0105co zabezpieczony tak\u017ce przed owianymi z\u0142\u0105 s\u0142aw\u0105 ira\u0144skimi dronami bojowymi?<\/p>\n<p>Wed\u0142ug raportu drony bojowe mia\u0142y trafia\u0107 na Kub\u0119 ju\u017c od 2023 r. \u2014 zar\u00f3wno z Rosji, jak i z Iranu \u2014 a nast\u0119pnie zosta\u0107 rozmieszczone w strategicznych punktach wyspy.<\/p>\n<p>     W\u015br\u00f3d mieszka\u0144c\u00f3w po\u0142udniowej Florydy wywo\u0142a\u0142o to niemal panik\u0119. Lokalny szeryf w Key West, Rick Ramsey, musia\u0142 apelowa\u0107 do mieszka\u0144c\u00f3w o zachowanie spokoju. T\u0142em ca\u0142ej sytuacji s\u0105 <a href=\"https:\/\/wiadomosci.onet.pl\/swiat\/loty-szpiegowskie-nad-hawana-w-wiekszej-skali-media-ujawniaja-dane\/jghpm92\" id=\"ed2dd633-ebba-4ba1-9a97-bdbd2850ffdb\" rel=\"nofollow noopener\" target=\"_blank\">coraz bardziej napi\u0119te relacje mi\u0119dzy Stanami Zjednoczonymi a Kub\u0105<\/a>, kt\u00f3re od kilku tygodni zmierzaj\u0105 w stron\u0119 otwartego konfliktu.<\/p>\n<p>Prezydent Kuby Miguel Diaz-Canel ostrzeg\u0142 ostatnio przed &#8222;krwaw\u0105 masakr\u0105&#8221;, je\u015bli narastaj\u0105ca wrogo\u015b\u0107 zako\u0144czy si\u0119 wojn\u0105.<\/p>\n<p> <img decoding=\"async\" src=\"https:\/\/www.europesays.com\/pl\/wp-content\/uploads\/2026\/05\/iCnk9lBaHR0cHM6Ly9vY2RuLmV1L3B1bHNjbXMvTURBXy83ZDA3ZGI2YmUxNTZiMWRiN2VmMmFmNjg2MDc4NTE0Ny5qcGeRlQLNB.jpeg\" height=\"627\" width=\"940\" alt=\"Prezydent Kuby Miguel Diaz-Canel \" loading=\"lazy\" class=\"ods-c-image__img ods-c-image__img--viewport-width\"\/> <\/p>\n<p>Prezydent Kuby Miguel Diaz-CanelERNESTO MASTRASCUSA \/ PAP<\/p>\n<p>Kuba\u0144ski minister spraw zagranicznych Bruno Rodriguez oskar\u017cy\u0142 z kolei Stany Zjednoczone o wykorzystywanie rzekomego zagro\u017cenia dronami jako pretekstu do przygotowania militarnego uderzenia na wysp\u0119.<\/p>\n<p>     Kuba staje si\u0119 priorytetem dla Bia\u0142ego DomuPresja ze strony Amerykan\u00f3w ro\u015bnie z dnia na dzie\u0144. Z powodu blokady dostaw ropy <a href=\"https:\/\/wiadomosci.onet.pl\/swiat\/kuba-zmaga-sie-z-kryzysem-energetycznym-paliwo-drozeje-protesty-rosna\/chn0nn7\" id=\"8e74e7c0-40a6-49d1-95b0-4f90fe29db00\" rel=\"nofollow noopener\" target=\"_blank\">kuba\u0144ski system energetyczny praktycznie si\u0119 za\u0142ama\u0142<\/a>. Jedena\u015bcie milion\u00f3w Kuba\u0144czyk\u00f3w zmaga si\u0119 z gigantycznym kryzysem energetycznym i zaopatrzeniowym \u2014 regularnymi przerwami w dostawach pr\u0105du, brakami paliwa czy g\u00f3rami nieodebranych \u015bmieci.<\/p>\n<blockquote class=\"ods-o-quote\">\n<p class=\"ods-o-quote__paragraph\">Kraj stoi na kraw\u0119dzi katastrofy humanitarnej<\/p>\n<\/blockquote>\n<p>\u2014 powiedzia\u0142 ekspert ds. Kuby Jorge Duany w rozmowie z dziennikiem &#8222;BILD&#8221;.<\/p>\n<p> <img decoding=\"async\" src=\"https:\/\/www.europesays.com\/pl\/wp-content\/uploads\/2026\/05\/zNjk9lBaHR0cHM6Ly9vY2RuLmV1L3B1bHNjbXMvTURBXy9mMWRhNmI0YzMzZWY5NmYwMjNmYTcyMDJmMWVjNWIzZC5qcGeRlQLNB.jpeg\" height=\"627\" width=\"940\" alt=\"P\u0142on\u0105ce stosy \u015bmieci w zwi\u0105zku z trwaj\u0105cymi przerwami w dostawach pr\u0105du i niedoborem paliwa, Hawana na Kubie, 9 maja 2026 r.\" loading=\"lazy\" class=\"ods-c-image__img ods-c-image__img--viewport-width\"\/> <\/p>\n<p>P\u0142on\u0105ce stosy \u015bmieci w zwi\u0105zku z trwaj\u0105cymi przerwami w dostawach pr\u0105du i niedoborem paliwa, Hawana na Kubie, 9 maja 2026 r.MAGDALENA CHODOWNIK \/ ANADOLU \/ ANADOLU VIA AFP \/ AFP \/ AFP<\/p>\n<p>Kuba ju\u017c od dawna jest jedn\u0105 z kluczowych spraw dla Bia\u0142ego Domu. Potwierdzi\u0142a to r\u00f3wnie\u017c niedawna podr\u00f3\u017c szefa CIA Johna Ratcliffe\u2019a do Hawany.<\/p>\n<blockquote class=\"ods-o-quote\">\n<p class=\"ods-o-quote__paragraph\">Ta wizyta wygl\u0105da\u0142a jak ultimatum wobec kuba\u0144skich w\u0142adz. Przekaz by\u0142 jasny: otw\u00f3rzcie gospodark\u0119, dopu\u015b\u0107cie wi\u0119kszy udzia\u0142 sektora prywatnego, id\u017acie na polityczne ust\u0119pstwa, albo presja b\u0119dzie dalej ros\u0142a<\/p>\n<\/blockquote>\n<p>\u2014 twierdzi Duany.<\/p>\n<p>Dialog USA\u2013Kuba wok\u00f3\u0142 &#8222;Kraba&#8221;?<\/p>\n<p>Ameryka\u0144ski sekretarz stanu Marco Rubio, kt\u00f3rego rodzice pochodz\u0105 z Kuby, szczeg\u00f3lnie mocno koncentruje si\u0119 na kuba\u0144skim przyw\u00f3dcy Diazie-Canelu. Wygl\u0105da na to, \u017ce Waszyngton \u2014 podobnie jak wcze\u015bniej w Wenezueli \u2014 liczy na bardziej ugodowego lidera w Hawanie.<\/p>\n<blockquote class=\"ods-o-quote\">\n<p class=\"ods-o-quote__paragraph\">Celem Ratcliffe\u2019a by\u0142o prawdopodobnie nak\u0142onienie kuba\u0144skiego prezydenta do ust\u0105pienia ze stanowiska i u\u015bwiadomienie mu, \u017ce Trump naprawd\u0119 powa\u017cnie my\u015bli o zmianie re\u017cimu<\/p>\n<\/blockquote>\n<p>\u2014 wyja\u015bnia ameryka\u0144ski politolog Jonathan Cristol w rozmowie z &#8222;BILD&#8221;.<\/p>\n<p>Wygl\u0105da te\u017c na to, \u017ce w samym klanie Castro trwaj\u0105 ju\u017c poszukiwania potencjalnych partner\u00f3w do rozm\u00f3w. Rodzina Castro rz\u0105dzi Kub\u0105 nieprzerwanie od komunistycznej rewolucji w 1959 r. Za kulisami wci\u0105\u017c ogromne wp\u0142ywy zachowuje brat Fidela Castro \u2014 Raul Castro. Coraz cz\u0119\u015bciej pojawia si\u0119 jednak nazwisko jego wnuka, Raula Guillermo Rodrigueza Castro, znanego pod pseudonimem &#8222;El Cangrejo&#8221;, czyli &#8222;Krab&#8221;.<\/p>\n<p> <img decoding=\"async\" src=\"https:\/\/www.europesays.com\/pl\/wp-content\/uploads\/2026\/05\/6fLk9lBaHR0cHM6Ly9vY2RuLmV1L3B1bHNjbXMvTURBXy9jOTJkYTk1ZTM2MjY1MDM4OTNkNGU0YTA5YmM5ZTgxOS5qcGeRlQLNB.jpeg\" height=\"627\" width=\"940\" alt=\"Sekretarz stanu USA Marco Rubio w Waszyngtonie, 5 maja 2026 r.\" loading=\"lazy\" class=\"ods-c-image__img ods-c-image__img--viewport-width\"\/> <\/p>\n<p>Sekretarz stanu USA Marco Rubio w Waszyngtonie, 5 maja 2026 r.ALEX WONG \/ Getty Images<\/p>\n<p>By\u0142 on ochroniarzem swojego dziadka i ma bardzo dobre kontakty z pot\u0119\u017cnym wojskowym koncernem GAESA. Ostatnio pojawi\u0142y si\u0119 r\u00f3wnie\u017c informacje o jego kontaktach z Marco Rubio. Niewykluczone wi\u0119c, \u017ce ju\u017c wkr\u00f3tce karaibsk\u0105 wysp\u0105 b\u0119dzie rz\u0105dzi\u0142 bardziej przychylny Stanom Zjednoczonym przedstawiciel rodziny Castro.<\/p>\n","protected":false},"excerpt":{"rendered":"Czy Florydzie, nazywanej &#8222;S\u0142onecznym Stanem&#8221;, grozi niebezpiecze\u0144stwo ze strony dron\u00f3w startuj\u0105cych z Kuby? Wed\u0142ug ameryka\u0144skiego raportu w Waszyngtonie&hellip;\n","protected":false},"author":2,"featured_media":439623,"comment_status":"","ping_status":"","sticky":false,"template":"","format":"standard","meta":{"footnotes":"","_share_on_mastodon":"0"},"categories":[14],"tags":[56,61195,32,33,44,1350,27,6700,34,35,16022,28,31,48,25,46,40,41,47,80,29,30,71,26,82,83,84],"class_list":["post-439622","post","type-post","status-publish","format-standard","has-post-thumbnail","category-swiat","tag-article_premium","tag-bottomfeed_styl","tag-breaking-news","tag-breakingnews","tag-donald_trump","tag-floryda","tag-headlines","tag-kuba_kraj","tag-latest-news","tag-latestnews","tag-mar_a_lago","tag-naglowki","tag-najwazniejsze-artykuly","tag-nat_styl","tag-news","tag-omp","tag-polish","tag-polski","tag-screening_general","tag-swiat","tag-top-stories","tag-topstories","tag-usa","tag-wiadomosci","tag-world","tag-world-news","tag-worldnews"],"share_on_mastodon":{"url":"https:\/\/pubeurope.com\/@pl\/116602448514190194","error":""},"_links":{"self":[{"href":"https:\/\/www.europesays.com\/pl\/wp-json\/wp\/v2\/posts\/439622","targetHints":{"allow":["GET"]}}],"collection":[{"href":"https:\/\/www.europesays.com\/pl\/wp-json\/wp\/v2\/posts"}],"about":[{"href":"https:\/\/www.europesays.com\/pl\/wp-json\/wp\/v2\/types\/post"}],"author":[{"embeddable":true,"href":"https:\/\/www.europesays.com\/pl\/wp-json\/wp\/v2\/users\/2"}],"replies":[{"embeddable":true,"href":"https:\/\/www.europesays.com\/pl\/wp-json\/wp\/v2\/comments?post=439622"}],"version-history":[{"count":0,"href":"https:\/\/www.europesays.com\/pl\/wp-json\/wp\/v2\/posts\/439622\/revisions"}],"wp:featuredmedia":[{"embeddable":true,"href":"https:\/\/www.europesays.com\/pl\/wp-json\/wp\/v2\/media\/439623"}],"wp:attachment":[{"href":"https:\/\/www.europesays.com\/pl\/wp-json\/wp\/v2\/media?parent=439622"}],"wp:term":[{"taxonomy":"category","embeddable":true,"href":"https:\/\/www.europesays.com\/pl\/wp-json\/wp\/v2\/categories?post=439622"},{"taxonomy":"post_tag","embeddable":true,"href":"https:\/\/www.europesays.com\/pl\/wp-json\/wp\/v2\/tags?post=439622"}],"curies":[{"name":"wp","href":"https:\/\/api.w.org\/{rel}","templated":true}]}}