{"id":440052,"date":"2026-05-19T22:31:15","date_gmt":"2026-05-19T22:31:15","guid":{"rendered":"https:\/\/www.europesays.com\/pl\/440052\/"},"modified":"2026-05-19T22:31:15","modified_gmt":"2026-05-19T22:31:15","slug":"ziobro-do-tuska-licze-ze-nie-bedzie-sie-pan-uchylal","status":"publish","type":"post","link":"https:\/\/www.europesays.com\/pl\/440052\/","title":{"rendered":"Ziobro do Tuska: Licz\u0119, \u017ce nie b\u0119dzie si\u0119 Pan uchyla\u0142"},"content":{"rendered":"\n<p>&#13;<br \/>\nProkuratura ma\u00a0ju\u017c gotowy wniosek o\u00a0ekstradycj\u0119 by\u0142ego ministra sprawiedliwo\u015bci Zbigniewa Ziobry \u2013\u00a0wynika z\u00a0ustale\u0144 medi\u00f3w. Okazuje si\u0119 jednak, \u017ce\u00a0na razie \u015bledczy nie\u00a0mog\u0105 wys\u0142a\u0107 dokumentu do\u00a0Stan\u00f3w Zjednoczonych. B\u0119dzie to\u00a0mo\u017cliwe dopiero we\u00a0wrze\u015bniu. Dlaczego? Wniosek o\u00a0ekstradycj\u0119 nie\u00a0mo\u017ce by\u0107 wys\u0142any bez prawomocnego postanowienia s\u0105du o\u00a0areszcie. &#13;\n<\/p>\n<p>&#13;<br \/>\n\u2013 Na\u00a0chwil\u0119 obecn\u0105 s\u0105d nie\u00a0rozpozna\u0142 za\u017cale\u0144 obro\u0144c\u00f3w, tak wi\u0119c postanowienie z\u00a05 lutego nie\u00a0jest prawomocne. Pytanie o\u00a0powody jest pytaniem do\u00a0s\u0105du. S\u0105d powinien to\u00a0zrobi\u0107 w\u00a0terminie siedmiu dni, a\u00a0wi\u0119c jeszcze w\u00a0lutym \u2013\u00a0przekaza\u0142 w\u00a0rozmowie z\u00a0Wirtualn\u0105 Polsk\u0105 rzecznik prasowy Prokuratury Krajowej Przemys\u0142aw Nowak. &#13;\n<\/p>\n<p>&#13;<br \/>\nPrzypomnijmy, \u017ce\u00a0postanowienie, w\u00a0czasie kt\u00f3rego s\u0105d rozpatrzy za\u017calenie obro\u0144c\u00f3w zosta\u0142o wyznaczone dopiero na\u00a08 wrze\u015bnia. Tak odleg\u0142y termin uzasadniany jest ogromem akt \u015bledztwa. Mowa bowiem o\u00a0ponad sze\u015bciu tysi\u0105cach tom\u00f3w. &#13;\n<\/p>\n<p>&#13;<br \/>\nZbigniew Ziobro przebywa obecnie w\u00a0Stanach Zjednoczonych, dok\u0105d przyby\u0142 z\u00a0Budapesztu. Na\u00a0W\u0119grzech za\u00a0rz\u0105d\u00f3w Viktora Orbana uzyska\u0142 azyl polityczny. Po\u00a0zmianie w\u0142adzy w\u00a0tym kraju przeni\u00f3s\u0142 si\u0119 do\u00a0USA. Wed\u0142ug ustale\u0144 agencji Reutera, o\u00a0<a href=\"https:\/\/dorzeczy.pl\/kraj\/888979\/reuters-ujawnia-kto-w-usa-zdecydowal-o-wydaniu-wizy-dla-ziobry.html\" rel=\"nofollow noopener\" target=\"_blank\">wydaniu wizy<\/a> dla\u00a0polskiego polityka zdecydowa\u0142 zast\u0119pca sekretarza stanu USA Christopher Landau. &#13;\n<\/p>\n<p>Ziobro do\u00a0Tuska. &#8222;Licz\u0119 na\u00a0to&#8221;<\/p>\n<p>&#13;<br \/>\n&#8222;W\u00a0interesie Polak\u00f3w jest, aby\u00a0\u015bwiatowa opinia publiczna pozna\u0142a prawd\u0119 o\u00a0skali \u0142amania prawa w\u00a0Polsce oraz\u00a0o\u00a0wykorzystywaniu prokuratury i\u00a0s\u0105d\u00f3w do\u00a0walki politycznej i\u00a0represji. Sprawa przed niezale\u017cnym i\u00a0niezawis\u0142ym ameryka\u0144skim s\u0119dzi\u0105 b\u0119dzie do\u00a0tego znakomit\u0105 okazj\u0105. Dlatego licz\u0119, \u017ce\u00a0nie b\u0119dzie si\u0119 Pan uchyla\u0142 od\u00a0procedur prawnych i\u00a0\u017ce Pa\u0144ski minister jak najszybciej skieruje stosowny wniosek ekstradycyjny&#8221; \u2013\u00a0zwr\u00f3ci\u0142 si\u0119 we\u00a0wtorek (19 maja) do\u00a0premiera Donalda Tuska by\u0142y minister sprawiedliwo\u015bci Zbigniew Ziobro. &#13;\n<\/p>\n<p>&#13;<br \/>\ntwitter&#13;\n<\/p>\n<p>&#13;<br \/>\n&#8222;W\u00a0sprawach ekstradycyjnych mi\u0119dzy Polsk\u0105 a\u00a0USA obowi\u0105zuje umowa ekstradycyjna. Kluczow\u0105 rol\u0119 odgrywa w\u00a0niej niezale\u017cny s\u0119dzia ameryka\u0144ski. To\u00a0nie jest s\u0119dzia wskazywany przez nielegalnie wyznaczonego prezesa s\u0105du po\u00a0to, aby\u00a0orzeczenie pasowa\u0142o do\u00a0interesu Pa\u0144skiego rz\u0105du \u2013\u00a0jak dzieje si\u0119 dzi\u015b w\u00a0Polsce. To\u00a0s\u0119dzia, kt\u00f3rego decyzji nie\u00a0mo\u017ce Pan z\u00a0g\u00f3ry przes\u0105dza\u0107 wpisem na\u00a0X, tak jak uczyni\u0142 Pan wcze\u015bniej, stwierdzaj\u0105c, \u017ce\u00a0po\u00a0powrocie do\u00a0Polski zostan\u0119 tymczasowo aresztowany&#8221; \u2013\u00a0kontynuowa\u0142. &#13;\n<\/p>\n<p>&#13;<br \/>\n&#8222;To tak\u017ce s\u0119dzia, kt\u00f3rego nie\u00a0b\u0119dzie Pan m\u00f3g\u0142 niszczy\u0107 nagonk\u0105, odwo\u0142aniem z\u00a0funkcji i\u00a0represjami \u2013\u00a0jak wobec Pana s\u0119dziego \u0141ubowskiego, kt\u00f3ry wyda\u0142 niekorzystne dla\u00a0Pa\u0144skich interes\u00f3w orzeczenie w\u00a0sprawie Funduszu i\u00a0wskaza\u0142 na\u00a0skal\u0119 narusze\u0144 prawa przez Pa\u0144ski rz\u0105d&#8221; \u2013\u00a0doda\u0142. &#13;\n<\/p>\n<p>&#13;<br \/>\nCzytaj te\u017c:<br \/><a href=\"https:\/\/dorzeczy.pl\/kraj\/889435\/zurek-ostrzega-amerykanow-ws-ziobry-mowi-o-duzym-problemie.html\" rel=\"follow nofollow noopener\" data-schema=\"DORZECZY\" data-image=\"https:\/\/img.dorzeczy.pl\/_thumb\/38\/6c\/3582c4b2811d6b6c6655d1bb4c1e.jpeg\" target=\"_blank\">\u017burek ostrzega Amerykan\u00f3w ws. Ziobry. M\u00f3wi o\u00a0&#8222;du\u017cym problemie&#8221;<\/a>&#13;<\/p>\n","protected":false},"excerpt":{"rendered":"&#13; Prokuratura ma\u00a0ju\u017c gotowy wniosek o\u00a0ekstradycj\u0119 by\u0142ego ministra sprawiedliwo\u015bci Zbigniewa Ziobry \u2013\u00a0wynika z\u00a0ustale\u0144 medi\u00f3w. Okazuje si\u0119 jednak, \u017ce\u00a0na&hellip;\n","protected":false},"author":2,"featured_media":440053,"comment_status":"","ping_status":"","sticky":false,"template":"","format":"standard","meta":{"footnotes":"","_share_on_mastodon":"0"},"categories":[62713],"tags":[662,1345,98,1624,49,102,99,3817],"class_list":["post-440052","post","type-post","status-publish","format-standard","has-post-thumbnail","category-donald-tusk","tag-dawid-sienkowski","tag-donald-tusk","tag-dorzeczy","tag-ekstradycja","tag-kraj","tag-opinie","tag-tusk","tag-ziobro"],"share_on_mastodon":{"url":"https:\/\/pubeurope.com\/@pl\/116603616140279200","error":""},"_links":{"self":[{"href":"https:\/\/www.europesays.com\/pl\/wp-json\/wp\/v2\/posts\/440052","targetHints":{"allow":["GET"]}}],"collection":[{"href":"https:\/\/www.europesays.com\/pl\/wp-json\/wp\/v2\/posts"}],"about":[{"href":"https:\/\/www.europesays.com\/pl\/wp-json\/wp\/v2\/types\/post"}],"author":[{"embeddable":true,"href":"https:\/\/www.europesays.com\/pl\/wp-json\/wp\/v2\/users\/2"}],"replies":[{"embeddable":true,"href":"https:\/\/www.europesays.com\/pl\/wp-json\/wp\/v2\/comments?post=440052"}],"version-history":[{"count":0,"href":"https:\/\/www.europesays.com\/pl\/wp-json\/wp\/v2\/posts\/440052\/revisions"}],"wp:featuredmedia":[{"embeddable":true,"href":"https:\/\/www.europesays.com\/pl\/wp-json\/wp\/v2\/media\/440053"}],"wp:attachment":[{"href":"https:\/\/www.europesays.com\/pl\/wp-json\/wp\/v2\/media?parent=440052"}],"wp:term":[{"taxonomy":"category","embeddable":true,"href":"https:\/\/www.europesays.com\/pl\/wp-json\/wp\/v2\/categories?post=440052"},{"taxonomy":"post_tag","embeddable":true,"href":"https:\/\/www.europesays.com\/pl\/wp-json\/wp\/v2\/tags?post=440052"}],"curies":[{"name":"wp","href":"https:\/\/api.w.org\/{rel}","templated":true}]}}