{"id":440186,"date":"2026-05-20T00:17:11","date_gmt":"2026-05-20T00:17:11","guid":{"rendered":"https:\/\/www.europesays.com\/pl\/440186\/"},"modified":"2026-05-20T00:17:11","modified_gmt":"2026-05-20T00:17:11","slug":"jan-piwowarczyk-o-kulisach-nie-wiemy-komu-przyznajemy-12-punktow","status":"publish","type":"post","link":"https:\/\/www.europesays.com\/pl\/440186\/","title":{"rendered":"Jan Piwowarczyk o kulisach. &#8222;Nie wiemy, komu przyznajemy 12 punkt\u00f3w&#8221;"},"content":{"rendered":"<p>Mimo \u017ce zwyci\u0119stwo Eurowizji 2026 przypad\u0142o bu\u0142garskiej reprezentantce DARA, najwi\u0119ksze emocje wywo\u0142a\u0142a nie tylko obecno\u015b\u0107 Izraela w tegorocznym konkursie, ale fakt, \u017ce reprezentant Noam Bettan zaj\u0105\u0142 w finale drugie miejsce. R\u0119k\u0119 przy\u0142o\u017cy\u0142o do tego jury z Polski, przyznaj\u0105c mu najwy\u017csz\u0105 not\u0119 \u2014 12 punkt\u00f3w. Wielu zastanawia si\u0119, jak w momencie, gdy ze wzgl\u0119du na obecno\u015b\u0107 Izraela z udzia\u0142u w tegorocznym konkursie zrezygnowa\u0142o pi\u0119\u0107 pa\u0144stw: <a href=\"https:\/\/kultura.onet.pl\/muzyka\/wiadomosci\/nie-ma-miejsca-na-obojetnosc-hiszpania-wydala-komunikat-przed-eurowizja\/r8g43w7\" id=\"89838a26-727c-49ab-ae52-f13d846ed2b2\" rel=\"nofollow noopener\" target=\"_blank\">Hiszpania, Irlandia, Holandia, Islandia i S\u0142owenia<\/a>, Polska nie tylko wzi\u0119\u0142a udzia\u0142 w konkursie, ale i najbardziej doceni\u0142a piosenk\u0119 Bettana.     <\/p>\n<p>Padaj\u0105 te\u017c zarzuty o sk\u0142ad samego jury. Jak dowiedzia\u0142 si\u0119 Onet, Rada Programowa TVP zwr\u00f3ci\u0142a si\u0119 do w\u0142adz stacji, by dowiedzie\u0107 si\u0119 jakim kluczem kierowano si\u0119 przy doborze os\u00f3b oceniaj\u0105cych tegoroczn\u0105 Eurowizj\u0119 z ramienia Polski.<\/p>\n<p>O to, jak przebiega\u0142o g\u0142osowanie jury, zapytali\u015bmy jej cz\u0142onka \u2014 Jana Piwowarczyka, zwyci\u0119zc\u0119 ostatniej edycji The Voice of Poland.<\/p>\n<p>Jan Piwowarczyk o g\u0142osowaniu jury Eurowizji: Nie wiemy, komu przyznajemy 12 punkt\u00f3w     <\/p>\n<p>Jan Piwowarczyk sam przyznaje, \u017ce propozycja TVP, by znale\u017a\u0107 si\u0119 w gronie jury, by\u0142a dla niego dowodem na to, \u017ce jego muzyczne wykszta\u0142cenie (jest absolwentem Akademii Muzycznej w Katowicach), wra\u017cliwo\u015b\u0107 artystyczna czy niedawna wygrana w programie The Voice of Poland zosta\u0142a doceniona. W rozmowie z Onetem m\u00f3wi, \u017ce przyjmuj\u0105c to zadanie, my\u015bla\u0142 o muzyce i o tym, \u017ce w ostatnich latach decyzje jury nie zawsze mu odpowiada\u0142y.<\/p>\n<p>Wyznaje jednak: \u2014 Mimo wieloletniego do\u015bwiadczenia na scenie, w tym \u015bwiecie medialnym jestem nowy \u2014 zauwa\u017ca i podkre\u015bla, \u017ce \u2014 skoro Polska bra\u0142a udzia\u0142 w konkursie \u2014 chcia\u0142 &#8222;do\u0142o\u017cy\u0107 swoj\u0105 cegie\u0142k\u0119&#8221;. <\/p>\n<blockquote class=\"ods-o-quote\">\n<p class=\"ods-o-quote__paragraph\">Chcia\u0142em, \u017ceby moja opinia na temat tego, co si\u0119 dzieje na Eurowizji, zosta\u0142a wzi\u0119ta pod uwag\u0119. Ogl\u0105dam ten konkurs od dziecka. Bycie cz\u0142onkiem jury to nic innego, jak podzielenie si\u0119 swoj\u0105 opini\u0105<\/p>\n<\/blockquote>\n<p>\u2014 zauwa\u017ca.<\/p>\n<p>Jak to si\u0119 sta\u0142o, \u017ce znalaz\u0142 si\u0119 w tym gronie? \u2014 Wszyscy cz\u0142onkowie jury zostali zaproszeni przez Telewizj\u0119 Polsk\u0105, a nast\u0119pnie moj\u0105 nominacj\u0119 \u2014 jak i ka\u017cdego innego cz\u0142onka jury \u2014 musia\u0142a zatwierdzi\u0107 Europejska Unia Nadawc\u00f3w \u2014 t\u0142umaczy. To w\u0142a\u015bnie ze wzgl\u0119du na regulamin Eurowizji, w sk\u0142adzie siedmioosobowego jury musi znale\u017a\u0107 si\u0119 co najmniej dw\u00f3ch cz\u0142onk\u00f3w w wieku od 18. do 25. roku \u017cycia.<\/p>\n<p>\u2014 Eurowizja ma tak\u0105 polityk\u0119, \u017ce chcia\u0142aby, by m\u0142odzi ludzie, zaznajomieni z najnowszymi trendami muzycznymi, mogli si\u0119 wypowiedzie\u0107 \u2014 st\u0105d moim zdaniem wym\u00f3g w jury dw\u00f3ch os\u00f3b poni\u017cej 25. roku \u017cycia. TVP wydaje si\u0119, \u017ce postawi\u0142a na zr\u00f3\u017cnicowane grono. To nie musz\u0105 by\u0107 osoby z pierwszych stron gazet, wystarczy, \u017ce maj\u0105 jakie\u015b dokonania w swojej bran\u017cy i do\u015bwiadczenie muzyczne. Zostali\u015bmy zaproszeni, by reprezentowa\u0107 r\u00f3\u017cne gusta muzyczne. W sk\u0142adzie jury by\u0142 producent, kompozytor, wokali\u015bci, re\u017cyserka, osoby z wi\u0119kszym i mniejszym do\u015bwiadczeniem scenicznym i muzycznym wykszta\u0142ceniem. By\u0107 mo\u017ce st\u0105d powsta\u0142y rozbie\u017cno\u015bci w g\u0142osowaniu i wynikach \u2014 t\u0142umaczy.<\/p>\n<p>O przebiegu g\u0142osowania wiemy ju\u017c m.in. z o\u015bwiadczenia TVP, kt\u00f3re w poniedzia\u0142ek 18 maja napisa\u0142o: <a href=\"https:\/\/ludzie.fakt.pl\/eurowizja-wiadomo-jak-glosowala-viki-gabor-izrael-daleko-w-jej-rankingu\/3cz0tk6\" id=\"41ac9e0c-ffc5-46c6-b948-af69682c4c96\" rel=\"nofollow noopener\" target=\"_blank\">&#8222;W przypadku g\u0142osowania Polski tylko jeden z juror\u00f3w umie\u015bci\u0142 Izrael na pierwszym miejscu&#8221;.<\/a> \u2014 O poszczeg\u00f3lnych g\u0142osach i kto na kogo g\u0142osowa\u0142, nie wypowiem si\u0119, bo wed\u0142ug regulaminu, kt\u00f3ry podpisa\u0142em, nie mog\u0119 tego zrobi\u0107. Konsekwencj\u0105 z\u0142amania tego paragrafu mo\u017ce by\u0107 mi\u0119dzy innymi dyskwalifikacj\u0105 Polski z konkursu. Takie zobowi\u0105zanie podpisa\u0142em.<\/p>\n<p>\u2014 Ka\u017cdy z nas g\u0142osowa\u0142 tajnie. Dosta\u0142em kartk\u0119 papieru i zag\u0142osowa\u0142em zgodnie ze swoim sumieniem i rozumowaniem muzycznym. To, co szczeg\u00f3lnie wa\u017cne \u2014 nie g\u0142osujemy w systemie eurowizyjnym, czyli nie przyznajemy 12, 10, 8 punkt\u00f3w itd. Przyznajemy miejsca reprezentantom od 1 do 24 \u2014 czyli tyle, ile pa\u0144stw bierze udzia\u0142 w finale, oczywi\u015bcie nie wliczaj\u0105c w to Polski. Nie widzimy wi\u0119c, jak ostatecznie b\u0119dzie to wygl\u0105da\u0142o po zsumowaniu wszystkich punkt\u00f3w u ka\u017cdego z cz\u0142onk\u00f3w jury \u2014 zauwa\u017ca. Po przyznaniu punkt\u00f3w ka\u017cdy z cz\u0142onk\u00f3w jury osobi\u015bcie dor\u0119cza t\u0119 kartk\u0119 w towarzystwie notariusza i system przyjmuje te wyniki, sumuje i tak powstaje wynik finalny, do kt\u00f3rego nie ma mo\u017cliwo\u015bci odwo\u0142ania.<\/p>\n<blockquote class=\"ods-o-quote\">\n<p class=\"ods-o-quote__paragraph\">Nie wiemy, komu przyznajemy 12 punkt\u00f3w, ani 10 czy 2. Dzisiaj, gdybym wiedzia\u0142, \u017ce to tak funkcjonuje, zastanowi\u0142bym si\u0119 nad przyj\u0119ciem tego zaproszenia<\/p>\n<\/blockquote>\n<p>\u2014 t\u0142umaczy system przyznawania g\u0142os\u00f3w przez juror\u00f3w.<\/p>\n<p>\u2014 To, co rodzi kontrowersje i jest przyczyn\u0105 nieporozumie\u0144, to jest moim zdaniem b\u0142\u0105d komunikacyjny, bo wsz\u0119dzie s\u0142yszymy, \u017ce &#8222;jury podj\u0119\u0142o decyzj\u0119&#8221; \u2014 zauwa\u017ca i dodaje: \u2014 Osobi\u015bcie uwa\u017cam, \u017ce ten system nie jest sprawiedliwy. To kontrowersyjne, \u017ce wynik wygl\u0105da, jakby zosta\u0142 przyznany jednog\u0142o\u015bnie. A przy obecnych zasadach Europejskiej Unii Nadawc\u00f3w, nie mo\u017cemy si\u0119 wypowiada\u0107 na temat naszego g\u0142osowania. O wiele rozs\u0105dniejsze i logiczne by\u0142oby zebranie tych wynik\u00f3w, zsumowanie i ostatecznie debata nad tym, czy to, co wysz\u0142o, odpowiada naszej opinii \u2014 jako jeden organizm. Wtedy by\u0142oby jasne, \u017ce wszyscy przy\u0142o\u017cyli\u015bmy do tego r\u0119k\u0119, bo przecie\u017c mogli\u015bmy z\u0142o\u017cy\u0107 za\u017calenia na dan\u0105 decyzj\u0119. Tymczasem my nie mieli\u015bmy \u017cadnych obrad \u2014 zauwa\u017ca.<\/p>\n<p>\u2014 Przyznam, \u017ce by\u0142em zaskoczony tym wynikiem, nie spodziewa\u0142em si\u0119, \u017ce Izrael dostanie 12 punkt\u00f3w \u2014 zauwa\u017ca i dodaje:<\/p>\n<blockquote class=\"ods-o-quote\">\n<p class=\"ods-o-quote__paragraph\">Dzisiaj ubolewam, \u017ce m\u00f3j indywidualny g\u0142os mia\u0142 wp\u0142yw na taki rezultat. Zabrak\u0142o wi\u0119kszej wra\u017cliwo\u015bci i wyczucia. To dla mnie wa\u017cna lekcja.<\/p>\n<\/blockquote>\n<p>\u2014 Powiem otwarcie: jako chrze\u015bcijanin i osoba g\u0142\u0119boko wierz\u0105ca, nie zgadzam si\u0119 na \u017cadn\u0105 form\u0119 przemocy, nienawi\u015bci ani krzywdy wyrz\u0105dzanej niewinnym ludziom niezale\u017cnie od miejsca i okoliczno\u015bci \u2014 zaznacza stanowczo.<\/p>\n<p>Podkre\u015bla \u2014 wielokrotnie przeze mnie pytany \u2014 \u017ce o swoich wyborach podczas tego g\u0142osowania nie mo\u017ce m\u00f3wi\u0107. \u2014 Cieszy mnie wygrana Bu\u0142garii. I jestem przede wszystkim niesamowicie dumny i serdecznie gratuluj\u0119 Alicji tego wyst\u0119pu. Uwa\u017cam, \u017ce zaprezentowa\u0142a si\u0119 \u015bwietnie i pokaza\u0142a ogromn\u0105 klas\u0119 sceniczn\u0105 i wokaln\u0105. Zas\u0142ugiwa\u0142a na to, \u017ceby ten konkurs wygra\u0107. Natomiast 12. pozycja r\u00f3wnie\u017c jest sukcesem. I to, \u017ce uda\u0142o nam si\u0119 zdoby\u0107 cztery &#8222;dwunastki&#8221; jest absolutnie zas\u0142u\u017cone. Nie rozumiem natomiast decyzji telewidz\u00f3w.<\/p>\n<p>Jednak przyznanie 12 punkt\u00f3w Izraelowi \u2014 szczeg\u00f3lnie w kontek\u015bcie bojkotu pi\u0119ciu kraj\u00f3w z powodu obecno\u015bci Izraela w tegorocznym konkursie Eurowizji \u2014 wywo\u0142a\u0142o fal\u0119 nie tylko niezadowolenia i komentarzy, ale r\u00f3wnie\u017c hejtu.<\/p>\n<p>\u2014 To jest skala, kt\u00f3rej nikt si\u0119 nie spodziewa\u0142. Jestem zszokowany, tym co si\u0119 dzieje. Rozumiem, \u017ce widzowie chc\u0105 wiedzie\u0107, jak to si\u0119 sta\u0142o, \u017ce jury przyzna\u0142o 12 punkt\u00f3w Izraelowi. I doskonale rozumiem te\u017c, \u017ce wok\u00f3\u0142 Eurowizji \u2014 a przede wszystkim obecno\u015bci Izraela w konkursie \u2014 s\u0105 kontrowersje.<\/p>\n<blockquote class=\"ods-o-quote\">\n<p class=\"ods-o-quote__paragraph\">Rozumiem merytoryczne pytania. Natomiast nie ma mojej zgody na skal\u0119 hejtu i gr\u00f3\u017ab, kt\u00f3re maj\u0105 miejsce. To szkalowanie<\/p>\n<\/blockquote>\n<p> \u2014 dodaje.<\/p>\n","protected":false},"excerpt":{"rendered":"Mimo \u017ce zwyci\u0119stwo Eurowizji 2026 przypad\u0142o bu\u0142garskiej reprezentantce DARA, najwi\u0119ksze emocje wywo\u0142a\u0142a nie tylko obecno\u015b\u0107 Izraela w tegorocznym&hellip;\n","protected":false},"author":2,"featured_media":440187,"comment_status":"","ping_status":"","sticky":false,"template":"","format":"standard","meta":{"footnotes":"","_share_on_mastodon":"0"},"categories":[22],"tags":[61195,122,552,91,39701,48,46,42,38,40,39,41,123,47,3090,506,26],"class_list":["post-440186","post","type-post","status-publish","format-standard","has-post-thumbnail","category-rozrywka","tag-bottomfeed_styl","tag-entertainment","tag-eurowizja","tag-izrael","tag-najnowsze_wiadomosci","tag-nat_styl","tag-omp","tag-pl","tag-poland","tag-polish","tag-polska","tag-polski","tag-rozrywka","tag-screening_general","tag-the_voice_of_poland","tag-tvp","tag-wiadomosci"],"share_on_mastodon":{"url":"https:\/\/pubeurope.com\/@pl\/116604033166366918","error":""},"_links":{"self":[{"href":"https:\/\/www.europesays.com\/pl\/wp-json\/wp\/v2\/posts\/440186","targetHints":{"allow":["GET"]}}],"collection":[{"href":"https:\/\/www.europesays.com\/pl\/wp-json\/wp\/v2\/posts"}],"about":[{"href":"https:\/\/www.europesays.com\/pl\/wp-json\/wp\/v2\/types\/post"}],"author":[{"embeddable":true,"href":"https:\/\/www.europesays.com\/pl\/wp-json\/wp\/v2\/users\/2"}],"replies":[{"embeddable":true,"href":"https:\/\/www.europesays.com\/pl\/wp-json\/wp\/v2\/comments?post=440186"}],"version-history":[{"count":0,"href":"https:\/\/www.europesays.com\/pl\/wp-json\/wp\/v2\/posts\/440186\/revisions"}],"wp:featuredmedia":[{"embeddable":true,"href":"https:\/\/www.europesays.com\/pl\/wp-json\/wp\/v2\/media\/440187"}],"wp:attachment":[{"href":"https:\/\/www.europesays.com\/pl\/wp-json\/wp\/v2\/media?parent=440186"}],"wp:term":[{"taxonomy":"category","embeddable":true,"href":"https:\/\/www.europesays.com\/pl\/wp-json\/wp\/v2\/categories?post=440186"},{"taxonomy":"post_tag","embeddable":true,"href":"https:\/\/www.europesays.com\/pl\/wp-json\/wp\/v2\/tags?post=440186"}],"curies":[{"name":"wp","href":"https:\/\/api.w.org\/{rel}","templated":true}]}}