{"id":440276,"date":"2026-05-20T01:27:28","date_gmt":"2026-05-20T01:27:28","guid":{"rendered":"https:\/\/www.europesays.com\/pl\/440276\/"},"modified":"2026-05-20T01:27:28","modified_gmt":"2026-05-20T01:27:28","slug":"stefan-horngacher-o-kacprze-tomasiaku-przypomina-mi-karla-geigera","status":"publish","type":"post","link":"https:\/\/www.europesays.com\/pl\/440276\/","title":{"rendered":"Stefan Horngacher o Kacprze Tomasiaku. &#8222;Przypomina mi Karla Geigera&#8221; &#8211;"},"content":{"rendered":"<p>Kacper Tomasiak \u2014 urodzony w 2007 r. \u2014 to r\u00f3wie\u015bnik syna Stefana Horngachera, Amadeusa. Polak i reprezentant Niemiec przez lata mieli okazj\u0119 mierzy\u0107 si\u0119 na szczeblu dzieci\u0119cym oraz juniorskim. Co o najlepszym polskim zawodniku dzi\u015b s\u0105dzi austriacki trener, kt\u00f3ry po siedmiu latach wr\u00f3ci\u0142 do Polskiego Zwi\u0105zku Narciarskiego?<\/p>\n<p>\u2014 Znam i obserwuj\u0119 go od d\u0142u\u017cszego czasu. Medale igrzysk by\u0142y dla niego czym\u015b niesamowitym. Poza tym nadal twardo st\u0105pa po ziemi i jest otwarty na trening. To nadal m\u0142ody zawodnik i musimy by\u0107 cierpliwi, rozwijaj\u0105c go krok po kroku. Bez po\u015bpiechu i wielu zmian naraz \u2014 podkre\u015bla Horngacher przed kamer\u0105 Eurosportu, tonuj\u0105c nastroje panuj\u0105ce wok\u00f3\u0142 trzykrotnego medalisty tegorocznych igrzysk.<\/p>\n<p>Aktualny mistrz Polski wielokrotnie udowadnia\u0142 umiej\u0119tno\u015b\u0107 mobilizowania si\u0119 na najwa\u017cniejsze skoki, a wi\u0119c te w seriach ocenianych. Horngacher w rozmowie z K\u0119dzierskim pokusi\u0142 si\u0119 o por\u00f3wnanie Tomasiaka do jednego ze swoich niedawnych podopiecznych, z kt\u00f3rym w ostatnich latach osi\u0105gn\u0105\u0142 szereg sukces\u00f3w.<\/p>\n<p>\u2014 Wiem, \u017ce Kacper mentalnie jest naprawd\u0119 silny, szczeg\u00f3lnie podczas zawod\u00f3w. Pod tym wzgl\u0119dem jest to do\u015b\u0107 wyj\u0105tkowy skoczek. W pewnym sensie przypomina mi Karla Geigera, kt\u00f3ry te\u017c potrafi wykrzesa\u0107 podczas zawod\u00f3w to, co najlepsze \u2014 uwa\u017ca Horngacher.<\/p>\n<p>Tomasiak przy okazji niedzielnej rozmowy z naszym serwisem pokusi\u0142 si\u0119 o wyja\u015bnienie tej wyj\u0105tkowo pomocnej umiej\u0119tno\u015bci.<\/p>\n<p>\u2014 Nie jest tak, \u017ce si\u0119 bardziej stresuj\u0119, ale czuj\u0119, \u017ce s\u0105 wa\u017cniejsze zawody i pojawia si\u0119 adrenalina. Nie tylko w trakcie samego skoku, ale te\u017c przed nim, kiedy zapina si\u0119 narty i siada si\u0119 na belce. Wtedy czu\u0107 wi\u0119kszy przyp\u0142yw adrenaliny, dzi\u0119ki czemu bardziej mo\u017cna si\u0119 zmobilizowa\u0107 i mocniej odbi\u0107. Po prostu da si\u0119 skoczy\u0107 lepiej fizycznie. Bardzo cz\u0119sto si\u0119 zdarza, \u017ce to powoduje wi\u0119ksze b\u0142\u0119dy w technice, ale u mnie takiego problemu nie ma. Dlatego to mi tak pomaga \u2014 podkre\u015bli\u0142 wicemistrz \u015bwiata junior\u00f3w z Lillehammer.<\/p>\n<p>Zgrupowanie w Szczyrku oznacza dla Kacpra Tomasiaka pierwsze skoki od bolesnego upadku na mamucie w Vikersund, kt\u00f3ry zako\u0144czy\u0142 wspania\u0142\u0105 zim\u0119 19-latka. Zawodnik z Bielska-Bia\u0142ej jest jednym z sze\u015bciu skoczk\u00f3w powo\u0142anych przez Macieja Maciusiaka do kadry narodowej A na sezon 2026\/27. W grupie nominowanych znale\u017ali si\u0119 te\u017c Klemens Joniak, Maciej Kot, Dawid Kubacki, Pawe\u0142 W\u0105sek i Piotr \u017by\u0142a.<\/p>\n<p>Inauguracj\u0119 Letniego Grand Prix 2026 zaplanowano na pierwszy weekend sierpnia. Aren\u0105 zmaga\u0144 b\u0119dzie obiekt im. Adama Ma\u0142ysza. W Wi\u015ble-Malince odb\u0119d\u0105 si\u0119 dwa konkursy indywidualne. Puchar \u015awiata 2026\/27 ruszy 20 listopada w norweskim Lillehammer.<\/p>\n","protected":false},"excerpt":{"rendered":"Kacper Tomasiak \u2014 urodzony w 2007 r. \u2014 to r\u00f3wie\u015bnik syna Stefana Horngachera, Amadeusa. Polak i reprezentant Niemiec&hellip;\n","protected":false},"author":2,"featured_media":440277,"comment_status":"","ping_status":"","sticky":false,"template":"","format":"standard","meta":{"footnotes":"","_share_on_mastodon":"0"},"categories":[52122],"tags":[61195,48,46,55,6010,752,42,38,40,39,41,47,1559,127],"class_list":["post-440276","post","type-post","status-publish","format-standard","has-post-thumbnail","category-pko-bank-polski","tag-bottomfeed_styl","tag-nat_styl","tag-omp","tag-phx","tag-pko-bank-polski","tag-pko-bp","tag-pl","tag-poland","tag-polish","tag-polska","tag-polski","tag-screening_general","tag-skijumping","tag-sport"],"share_on_mastodon":{"url":"https:\/\/pubeurope.com\/@pl\/116604308377993641","error":""},"_links":{"self":[{"href":"https:\/\/www.europesays.com\/pl\/wp-json\/wp\/v2\/posts\/440276","targetHints":{"allow":["GET"]}}],"collection":[{"href":"https:\/\/www.europesays.com\/pl\/wp-json\/wp\/v2\/posts"}],"about":[{"href":"https:\/\/www.europesays.com\/pl\/wp-json\/wp\/v2\/types\/post"}],"author":[{"embeddable":true,"href":"https:\/\/www.europesays.com\/pl\/wp-json\/wp\/v2\/users\/2"}],"replies":[{"embeddable":true,"href":"https:\/\/www.europesays.com\/pl\/wp-json\/wp\/v2\/comments?post=440276"}],"version-history":[{"count":0,"href":"https:\/\/www.europesays.com\/pl\/wp-json\/wp\/v2\/posts\/440276\/revisions"}],"wp:featuredmedia":[{"embeddable":true,"href":"https:\/\/www.europesays.com\/pl\/wp-json\/wp\/v2\/media\/440277"}],"wp:attachment":[{"href":"https:\/\/www.europesays.com\/pl\/wp-json\/wp\/v2\/media?parent=440276"}],"wp:term":[{"taxonomy":"category","embeddable":true,"href":"https:\/\/www.europesays.com\/pl\/wp-json\/wp\/v2\/categories?post=440276"},{"taxonomy":"post_tag","embeddable":true,"href":"https:\/\/www.europesays.com\/pl\/wp-json\/wp\/v2\/tags?post=440276"}],"curies":[{"name":"wp","href":"https:\/\/api.w.org\/{rel}","templated":true}]}}