{"id":440412,"date":"2026-05-20T03:14:28","date_gmt":"2026-05-20T03:14:28","guid":{"rendered":"https:\/\/www.europesays.com\/pl\/440412\/"},"modified":"2026-05-20T03:14:28","modified_gmt":"2026-05-20T03:14:28","slug":"tusk-przerywa-milczenie-zabral-glos-w-sprawie-ziobry","status":"publish","type":"post","link":"https:\/\/www.europesays.com\/pl\/440412\/","title":{"rendered":"Tusk przerywa milczenie. Zabra\u0142 g\u0142os w sprawie Ziobry"},"content":{"rendered":"\n<p>&#13;<br \/>\nBy\u0142y minister sprawiedliwo\u015bci i\u00a0prokurator generalny, pose\u0142 PiS Zbigniew Ziobro, poinformowa\u0142 w\u00a0ubieg\u0142\u0105 niedziel\u0119, \u017ce\u00a0jest w\u00a0Stanach Zjednoczonych. O\u015bwiadczy\u0142, \u017ce\u00a0nie uciek\u0142 z\u00a0Polski i\u00a0pos\u0142uguje si\u0119 dokumentem przyznanym mu wraz z\u00a0prawem do\u00a0azylu, kt\u00f3ry otrzyma\u0142 na\u00a0W\u0119grzech. &#13;\n<\/p>\n<p>&#13;<br \/>\nZbigniew Ziobro wraz z\u00a0by\u0142ym wiceministrem sprawiedliwo\u015bci, pos\u0142em PiS Marcinem Romanowskim, jest podejrzany w\u00a0prowadzonym w\u00a0Prokuraturze Krajowej \u015bledztwie w\u00a0sprawie Funduszu Sprawiedliwo\u015bci. &#13;\n<\/p>\n<p>Reuters ujawni\u0142, kto pom\u00f3g\u0142 Ziobrze<\/p>\n<p>&#13;<br \/>\nWed\u0142ug agencji Reuters to\u00a0zast\u0119pca sekretarza stanu USA Christopher Landau <a href=\"https:\/\/dorzeczy.pl\/kraj\/889087\/kto-pomogl-ziobrze-komunikat-departamentu-stanu-usa.html\" rel=\"nofollow noopener\" target=\"_blank\">wyda\u0142 polecenie, by\u00a0umo\u017cliwi\u0107<\/a> Zbigniewowi Ziobrze wjazd do\u00a0Stan\u00f3w Zjednoczonych. &#13;\n<\/p>\n<p>&#13;<br \/>\n\u0179r\u00f3d\u0142a, na\u00a0kt\u00f3re powo\u0142uje si\u0119 agencja, twierdz\u0105, \u017ce\u00a0Landau wyda\u0142 instrukcje departamentowi odpowiedzialnemu za\u00a0sprawy konsularne w\u00a0Waszyngtonie, by\u00a0poleci\u0142 wydanie wizy Zbigniewowi Ziobrze przez ambasad\u0119 USA w\u00a0Budapeszcie. &#13;\n<\/p>\n<p>&#13;<br \/>\nRozm\u00f3wcy Reuters przekazali, \u017ce\u00a0nie wiedz\u0105 nic o\u00a0zaanga\u017cowaniu prezydenta USA Donalda Trumpa lub\u00a0sekretarza stanu Marca Rubia. &#13;\n<\/p>\n<p>&#13;<br \/>\nZdaniem agencji Landau \u2013\u00a0numer dwa w\u00a0hierarchii Departamentu Stanu USA \u2013\u00a0dowiedzia\u0142 si\u0119 o\u00a0sprawie od\u00a0ambasadora USA w\u00a0Warszawie Toma Rose&#8217;a i\u00a0uwa\u017ca\u0142 Zbigniewa Ziobr\u0119 za\u00a0niesprawiedliwie \u015bciganego przez polski wymiar sprawiedliwo\u015bci. &#13;\n<\/p>\n<p>Tusk przerywa milczenie<\/p>\n<p>&#13;<br \/>\nPrzed wtorkowym posiedzeniem rz\u0105du premier Donald Tusk skomentowa\u0142 spraw\u0119 Zbigniewa Ziobry. &#13;\n<\/p>\n<p>&#13;<br \/>\nSzef rz\u0105du powiedzia\u0142, \u017ce\u00a0zwr\u00f3ci\u0142 si\u0119 do\u00a0ministr\u00f3w Rados\u0142awa Sikorskiego i\u00a0Waldemara \u017burka, aby\u00a0przedstawili swoim ameryka\u0144skim odpowiednikom komplet informacji dotycz\u0105cy zarzut\u00f3w, jakie ci\u0105\u017c\u0105 na\u00a0Zbigniewie Ziobrze. &#13;\n<\/p>\n<p>&#13;<br \/>\nPremier doda\u0142, \u017ce\u00a0liczy na\u00a0ich pe\u0142ne zaanga\u017cowanie &#8222;i\u00a0to w\u00a0najbli\u017cszych godzinach&#8221;. &#13;\n<\/p>\n<p>&#13;<br \/>\nStwierdzi\u0142 te\u017c, \u017ce\u00a0chcia\u0142by, aby\u00a0te\u00a0informacje trafi\u0142y do\u00a0innych ameryka\u0144skich polityk\u00f3w i\u00a0opinii publicznej. &#13;\n<\/p>\n<p>&#13;<br \/>\n\u2013 Kiedy \u015bcigamy przest\u0119pc\u00f3w lub\u00a0osoby, na\u00a0kt\u00f3rych ci\u0105\u017cy\u0142y tak powa\u017cne zarzuty jak na\u00a0ministrze Ziobrze, bardzo bym chcia\u0142, aby\u00a0ta\u00a0informacja dotar\u0142a mo\u017cliwie szeroko w\u00a0Stanach Zjednoczonych do\u00a0ka\u017cdego, kto mo\u017ce pom\u00f3c nam w\u00a0tej sprawie \u2013\u00a0doda\u0142. &#13;\n<\/p>\n<p>&#13;<br \/>\nPodkre\u015bli\u0142, \u017ce\u00a0chcia\u0142by, \u017ceby Amerykanie wiedzieli m.in. o\u00a0tym, \u017ce\u00a0Zbigniew Ziobro wykorzysta\u0142 pieni\u0105dze, kt\u00f3re mia\u0142y wspiera\u0107 ofiary przest\u0119pstw na\u00a0zakup systemu Pegasus, kt\u00f3ry mia\u0142 s\u0142u\u017cy\u0107 m.in. inwigilacji opozycji w\u00a0Polsce. &#13;\n<\/p>\n<p>&#13;<br \/>\n\u2013 Jestem przekonany, \u017ce\u00a0je\u015bli skutecznie dotrzemy z\u00a0pe\u0142n\u0105 informacj\u0105 na\u00a0temat zarzut\u00f3w, jakie ci\u0105\u017c\u0105 na\u00a0panu Ziobrze, to\u00a0by\u0107 mo\u017ce <a href=\"https:\/\/dorzeczy.pl\/kraj\/889234\/nowa-deklaracja-zurka-ws-ziobry-bedziemy-robic-wszystko.html\" rel=\"nofollow noopener\" target=\"_blank\">kwestia przysz\u0142ej ekstradycji zako\u0144czy si\u0119 sukcesem<\/a> \u2013\u00a0oceni\u0142 szef rz\u0105du. &#13;\n<\/p>\n<p>&#13;<br \/>\nCzytaj te\u017c:<br \/><a href=\"https:\/\/dorzeczy.pl\/kraj\/889234\/nowa-deklaracja-zurka-ws-ziobry-bedziemy-robic-wszystko.html\" rel=\"follow nofollow noopener\" data-schema=\"DORZECZY\" data-image=\"https:\/\/img.dorzeczy.pl\/_thumb\/e9\/5b\/250d48639db192fee7a6d2db55e3.jpeg\" target=\"_blank\">Nowa deklaracja \u017burka w\u00a0sprawie Ziobry. &#8222;B\u0119dziemy robi\u0107 wszystko&#8221;<\/a>Czytaj te\u017c:<br \/><a href=\"https:\/\/dorzeczy.pl\/kraj\/889087\/kto-pomogl-ziobrze-komunikat-departamentu-stanu-usa.html\" rel=\"follow nofollow noopener\" data-schema=\"DORZECZY\" data-image=\"https:\/\/img.dorzeczy.pl\/_thumb\/4f\/38\/0d23f28b98f0b7b8d286b4755813.jpeg\" target=\"_blank\">Kto pom\u00f3g\u0142 Ziobrze? Lakoniczny komunikat Departamentu Stanu USA<\/a> &#13;<\/p>\n","protected":false},"excerpt":{"rendered":"&#13; By\u0142y minister sprawiedliwo\u015bci i\u00a0prokurator generalny, pose\u0142 PiS Zbigniew Ziobro, poinformowa\u0142 w\u00a0ubieg\u0142\u0105 niedziel\u0119, \u017ce\u00a0jest w\u00a0Stanach Zjednoczonych. O\u015bwiadczy\u0142, \u017ce\u00a0nie&hellip;\n","protected":false},"author":2,"featured_media":440413,"comment_status":"","ping_status":"","sticky":false,"template":"","format":"standard","meta":{"footnotes":"","_share_on_mastodon":"0"},"categories":[62713],"tags":[1345,98,49,102,6199,4046,71,2558,7977],"class_list":["post-440412","post","type-post","status-publish","format-standard","has-post-thumbnail","category-donald-tusk","tag-donald-tusk","tag-dorzeczy","tag-kraj","tag-opinie","tag-pegasus","tag-radoslaw-sikorski","tag-usa","tag-waldemar-zurek","tag-zbigniew-ziobro"],"share_on_mastodon":{"url":"https:\/\/pubeurope.com\/@pl\/116604728915795083","error":""},"_links":{"self":[{"href":"https:\/\/www.europesays.com\/pl\/wp-json\/wp\/v2\/posts\/440412","targetHints":{"allow":["GET"]}}],"collection":[{"href":"https:\/\/www.europesays.com\/pl\/wp-json\/wp\/v2\/posts"}],"about":[{"href":"https:\/\/www.europesays.com\/pl\/wp-json\/wp\/v2\/types\/post"}],"author":[{"embeddable":true,"href":"https:\/\/www.europesays.com\/pl\/wp-json\/wp\/v2\/users\/2"}],"replies":[{"embeddable":true,"href":"https:\/\/www.europesays.com\/pl\/wp-json\/wp\/v2\/comments?post=440412"}],"version-history":[{"count":0,"href":"https:\/\/www.europesays.com\/pl\/wp-json\/wp\/v2\/posts\/440412\/revisions"}],"wp:featuredmedia":[{"embeddable":true,"href":"https:\/\/www.europesays.com\/pl\/wp-json\/wp\/v2\/media\/440413"}],"wp:attachment":[{"href":"https:\/\/www.europesays.com\/pl\/wp-json\/wp\/v2\/media?parent=440412"}],"wp:term":[{"taxonomy":"category","embeddable":true,"href":"https:\/\/www.europesays.com\/pl\/wp-json\/wp\/v2\/categories?post=440412"},{"taxonomy":"post_tag","embeddable":true,"href":"https:\/\/www.europesays.com\/pl\/wp-json\/wp\/v2\/tags?post=440412"}],"curies":[{"name":"wp","href":"https:\/\/api.w.org\/{rel}","templated":true}]}}