{"id":440416,"date":"2026-05-20T03:19:36","date_gmt":"2026-05-20T03:19:36","guid":{"rendered":"https:\/\/www.europesays.com\/pl\/440416\/"},"modified":"2026-05-20T03:19:36","modified_gmt":"2026-05-20T03:19:36","slug":"sebastian-vettel-na-powrot-stal-sie-soba-to-okazalo-sie-dla-niego-zgubne","status":"publish","type":"post","link":"https:\/\/www.europesays.com\/pl\/440416\/","title":{"rendered":"Sebastian Vettel na powr\u00f3t sta\u0142 si\u0119 sob\u0105. To okaza\u0142o si\u0119 dla niego zgubne"},"content":{"rendered":"<p>Wystarczy\u0142o jedno pytanie, by p\u00f3\u017anym latem 2006 r. dr Helmut Marko zrozumia\u0142, \u017ce on i Red Bull maj\u0105 przed sob\u0105 \u015bwietlan\u0105 przysz\u0142o\u015b\u0107. Kiedy Sebastian Vettel przyby\u0142 do jego biura w Grazu, aby przed\u0142u\u017cy\u0107 kontrakt jako m\u0142ody kierowca w firmie produkuj\u0105cej napoje energetyczne, 18-latek na po\u017cegnanie zapyta\u0142 o najbli\u017csz\u0105 kwiaciarni\u0119.<\/p>\n<p>Marko wskaza\u0142 mu drog\u0119, po czym zapyta\u0142 m\u0142odego kierowc\u0119, do czego potrzebuje kwiat\u00f3w. Odpowied\u017a Vettela go zaskoczy\u0142a.<\/p>\n<p>Chcia\u0142 je podarowa\u0107 sekretarkom w BMW Sauber, gdzie w 2007 r. mia\u0142 zosta\u0107 kierowc\u0105 testowym i rezerwowym zespo\u0142u Formu\u0142y 1. Mi\u0142y gest i przemy\u015blany ruch. \u2014 Wszyscy zdawali sobie spraw\u0119 z jego talentu. Ale Sebastian wiedzia\u0142, \u017ce liczy si\u0119 nie tylko jazda. Ju\u017c jako nastolatek rozumia\u0142, \u017ce trzeba mie\u0107 za sob\u0105 nie tylko szefostwo, lecz ca\u0142e zespo\u0142y. Jako nastolatek mentalnie by\u0142 ju\u017c tam, gdzie inni kierowcy dopiero w po\u0142owie drugiej dekady \u017cycia \u2014 wspomina Marko.<\/p>\n<p>      Dalszy ci\u0105g artyku\u0142u pod materia\u0142em wideo <\/p>\n<p>Pomys\u0142 okaza\u0142 si\u0119 strza\u0142em w dziesi\u0105tk\u0119. Kiedy etatowy kierowca BMW-Sauber Robert Kubica mia\u0142 powa\u017cny wypadek podczas Grand Prix Kanady 2007, Vettel zast\u0105pi\u0142 Polaka tydzie\u0144 p\u00f3\u017aniej w Indianapolis (USA) \u2014 mimo \u017ce Kubica zapewnia\u0142 prze\u0142o\u017conych o swojej gotowo\u015bci do startu. Szefowie chcieli sprawdzi\u0107 Niemca w warunkach wy\u015bcigowych.<\/p>\n<p>Vettel nie zawi\u00f3d\u0142 oczekiwa\u0144. Finiszowa\u0142 na \u00f3smym miejscu i w wieku 19 lat sta\u0142 si\u0119 najm\u0142odszym zdobywc\u0105 punkt\u00f3w w historii Formu\u0142y 1. Ten wyczyn sprawi\u0142, \u017ce Marko ju\u017c p\u00f3\u0142tora miesi\u0105ca p\u00f3\u017aniej mianowa\u0142 go etatowym kierowc\u0105 w siostrzanym zespole Red Bulla \u2014 Toro Rosso (dzisiaj Racing Bulls). Szef Red Bulla wiedzia\u0142: Vettel to nieoszlifowany diament, przysz\u0142y mistrz \u015bwiata.<\/p>\n<p>Udowodni\u0142 to w 2008 r. W s\u0142abszym bolidzie Toro Rosso regularnie zawstydza\u0142 etatowych kierowc\u00f3w Red Bulla: Marka Webbera i Davida Coultharda. Jego gwiazda rozb\u0142ys\u0142a ostatecznie w Monzy. Podczas Grand Prix W\u0142och Vettel (maj\u0105c 21 lat i 73 dni) zosta\u0142 najm\u0142odszym kierowc\u0105, kt\u00f3ry wystartowa\u0142 z pole position. Dzie\u0144 p\u00f3\u017aniej pobi\u0142 kolejny rekord: wygra\u0142 legendarny wy\u015bcig na najszybszym torze i zosta\u0142 najm\u0142odszym zwyci\u0119zc\u0105 w historii Formu\u0142y 1.<\/p>\n<p> <img decoding=\"async\" src=\"https:\/\/www.europesays.com\/pl\/wp-content\/uploads\/2026\/05\/h3Lk9lBaHR0cHM6Ly9vY2RuLmV1L3B1bHNjbXMvTURBXy84MjU1ZDIxY2E1OTMyOGZlMWNiZmM3NDhlNzk2YjU4Zi5qcGeRlQLNB.jpeg\" height=\"800\" width=\"600\" alt=\"Sebastian Vettel w 2006 r.\" loading=\"lazy\" class=\"ods-c-image__img ods-c-image__img--vertical\"\/> <\/p>\n<p>Sebastian Vettel w 2006 r.Cezary Gutowski \/ newspix.pl<\/p>\n<p> Uprzejmo\u015b\u0107 i ambicja wyznacza\u0142y jego drog\u0119 w Formule 1<\/p>\n<p>Tak szybko, jak poprzedniego dnia mkn\u0105\u0142 po torze Autodromo Nazionale Monza, tak b\u0142yskawicznie nast\u0119pnego ranka napisa\u0142 maila. O godzinie \u00f3smej rano do skrzynki Franza Tosta trafi\u0142o rozliczenie za wynegocjowan\u0105 premi\u0119 za zwyci\u0119stwo. Szef zespo\u0142u nie mia\u0142 mu tego za z\u0142e. Po pierwsze Vettel zdoby\u0142 dla ma\u0142ego zespo\u0142u pierwsze zwyci\u0119stwo w historii, po drugie \u2014 mail by\u0142 sformu\u0142owany w charakterystyczny dla niego uprzejmy spos\u00f3b.<\/p>\n<p>Uprzejmo\u015b\u0107 i ambicja. To by\u0142y dwa filary Sebastiana Vettela. Pochodz\u0105cy z Heppenheim w Hesji m\u0142odzieniec nigdy nie zapomina\u0142 o dobrym wychowaniu, kt\u00f3re przekazali mu rodzice \u2014 Norbert i Heike. Ju\u017c w czasach kartingu nie narzeka\u0142, gdy inni mieli lepszy sprz\u0119t. W zamian razem z ojcem szuka\u0142 kreatywnych rozwi\u0105za\u0144, by zniwelowa\u0107 straty.<\/p>\n<p>\u2014 Mieli\u015bmy bardzo ma\u0142o pieni\u0119dzy. W 1995 r. musieli\u015bmy zadowoli\u0107 si\u0119 jednym kompletem opon i bud\u017cetem 5 tys. marek na podr\u00f3\u017ce i inne wydatki \u2014 wspomina Norbert Vettel. \u2014 Z moich wy\u015bcig\u00f3w g\u00f3rskich wiedzia\u0142em, jak zapewni\u0107 oponom przyczepno\u015b\u0107. Gokarty Bambini zbiera\u0142y na sobie kawa\u0142ki gumy z wi\u0119kszych gokart\u00f3w i przez to si\u0119 \u015blizga\u0142y. Dlatego suszy\u0142em opony suszark\u0105, \u017ceby odpad\u0142y. Inni zastanawiali si\u0119, co robimy \u2014 a potem byli zaskoczeni, jak szybko jechali\u015bmy, maj\u0105c tak dobr\u0105 przyczepno\u015b\u0107 na pierwszym zakr\u0119cie \u2014 dodaje.<\/p>\n<p>Historia, kt\u00f3ra przypomina losy Michaela Schumachera. Siedmiokrotny mistrz \u015bwiata te\u017c musia\u0142 nadrabia\u0107 braki sprz\u0119towe talentem, kreatywno\u015bci\u0105 (wyci\u0105ga\u0142 stare opony z kosza) i przede wszystkim prac\u0105. Nic dziwnego, \u017ce Vettel widzia\u0142 w Schumacherze wz\u00f3r i bohatera, kt\u00f3rego stara\u0142 si\u0119 na\u015bladowa\u0107. Gdy gwiazdor Formu\u0142y 1 jako pierwszy zacz\u0105\u0142 intensywnie trenowa\u0107 si\u0142owo i wytrzyma\u0142o\u015bciowo, m\u0142ody Vettel te\u017c natychmiast podj\u0105\u0142 takie \u0107wiczenia. Schumacher towarzyszy\u0142 mu zar\u00f3wno w codziennej rutynie, jak i na zawodach kartingowych. Tam Vettel zawsze siedzia\u0142 na czapce z logo Schumachera. To by\u0142 jego talizman.<\/p>\n<p> <img decoding=\"async\" src=\"https:\/\/www.europesays.com\/pl\/wp-content\/uploads\/2026\/05\/3XPk9lBaHR0cHM6Ly9vY2RuLmV1L3B1bHNjbXMvTURBXy9jODMzYjNmZmY4OGIzMGZlMzBlMjZlZjBhNmFkNzkxMC5qcGeRlQLNB.jpeg\" height=\"605\" width=\"940\" alt=\"Sebastian Vettel w 2008  r.\" loading=\"lazy\" class=\"ods-c-image__img ods-c-image__img--viewport-width\"\/> <\/p>\n<p>Sebastian Vettel w 2008  r.FOT. Presse Sports \/ NEWSPIX.PL \/ newspix.pl<\/p>\n<p> Vettel znowu sta\u0142 si\u0119 sob\u0105. To okaza\u0142o si\u0119 dla niego zgubne<\/p>\n<p>Szcz\u0119\u015bcia nie brakowa\u0142o, ale brakowa\u0142o pieni\u0119dzy. To by\u0142 problem od zawsze. Ograniczone \u015brodki sprawi\u0142y, \u017ce starsza siostra Sebastiana, Stefanie, musia\u0142a porzuci\u0107 marzenia o wy\u015bcigowej karierze. Rodzina, mimo dziesi\u0105tek drobnych sponsor\u00f3w, mog\u0142a pozwoli\u0107 sobie na wsparcie tylko jednego z nich w kartingu. Wyb\u00f3r pad\u0142 na Sebastiana. By\u0142 bardziej utalentowany. \u017badnych pretensji nie by\u0142o \u2014 wr\u0119cz przeciwnie. Rodzina jeszcze mocniej si\u0119 zjednoczy\u0142a, a Stefanie wspiera\u0142a brata bez \u017calu.<\/p>\n<p>Bo na pierwszym miejscu zawsze by\u0142 sportowy sukces. Nawet przed pieni\u0119dzmi i uprzejmo\u015bci\u0105. To si\u0119 nie zmieni\u0142o w dalszej karierze. Podczas Grand Prix Japonii 2011 Vettel by\u0142 na ostatniej prostej do zdobycia drugiego tytu\u0142u mistrza \u015bwiata. Jednak podczas pi\u0105tkowego treningu spowodowa\u0142 wypadek. Nowe przednie skrzyd\u0142o, jedyne na miejscu w Red Bullu, okaza\u0142o si\u0119 fatalne.<\/p>\n<p>Vettel koniecznie chcia\u0142 skorzysta\u0107 z nowego, znacznie lepszego elementu, wi\u0119c Red Bull wynaj\u0105\u0142 odrzutowiec i sprowadzi\u0142 kolejne skrzyd\u0142o. Koszty \u2014 oko\u0142o 120 tys. euro \u2014 Vettel pokry\u0142 z w\u0142asnej kieszeni. \u2014 To by\u0142a moja wina i moje \u017cyczenie, \u017ceby korzysta\u0107 z nowego skrzyd\u0142a \u2014 dlatego sam p\u0142ac\u0119 rachunek \u2014 argumentowa\u0142. Ale prawda jest te\u017c taka: Vettel chcia\u0142 nie tylko zwi\u0119kszy\u0107 swoje szanse na kolejny tytu\u0142 (co mu si\u0119 uda\u0142o), ale te\u017c nadal dominowa\u0107 nad koleg\u0105 z zespo\u0142u, Webberem. Australijczyk by\u0142 jego najwi\u0119kszym rywalem.<\/p>\n<p>Obaj kierowcy Red Bulla nie okazywali sobie nawzajem lito\u015bci. Nie wymieniali si\u0119 danymi, nie dzielili prywatnymi odrzutowcami, nie m\u00f3wili sobie nawet &#8222;cze\u015b\u0107&#8221;. Vettel, kt\u00f3ry sk\u0105din\u0105d uchodzi\u0142 w Red Bullu za gracza zespo\u0142owego, zapomnia\u0142 o manierach. Dopiero gdy Webber pod koniec 2013 r. opu\u015bci\u0142 zesp\u00f3\u0142, Vettel znowu sta\u0142 si\u0119 sob\u0105. To okaza\u0142o si\u0119 dla niego zgubne.<\/p>\n<p> <img decoding=\"async\" src=\"https:\/\/www.europesays.com\/pl\/wp-content\/uploads\/2026\/05\/FFbk9lBaHR0cHM6Ly9vY2RuLmV1L3B1bHNjbXMvTURBXy8wZDZhM2NlMWQxMmVlZGExNDhlNGM4NWUxMTFhZGFlMS5qcGeRlQLNB.jpeg\" height=\"627\" width=\"940\" alt=\"Sebastian Vettel\" loading=\"lazy\" class=\"ods-c-image__img ods-c-image__img--viewport-width\"\/> <\/p>\n<p>Sebastian VettelFOT.IMAGO\/NEWSPIX.PL \/ newspix.pl<\/p>\n<p>Bo gdy pod koniec 2014 r. \u2014 po zdobyciu czterech tytu\u0142\u00f3w z Red Bullem \u2014 przeszed\u0142 do Ferrari, to w\u0142a\u015bnie uprzejmo\u015b\u0107 zacz\u0119\u0142a by\u0107 jego s\u0142abym punktem. Cho\u0107 mia\u0142 by\u0107 dla Ferrari kim\u015b takim, jak Schumacher od 1996 r., sparali\u017cowa\u0142a go legenda zespo\u0142u. Narowisty ko\u0144 z logo Ferrari stan\u0105\u0142 d\u0119ba, a Vettel skurczy\u0142 si\u0119, mimo \u017ce by\u0142 czterokrotnym mistrzem \u015bwiata.<\/p>\n<p>Wewn\u0119trzna gorycz Vettela<\/p>\n<p>Podczas gdy Schumacher prowadzi\u0142 Ferrari, Vettel by\u0142 w zespole tylko jednym z pracownik\u00f3w. Wybitny kierowca zbyt s\u0142abo i zbyt cicho sprzeciwia\u0142 si\u0119, gdy W\u0142osi pope\u0142niali kolejne b\u0142\u0119dy strategiczne. Unika\u0142 konfliktu z szefem zespo\u0142u, Maurizio Arrivabene. Efekt: Vettel straci\u0142 co najmniej jeden niemal pewny tytu\u0142 mistrza \u015bwiata (w 2018 r.). Niczego w swojej karierze nie \u017ca\u0142uje bardziej.<\/p>\n<p>Czy Vettel wspomina j\u0105 z rado\u015bci\u0105? Nosi ten ci\u0119\u017car w sobie \u2014 jak wiele innych rzeczy, kt\u00f3rych jego zdaniem nie powinien ujawnia\u0107. Przed narodzinami pierwszego dziecka zapytano go, czy jego \u017cona jest w ci\u0105\u017cy. Zaprzeczy\u0142. Trzy miesi\u0105ce p\u00f3\u017aniej zosta\u0142 ojcem. Jego bliscy m\u00f3wi\u0105 o wewn\u0119trznej goryczy, kt\u00f3ra zakorzeni\u0142a si\u0119 w jego pod\u015bwiadomo\u015bci. Zdobycie tytu\u0142u mistrza \u015bwiata z Ferrari by\u0142o jego marzeniem z dzieci\u0144stwa. Tytu\u0142 mistrzowski we w\u0142oskim zespole znaczy\u0142by dla niego wi\u0119cej ni\u017c cztery sukcesy z Red Bullem. A przynajmniej tyle samo.<\/p>\n<p>W 2020 r. marzenie ostatecznie prys\u0142o, a Vettel przeszed\u0142 do Astona Martina \u2014 sportowo w zasadzie znikn\u0105\u0142 z czo\u0142\u00f3wki. Ju\u017c dwa lata przed oficjalnym zako\u0144czeniem kariery zacz\u0105\u0142 zwalnia\u0107 tempo w Formule 1. Prywatnie jednak wrzuci\u0142 wy\u017cszy bieg.<\/p>\n<p>Po narodzinach c\u00f3rek Emilie (przysz\u0142a na \u015bwiat w 2014 r.) i Matildy (2015), w listopadzie 2019 r. zosta\u0142 po raz trzeci ojcem \u2014 tym razem urodzi\u0142 si\u0119 syn. Dla Vettela to symboliczny pocz\u0105tek nowego rozdzia\u0142u. &#8222;Rodzina&#8221; z F1 znika w lusterku wstecznym, a jego uwaga skupia si\u0119 na \u017conie Hannie i tr\u00f3jce dzieci. To oni rozbudzaj\u0105 w nim now\u0105 pasj\u0119.<\/p>\n<p> <img decoding=\"async\" src=\"https:\/\/www.europesays.com\/pl\/wp-content\/uploads\/2026\/05\/gzHk9lBaHR0cHM6Ly9vY2RuLmV1L3B1bHNjbXMvTURBXy9lYjkwYTQ0YTkwY2QwYzUzNTA5YmI5ZWFhYTcxYTZkMy5qcGeRlQLNB.jpeg\" height=\"581\" width=\"940\" alt=\"Sebastian Vettel sta\u0142 si\u0119 aktywist\u0105\" loading=\"lazy\" class=\"ods-c-image__img ods-c-image__img--viewport-width\"\/> <\/p>\n<p>Sebastian Vettel sta\u0142 si\u0119 aktywist\u0105FOT. ABACA\/NEWSPIX.PL \/ newspix.pl<\/p>\n<p>Po szesnastu latach sp\u0119dzonych w prywatnych odrzutowcach, na 299 Grand Prix i ponad 3 tys. dniach podr\u00f3\u017cy, postanawia zaanga\u017cowa\u0107 si\u0119 w ochron\u0119 \u015brodowiska. Jego motto: &#8222;There is still a race to win&#8221; (&#8222;Jest jeszcze wy\u015bcig do wygrania&#8221;). Wypowiada walk\u0119 zmianom klimatu. Vettel wymy\u015bla siebie na nowo. W Aston Martinie bardziej daje si\u0119 zauwa\u017cy\u0107 tym, \u017ce po wy\u015bcigu w Silverstone (Anglia) w 2021 r. zbiera\u0142 \u015bmieci z trybun, ni\u017c post\u0119pami zespo\u0142u.<\/p>\n<p>Vettelowi to nie przeszkadza \u2014 \u017cyje we w\u0142asnym \u015bwiecie. Nie obchodzi go, \u017ce cz\u0119\u015b\u0107 jego by\u0142ych znajomych z F1 \u2014 po cichu \u2014 \u015bmieje si\u0119 z jego przemiany w aktywist\u0119 na rzecz \u015brodowiska. Ani \u017ce w padoku m\u00f3wi si\u0119 o nim, i\u017c publicznie krytykuj\u0105c sport, kt\u00f3ry zapewni\u0142 mu s\u0142aw\u0119 i maj\u0105tek (szacowany na ok. 350 mln euro), &#8222;brudzi w\u0142asne gniazdo&#8221;. Vettel jest na swojej misji. I ta misja zwi\u0105zana jest z natur\u0105. Tak samo jak kiedy\u015b pytanie o kwiaciarni\u0119.<\/p>\n","protected":false},"excerpt":{"rendered":"Wystarczy\u0142o jedno pytanie, by p\u00f3\u017anym latem 2006 r. dr Helmut Marko zrozumia\u0142, \u017ce on i Red Bull maj\u0105&hellip;\n","protected":false},"author":2,"featured_media":440417,"comment_status":"","ping_status":"","sticky":false,"template":"","format":"standard","meta":{"footnotes":"","_share_on_mastodon":"0"},"categories":[52122],"tags":[56,61195,2858,2892,2857,83162,48,46,6010,752,42,38,40,39,41,27946,47,83161],"class_list":["post-440416","post","type-post","status-publish","format-standard","has-post-thumbnail","category-pko-bank-polski","tag-article_premium","tag-bottomfeed_styl","tag-f1","tag-ferrari","tag-formula_1","tag-helmut_marko","tag-nat_styl","tag-omp","tag-pko-bank-polski","tag-pko-bp","tag-pl","tag-poland","tag-polish","tag-polska","tag-polski","tag-red_bull","tag-screening_general","tag-sebastian_vettel"],"share_on_mastodon":{"url":"https:\/\/pubeurope.com\/@pl\/116604749284021072","error":""},"_links":{"self":[{"href":"https:\/\/www.europesays.com\/pl\/wp-json\/wp\/v2\/posts\/440416","targetHints":{"allow":["GET"]}}],"collection":[{"href":"https:\/\/www.europesays.com\/pl\/wp-json\/wp\/v2\/posts"}],"about":[{"href":"https:\/\/www.europesays.com\/pl\/wp-json\/wp\/v2\/types\/post"}],"author":[{"embeddable":true,"href":"https:\/\/www.europesays.com\/pl\/wp-json\/wp\/v2\/users\/2"}],"replies":[{"embeddable":true,"href":"https:\/\/www.europesays.com\/pl\/wp-json\/wp\/v2\/comments?post=440416"}],"version-history":[{"count":0,"href":"https:\/\/www.europesays.com\/pl\/wp-json\/wp\/v2\/posts\/440416\/revisions"}],"wp:featuredmedia":[{"embeddable":true,"href":"https:\/\/www.europesays.com\/pl\/wp-json\/wp\/v2\/media\/440417"}],"wp:attachment":[{"href":"https:\/\/www.europesays.com\/pl\/wp-json\/wp\/v2\/media?parent=440416"}],"wp:term":[{"taxonomy":"category","embeddable":true,"href":"https:\/\/www.europesays.com\/pl\/wp-json\/wp\/v2\/categories?post=440416"},{"taxonomy":"post_tag","embeddable":true,"href":"https:\/\/www.europesays.com\/pl\/wp-json\/wp\/v2\/tags?post=440416"}],"curies":[{"name":"wp","href":"https:\/\/api.w.org\/{rel}","templated":true}]}}