{"id":440884,"date":"2026-05-20T08:46:10","date_gmt":"2026-05-20T08:46:10","guid":{"rendered":"https:\/\/www.europesays.com\/pl\/440884\/"},"modified":"2026-05-20T08:46:10","modified_gmt":"2026-05-20T08:46:10","slug":"izraelskie-sluzby-zatrzymaly-lodzie-flotylli-sumud-komunikat-msz","status":"publish","type":"post","link":"https:\/\/www.europesays.com\/pl\/440884\/","title":{"rendered":"Izraelskie s\u0142u\u017cby zatrzyma\u0142y \u0142odzie Flotylli Sumud. Komunikat MSZ"},"content":{"rendered":"<p><a href=\"https:\/\/wiadomosci.onet.pl\/swiat\/izraelskie-wojsko-weszlo-na-statki-z-flotylii-sumud-wsrod-plynacych-polacy\/b94cl92\" id=\"d9827782-3bb9-42ab-b24b-db50deb55977\" rel=\"nofollow noopener\" target=\"_blank\">Kilkana\u015bcie \u0142odzi z flotylli pomocowej Sumud p\u0142yn\u0105cej do Strefy Gazy zosta\u0142o zatrzymanych przez izraelskich \u017co\u0142nierzy<\/a> \u2014 poinformowali w poniedzia\u0142ek organizatorzy akcji pomocowej. Na pok\u0142adzie znajdowa\u0142o si\u0119 troje Polak\u00f3w.<\/p>\n<p>Rzecznik polskiej sekcji Flotylli Sumud poinformowa\u0142 p\u00f3\u017aniej, \u017ce ca\u0142a polska delegacja zosta\u0142a zatrzymana przez izraelskie s\u0142u\u017cby. Przekaza\u0142 tak\u017ce, \u017ce statek aktywist\u00f3w zosta\u0142 ostrzelany.<\/p>\n<p> Dalszy ci\u0105g artyku\u0142u pod materia\u0142em wideo Izrael zatrzyma\u0142 statki Flotylli Sumud. Nowe o\u015bwiadczenie MSZ<\/p>\n<p>W \u015brod\u0119 rano g\u0142os w sprawie zabra\u0142o polskie Ministerstwo Spraw Zagranicznych. Resort zaznaczy\u0142, \u017ce &#8222;z du\u017cym zaniepokojeniem obserwuje dzia\u0142ania podejmowane przez si\u0142y zbrojne Izraela wobec aktywist\u00f3w&#8221;.<\/p>\n<p>&#8222;Poszanowanie prawa mi\u0119dzynarodowego, w tym mi\u0119dzynarodowego prawa morza i mi\u0119dzynarodowego prawa humanitarnego jest obowi\u0105zkiem wszystkich pa\u0144stw. Jedn\u0105 z fundamentalnych zasad prawa morza jest wolno\u015b\u0107 \u017ceglugi na wodach mi\u0119dzynarodowych, na kt\u00f3rych statki podlegaj\u0105 wy\u0142\u0105cznej w\u0142adzy i jurysdykcji pa\u0144stw bandery&#8221; \u2014 czytamy w komunikacie MSZ.<\/p>\n<p>Resort zaznaczy\u0142, \u017ce przepisy jasno wskazuj\u0105, \u017ce &#8222;nie mo\u017cna podejmowa\u0107 dzia\u0142a\u0144, kt\u00f3re uniemo\u017cliwiaj\u0105 dostarczenie niezb\u0119dnej pomocy cywilom&#8221;. &#8222;Statki nios\u0105ce pomoc humanitarn\u0105 podlegaj\u0105 w tym zakresie szczeg\u00f3lnej ochronie&#8221; \u2014 dodano.<\/p>\n<p>Polska domaga si\u0119 wyja\u015bnie\u0144<\/p>\n<p>MSZ wyrazi\u0142 tak\u017ce nadziej\u0119, \u017ce nie zostanie naruszone bezpiecze\u0144stwo zatrzymanych Polak\u00f3w, a tak\u017ce \u017ce przys\u0142uguj\u0105ce im prawa b\u0119d\u0105 w pe\u0142ni uszanowane.<\/p>\n<p>&#8222;Polskie s\u0142u\u017cby konsularne w plac\u00f3wkach w Grecji, Turcji i Izraelu na bie\u017c\u0105co monitoruj\u0105 aktualn\u0105 sytuacj\u0119 i pozostaj\u0105 w gotowo\u015bci do ewentualnego udzielenia pomocy obywatelom RP w ramach obowi\u0105zuj\u0105cego porz\u0105dku prawnego. MSZ pozostaje w sta\u0142ym kontakcie z koordynatorami akcji Global Sumud Flotilla&#8221; \u2014 zapewniono.<\/p>\n<p>Resort podkre\u015bli\u0142 tak\u017ce, \u017ce Polska domaga si\u0119 pilnego wyja\u015bnienia wszystkich okoliczno\u015bci przeprowadzenia akcji si\u0142 zbrojnych Izraela.<\/p>\n<p> Flotylla Sumud p\u0142yn\u0119\u0142a do Strefy Gazy<\/p>\n<p>Globalna Flotylla Sumud wyruszy\u0142a w ubieg\u0142ym tygodniu z tureckiego portu Marmaris w stron\u0119 wybrze\u017ca Strefy Gazy. Jak deklaruj\u0105 organizatorzy flotylli, celem tego &#8222;ostatniego etapu podr\u00f3\u017cy&#8221;, rozpocz\u0119tej 12 kwietnia w Barcelonie, jest prze\u0142amanie blokady Strefy Gazy ustanowionej przez wojsko Izraela i stworzenie korytarza humanitarnego do palesty\u0144skiej enklawy.<\/p>\n<p>     To kolejna taka inicjatywa tej organizacji.<a href=\"https:\/\/wiadomosci.onet.pl\/swiat\/flotylla-humanitarna-zbliza-sie-do-strefy-gazy-wszystko-co-musisz-wiedziec\/k5d3efg\" id=\"9ead824a-5dfc-48cf-bb77-74e72546799d\" rel=\"nofollow noopener\" target=\"_blank\"> Jeden z najwi\u0119kszych konwoj\u00f3w zorganizowano jesieni\u0105 2025 r. <\/a>Sk\u0142ada\u0142 si\u0119 z oko\u0142o 40 jednostek i blisko 500 aktywist\u00f3w. W\u00f3wczas Izrael r\u00f3wnie\u017c interweniowa\u0142, dzia\u0142aczy uj\u0119to, przewieziono do Izraela i deportowano. 30 kwietnia br. Izrael przechwyci\u0142 tak\u017ce inn\u0105, z\u0142o\u017con\u0105 z oko\u0142o 20 statk\u00f3w flotyll\u0119 w pobli\u017cu greckiej Krety.<\/p>\n","protected":false},"excerpt":{"rendered":"Kilkana\u015bcie \u0142odzi z flotylli pomocowej Sumud p\u0142yn\u0105cej do Strefy Gazy zosta\u0142o zatrzymanych przez izraelskich \u017co\u0142nierzy \u2014 poinformowali w&hellip;\n","protected":false},"author":2,"featured_media":440885,"comment_status":"","ping_status":"","sticky":false,"template":"","format":"standard","meta":{"footnotes":"","_share_on_mastodon":"0"},"categories":[12],"tags":[61195,91,49,1162,48,46,42,38,40,39,41,4861,47,88],"class_list":["post-440884","post","type-post","status-publish","format-standard","has-post-thumbnail","category-polska","tag-bottomfeed_styl","tag-izrael","tag-kraj","tag-msz","tag-nat_styl","tag-omp","tag-pl","tag-poland","tag-polish","tag-polska","tag-polski","tag-pomoc_humanitarna","tag-screening_general","tag-strefa_gazy"],"share_on_mastodon":{"url":"https:\/\/pubeurope.com\/@pl\/116606034531293625","error":""},"_links":{"self":[{"href":"https:\/\/www.europesays.com\/pl\/wp-json\/wp\/v2\/posts\/440884","targetHints":{"allow":["GET"]}}],"collection":[{"href":"https:\/\/www.europesays.com\/pl\/wp-json\/wp\/v2\/posts"}],"about":[{"href":"https:\/\/www.europesays.com\/pl\/wp-json\/wp\/v2\/types\/post"}],"author":[{"embeddable":true,"href":"https:\/\/www.europesays.com\/pl\/wp-json\/wp\/v2\/users\/2"}],"replies":[{"embeddable":true,"href":"https:\/\/www.europesays.com\/pl\/wp-json\/wp\/v2\/comments?post=440884"}],"version-history":[{"count":0,"href":"https:\/\/www.europesays.com\/pl\/wp-json\/wp\/v2\/posts\/440884\/revisions"}],"wp:featuredmedia":[{"embeddable":true,"href":"https:\/\/www.europesays.com\/pl\/wp-json\/wp\/v2\/media\/440885"}],"wp:attachment":[{"href":"https:\/\/www.europesays.com\/pl\/wp-json\/wp\/v2\/media?parent=440884"}],"wp:term":[{"taxonomy":"category","embeddable":true,"href":"https:\/\/www.europesays.com\/pl\/wp-json\/wp\/v2\/categories?post=440884"},{"taxonomy":"post_tag","embeddable":true,"href":"https:\/\/www.europesays.com\/pl\/wp-json\/wp\/v2\/tags?post=440884"}],"curies":[{"name":"wp","href":"https:\/\/api.w.org\/{rel}","templated":true}]}}