{"id":441491,"date":"2026-05-20T14:23:08","date_gmt":"2026-05-20T14:23:08","guid":{"rendered":"https:\/\/www.europesays.com\/pl\/441491\/"},"modified":"2026-05-20T14:23:08","modified_gmt":"2026-05-20T14:23:08","slug":"sedziowie-krs-nie-wpuszczeni-do-tk-spotkanie-przed-budynkiem","status":"publish","type":"post","link":"https:\/\/www.europesays.com\/pl\/441491\/","title":{"rendered":"S\u0119dziowie KRS nie wpuszczeni do TK. Spotkanie przed budynkiem"},"content":{"rendered":"<p>S\u0119dziowska cz\u0119\u015b\u0107 z KRS chcia\u0142a dowiedzie\u0107 si\u0119, jak wygl\u0105da sytuacja w Trybunale oraz okaza\u0107 wsparcie niedopuszczonej do orzekania grupie s\u0119dzi\u00f3w TK.<\/p>\n<p> Dalszy ci\u0105g artyku\u0142u pod materia\u0142em wideo <\/p>\n<p>Sejm w ubieg\u0142ym tygodniu wybra\u0142 15 nowych s\u0119dzi\u00f3w do Krajowej Rady S\u0105downictwa. 13 to osoby rekomendowane przez kluby koalicji rz\u0105dz\u0105cej, a dw\u00f3ch \u2014 przez kluby PiS i Konfederacji.<\/p>\n<p>W \u015brod\u0119 s\u0119dziowie ci \u2014 bez dw\u00f3ch rekomendowanych przez PiS i Konfederacj\u0119 \u2014 chcieli spotka\u0107 si\u0119 z wybranymi w marcu przez Sejm s\u0119dziami Trybuna\u0142u Konstytucyjnego, z kt\u00f3rych czworo nie zosta\u0142o dopuszczonych do orzekania. Ta czw\u00f3rka: Anna Korwin-Piotrowska, Krystian Markiewicz, Maciej Taborowski i Marcin Dziurda, przychodzi jednak do siedziby Trybuna\u0142u.<\/p>\n<p>     S\u0119dziowie KRS przed budynkiem TK. Nie zostali wpuszczeni<\/p>\n<p>S\u0119dziowie z KRS zjawili si\u0119 przed po\u0142udniem przed budynkiem TK, bo \u2014 jak zaznaczali \u2014 uznali, i\u017c trzeba spotka\u0107 si\u0119 z wybranymi w marcu s\u0119dziami TK i bezpo\u015brednio od nich dowiedzie\u0107 si\u0119, jak obecnie wygl\u0105da sytuacja w Trybunale. \u2014 Chcemy zobaczy\u0107, jak sytuacja faktycznie w Trybunale wygl\u0105da, bo to tej pory mieli\u015bmy tylko medialne informacje na ten temat \u2014 powiedzia\u0142 dziennikarzom s\u0119dzia Dariusz Zawistowski.<\/p>\n<p>S\u0119dzia Monika Fr\u0105ckowiak podkre\u015bli\u0142a, \u017ce w ocenie s\u0119dziowskiej cz\u0119\u015bci KRS, siedziba Trybuna\u0142u to budynek u\u017cyteczno\u015bci publicznej i jako taki &#8222;powinien ugo\u015bci\u0107 Krajow\u0105 Rad\u0119 S\u0105downictwa \u2014 przynajmniej jej s\u0119dziowsk\u0105 cz\u0119\u015b\u0107&#8221;.<\/p>\n<p>\u2014 To, \u017ce te\u017c tutaj jeste\u015bmy, wynika z tego, \u017ce wyb\u00f3r s\u0119dziowskiej cz\u0119\u015bci KRS, popieranej przez \u015brodowisko s\u0119dziowskie, jest istotnym prze\u0142omem w przywracaniu praworz\u0105dno\u015bci w Polsce. Natomiast ta praworz\u0105dno\u015b\u0107 mo\u017ce by\u0107 przywr\u00f3cona dopiero w\u00f3wczas, kiedy Trybuna\u0142 Konstytucyjny zacznie funkcjonowa\u0107 \u2014 powiedzia\u0142a.<\/p>\n<p>Warunkiem do tego \u2014 zaznaczy\u0142a Fr\u0105ckowiak \u2014 jest dopuszczenie czworga wybranych w marcu s\u0119dzi\u00f3w TK do orzekania. Ponadto, jak doda\u0142a, s\u0119dziowska cz\u0119\u015b\u0107 KRS chcia\u0142a te\u017c okaza\u0107 wsparcie wybranym przez Sejm w marcu s\u0119dziom TK.<\/p>\n<p>Do zgromadzonych wysz\u0142a rzeczniczka TK Weronika \u015acibor, a s\u0119dzia Wojciech Buchajczuk powiedzia\u0142 jej, \u017ce chc\u0105 wej\u015b\u0107 do siedziby nie tylko jako s\u0119dziowie KRS, ale i jako obywatele. S\u0119dzia Bart\u0142omiej Starosta doda\u0142, \u017ce chc\u0105 spotka\u0107 si\u0119 z s\u0119dziami &#8222;przebywaj\u0105cymi na korytarzu&#8221;.<\/p>\n<p>\u2014 Nie ma zgody na odbywanie jakiegokolwiek spotkania w tym momencie, trwaj\u0105 narady \u2014 powiedzia\u0142a \u015acibor. Doda\u0142a, \u017ce &#8222;w tym momencie Trybuna\u0142 Konstytucyjny nie organizuje \u017cadnych spotka\u0144&#8221;.<\/p>\n<p>\u2014 Je\u017celi pa\u0144stwo chc\u0105 si\u0119 z pa\u0144stwem spotka\u0107, nie widz\u0119 problemu. Natomiast na terenie siedziby nie uzyskali zgody na odbywanie spotka\u0144. Musieliby pa\u0144stwo si\u0119 specjalnie um\u00f3wi\u0107 i zach\u0119cam do tego. Wtedy wyznaczymy pa\u0144stwu dzie\u0144, godzin\u0119 i serdecznie wtedy pa\u0144stwa do siedziby Trybuna\u0142u zaprosimy \u2014 m\u00f3wi\u0142a, zwracaj\u0105c si\u0119 do zebranych.<\/p>\n<p>     S\u0119dziowie TK niedopuszczeni do orzekania wyszli do s\u0119dzi\u00f3w KRS<\/p>\n<p>Ostatecznie wybrani w marcu s\u0119dziowie TK wyszli do zgromadzonych przed budynkiem Trybuna\u0142u s\u0119dzi\u00f3w KRS.<\/p>\n<p>Krystian Markiewicz \u2014 jeden z czw\u00f3rki niedopuszczonych do orzekania \u2014 powiedzia\u0142, \u017ce prezes \u015awi\u0119czkowski &#8222;stwierdzi\u0142, \u017ce to jego prywatny Trybuna\u0142&#8221;. \u2014 Powiedzia\u0142 zdenerwowany, \u017ce je\u017celi chodzi o nasz\u0105 czw\u00f3rk\u0119, to my nie mo\u017cemy nikogo zaprasza\u0107, je\u017celi za\u015b chodzi o pozosta\u0142\u0105 dw\u00f3jk\u0119, to teoretycznie, mog\u0105 zaprasza\u0107, ale za zgod\u0105 prezesa i nie wyra\u017ca zgody. Wi\u0119c efekt tego jest taki sam. \u017badnej podstawy nie wskaza\u0142 \u2014 doda\u0142.<\/p>\n<p>Natomiast s\u0119dzia Magdalena Bentkowska \u2014 jedna z dwojga s\u0119dzi\u00f3w, od kt\u00f3rych prezydent odebra\u0142 \u015blubowanie i kt\u00f3rzy obj\u0119li obowi\u0105zki w TK \u2014 powiedzia\u0142a, \u017ce zgodnie z otrzyman\u0105 informacj\u0105, ani ona, ani s\u0119dzia Dariusz Szostek nie mog\u0105 przyj\u0105\u0107 go\u015bci w swych gabinetach. \u2014 Zgodnie z informacj\u0105 otrzyman\u0105 od pana prezesa, go\u015bci mo\u017cemy przyj\u0105\u0107 w tak zwanym saloniku, czyli sali konferencyjnej, kt\u00f3ra obecnie podobno jest w remoncie z uwagi na zacieki na suficie \u2014 doda\u0142a Bentkowska.<\/p>\n<p>S\u0119dzia Szostek podkre\u015bli\u0142 natomiast, \u017ce s\u0119dziowie TK s\u0105 sobie r\u00f3wni, wliczaj\u0105c w to prezesa TK, kt\u00f3ry jest &#8222;primus inter pares, a wi\u0119c pierwszy w\u015br\u00f3d r\u00f3wnych sobie&#8221;.<\/p>\n<p>Ostatecznie s\u0119dziowie z KRS zaprosili wybranych w marcu s\u0119dzi\u00f3w TK do siedziby Rady. Nast\u0119pnie grupa s\u0119dziowskich cz\u0142onk\u00f3w KRS uda\u0142a si\u0119 na konferencj\u0119 prasow\u0105 w budynku Krajowej Rady S\u0105downictwa.<\/p>\n","protected":false},"excerpt":{"rendered":"S\u0119dziowska cz\u0119\u015b\u0107 z KRS chcia\u0142a dowiedzie\u0107 si\u0119, jak wygl\u0105da sytuacja w Trybunale oraz okaza\u0107 wsparcie niedopuszczonej do orzekania&hellip;\n","protected":false},"author":2,"featured_media":441492,"comment_status":"","ping_status":"","sticky":false,"template":"","format":"standard","meta":{"footnotes":"","_share_on_mastodon":"0"},"categories":[12],"tags":[61195,32,33,36,37,27,49,1381,34,35,28,31,48,25,46,42,38,40,39,41,47,29,30,4057,26],"class_list":["post-441491","post","type-post","status-publish","format-standard","has-post-thumbnail","category-polska","tag-bottomfeed_styl","tag-breaking-news","tag-breakingnews","tag-featured-news","tag-featurednews","tag-headlines","tag-kraj","tag-krs","tag-latest-news","tag-latestnews","tag-naglowki","tag-najwazniejsze-artykuly","tag-nat_styl","tag-news","tag-omp","tag-pl","tag-poland","tag-polish","tag-polska","tag-polski","tag-screening_general","tag-top-stories","tag-topstories","tag-trybunal_konstytucyjny","tag-wiadomosci"],"share_on_mastodon":{"url":"https:\/\/pubeurope.com\/@pl\/116607359683822246","error":""},"_links":{"self":[{"href":"https:\/\/www.europesays.com\/pl\/wp-json\/wp\/v2\/posts\/441491","targetHints":{"allow":["GET"]}}],"collection":[{"href":"https:\/\/www.europesays.com\/pl\/wp-json\/wp\/v2\/posts"}],"about":[{"href":"https:\/\/www.europesays.com\/pl\/wp-json\/wp\/v2\/types\/post"}],"author":[{"embeddable":true,"href":"https:\/\/www.europesays.com\/pl\/wp-json\/wp\/v2\/users\/2"}],"replies":[{"embeddable":true,"href":"https:\/\/www.europesays.com\/pl\/wp-json\/wp\/v2\/comments?post=441491"}],"version-history":[{"count":0,"href":"https:\/\/www.europesays.com\/pl\/wp-json\/wp\/v2\/posts\/441491\/revisions"}],"wp:featuredmedia":[{"embeddable":true,"href":"https:\/\/www.europesays.com\/pl\/wp-json\/wp\/v2\/media\/441492"}],"wp:attachment":[{"href":"https:\/\/www.europesays.com\/pl\/wp-json\/wp\/v2\/media?parent=441491"}],"wp:term":[{"taxonomy":"category","embeddable":true,"href":"https:\/\/www.europesays.com\/pl\/wp-json\/wp\/v2\/categories?post=441491"},{"taxonomy":"post_tag","embeddable":true,"href":"https:\/\/www.europesays.com\/pl\/wp-json\/wp\/v2\/tags?post=441491"}],"curies":[{"name":"wp","href":"https:\/\/api.w.org\/{rel}","templated":true}]}}