{"id":441822,"date":"2026-05-20T17:39:09","date_gmt":"2026-05-20T17:39:09","guid":{"rendered":"https:\/\/www.europesays.com\/pl\/441822\/"},"modified":"2026-05-20T17:39:09","modified_gmt":"2026-05-20T17:39:09","slug":"znakomita-inicjatywa-czarnek-chwali-nawrockiego","status":"publish","type":"post","link":"https:\/\/www.europesays.com\/pl\/441822\/","title":{"rendered":"&#8222;Znakomita inicjatywa&#8221;. Czarnek chwali Nawrockiego"},"content":{"rendered":"\n<p>&#13;<br \/>\nPrzypomnijmy, \u017ce\u00a0prezydent Karol Nawrocki chce przeprowadzenie <a href=\"https:\/\/dorzeczy.pl\/opinie\/884089\/bogucki-odpowiada-pelczynskiej-nalecz-knajacki-jezyk.html\" rel=\"nofollow noopener\" target=\"_blank\">referendum w\u00a0sprawie polityki klimatycznej UE.<\/a> Informuj\u0105c 7\u00a0maja o\u00a0skierowaniu wniosku do\u00a0Senatu o\u00a0przeprowadzenie takiego referendum, prezydent wskaza\u0142 na\u00a0prawo Polak\u00f3w do\u00a0wyra\u017cenia opinii w\u00a0sprawie konsekwencji &#8222;Zielonego \u0141adu&#8221;. &#13;\n<\/p>\n<p>&#13;<br \/>\nWniosek przewiduje, \u017ce\u00a0pytanie referendalne mia\u0142oby brzmie\u0107: &#8222;Czy jest pan\/pani za\u00a0realizacj\u0105 polityki klimatycznej, kt\u00f3ra doprowadzi\u0142a do\u00a0wzrostu koszt\u00f3w \u017cycia obywateli, cen energii i\u00a0prowadzenia dzia\u0142alno\u015bci gospodarczej i\u00a0rolniczej?&#8221;. &#13;\n<\/p>\n<p>Czarnek: Znakomita inicjatywa<\/p>\n<p>&#13;<br \/>\nW \u015brod\u0119 Senat zajmie si\u0119 wnioskiem prezydenta. Podczas konferencji prasowej przed posiedzeniem izby Przemys\u0142aw Czarnek chwali\u0142 inicjatyw\u0119 prezydenta, wskazuj\u0105c, \u017ce\u00a0doskonale odczytuje ona spo\u0142eczne nastroje. Polityk PiS przypomnia\u0142, \u017ce\u00a0w\u00a0niedawnym sonda\u017cu 75 proc. spo\u0142ecze\u0144stwa jest za\u00a0wyj\u015bciem z\u00a0&#8222;klimatycznej, absurdalnej polityki brukselskiej&#8221;. &#13;\n<\/p>\n<p>&#13;<br \/>\n\u2013 Nie\u00a0za\u00a0wyj\u015bciem z\u00a0UE, tylko za\u00a0odej\u015bciem od\u00a0tej ideologii lewicowo-liberalnej, kt\u00f3ra drenuje ich kieszenie. To, co\u00a0dzisiaj wydarzy\u0142o si\u0119 na\u00a0ulicach Warszawy i\u00a0sonda\u017c niedawny pokazuje, \u017ce\u00a0je\u017celi ci senatorowie z\u00a0KO, z\u00a0PSL, z\u00a0Lewicy zag\u0142osuj\u0105 przeciwko referendum, to\u00a0b\u0119dzie to\u00a0g\u0142os przeciwko narodowi polskiemu, spo\u0142ecze\u0144stwu, kt\u00f3re w\u00a0przyt\u0142aczaj\u0105cej wi\u0119kszo\u015bci chce wyj\u015bcia z\u00a0ETS-u \u2013\u00a0powiedzia\u0142 by\u0142y minister. &#13;\n<\/p>\n<p>&#13;<br \/>\nObecny na\u00a0konferencji senator PiS Stanis\u0142aw Karczewski przekaza\u0142, \u017ce\u00a0wszyscy senatorowie klubu zag\u0142osuj\u0105 za\u00a0przyj\u0119ciem wniosku prezydenta. &#13;\n<\/p>\n<p>&#13;<br \/>\n\u2013 To\u00a0referendum jest konieczne nie\u00a0tylko dla\u00a0Polski, dla\u00a0polskiego rz\u0105du, pokazanie kierunku jaki chc\u0105 przej\u0105\u0107 obywatele, ale\u00a0r\u00f3wnie\u017c dla\u00a0UE, Europy, bo\u00a0ta w\u00a0zastraszaj\u0105cym tempie wprowadzana ideologia klimatyczna niszczy Europ\u0119 \u2013\u00a0powiedzia\u0142 Karczewski. &#13;\n<\/p>\n<p>&#13;<br \/>\nCzytaj te\u017c:<br \/><a href=\"https:\/\/dorzeczy.pl\/opinie\/889459\/awantura-o-zielony-lad-cieszynski-do-bosaka-jesli-masz-to-pokaz-dowody.html\" rel=\"follow nofollow noopener\" data-schema=\"DORZECZY\" data-image=\"https:\/\/img.dorzeczy.pl\/_thumb\/f0\/ab\/4a9a76609ee3c9e88e73b1c81f46.jpeg\" target=\"_blank\">Awantura o\u00a0Zielony \u0141ad. Cieszy\u0144ski do\u00a0Bosaka: Poka\u017c dowody<\/a>Czytaj te\u017c:<br \/><a href=\"https:\/\/dorzeczy.pl\/ekonomia\/888748\/eksperci-niemcy-nie-spelnia-celow-klimatycznych.html\" rel=\"follow nofollow noopener\" data-schema=\"DORZECZY\" data-image=\"https:\/\/img.dorzeczy.pl\/_thumb\/af\/14\/b039c63d3e4246c351231834a22f.jpeg\" target=\"_blank\">Eksperci: Niemcy nie\u00a0spe\u0142ni\u0105 cel\u00f3w klimatycznych do\u00a02030 roku<\/a>&#13;<\/p>\n","protected":false},"excerpt":{"rendered":"&#13; Przypomnijmy, \u017ce\u00a0prezydent Karol Nawrocki chce przeprowadzenie referendum w\u00a0sprawie polityki klimatycznej UE. Informuj\u0105c 7\u00a0maja o\u00a0skierowaniu wniosku do\u00a0Senatu o\u00a0przeprowadzenie&hellip;\n","protected":false},"author":2,"featured_media":441823,"comment_status":"","ping_status":"","sticky":false,"template":"","format":"standard","meta":{"footnotes":"","_share_on_mastodon":"0"},"categories":[62712],"tags":[4934,98,690,49,601,1315,102,79286,12070],"class_list":["post-441822","post","type-post","status-publish","format-standard","has-post-thumbnail","category-karol-nawrocki","tag-czarnek","tag-dorzeczy","tag-karol-nawrocki","tag-kraj","tag-marcin-bugaj","tag-nawrocki","tag-opinie","tag-preyzdent","tag-referendum"],"share_on_mastodon":{"url":"https:\/\/pubeurope.com\/@pl\/116608130408216774","error":""},"_links":{"self":[{"href":"https:\/\/www.europesays.com\/pl\/wp-json\/wp\/v2\/posts\/441822","targetHints":{"allow":["GET"]}}],"collection":[{"href":"https:\/\/www.europesays.com\/pl\/wp-json\/wp\/v2\/posts"}],"about":[{"href":"https:\/\/www.europesays.com\/pl\/wp-json\/wp\/v2\/types\/post"}],"author":[{"embeddable":true,"href":"https:\/\/www.europesays.com\/pl\/wp-json\/wp\/v2\/users\/2"}],"replies":[{"embeddable":true,"href":"https:\/\/www.europesays.com\/pl\/wp-json\/wp\/v2\/comments?post=441822"}],"version-history":[{"count":0,"href":"https:\/\/www.europesays.com\/pl\/wp-json\/wp\/v2\/posts\/441822\/revisions"}],"wp:featuredmedia":[{"embeddable":true,"href":"https:\/\/www.europesays.com\/pl\/wp-json\/wp\/v2\/media\/441823"}],"wp:attachment":[{"href":"https:\/\/www.europesays.com\/pl\/wp-json\/wp\/v2\/media?parent=441822"}],"wp:term":[{"taxonomy":"category","embeddable":true,"href":"https:\/\/www.europesays.com\/pl\/wp-json\/wp\/v2\/categories?post=441822"},{"taxonomy":"post_tag","embeddable":true,"href":"https:\/\/www.europesays.com\/pl\/wp-json\/wp\/v2\/tags?post=441822"}],"curies":[{"name":"wp","href":"https:\/\/api.w.org\/{rel}","templated":true}]}}