{"id":44212,"date":"2025-10-11T19:53:09","date_gmt":"2025-10-11T19:53:09","guid":{"rendered":"https:\/\/www.europesays.com\/pl\/44212\/"},"modified":"2025-10-11T19:53:09","modified_gmt":"2025-10-11T19:53:09","slug":"el-ms-2026-zamieszanie-z-rzutami-karnymi-erlinga-haalanda-szymon-marciniak-dwukrotnie-wskazal-na-wapno-sport-tvp-pl","status":"publish","type":"post","link":"https:\/\/www.europesays.com\/pl\/44212\/","title":{"rendered":"El. M\u015a 2026. Zamieszanie z rzutami karnymi Erlinga Haalanda. Szymon Marciniak dwukrotnie wskaza\u0142 na wapno &#8211; sport.tvp.pl"},"content":{"rendered":"<ol>\n<li><a href=\"https:\/\/news.google.com\/rss\/articles\/CBMizAFBVV95cUxQOURmdnZpaUFaQXlvc2libFhkWUc0UVhESmNET3ROOFNUODhwU1NQSDJVZzN4ZlBycHozZ3Q3aE1IZy1mcVZUQnpZdUV4ZjJyQWtrb01rZVVKclROd192ZUt1R3NUYThJa2RQeEVlV2ZYZUJSMjl4Z0VFVktFbUVjcnZ4QUw0M1ViVnM0bXQ2SDBncERUTFpQZUZDWHJhVGsxR3hkMDVHTnJsbUpaMTVCekx3VG9aaDB2dEt1dnJueGgtOU9UTDBBaXhOQWvSAdIBQVVfeXFMT1dKNVdPWi1QOHhUSm41UnBHSXBtRHdxMVYyUmpaa01GeG1fM2I3bGthTW5ocWE4YnhaTnZQZ2hqRkN5dkJwSVh0c1hwd09PUFloMXdBdDVuYkU3dldiR0xRc092VFRyNi15LS1zTHVYQlpHbU42MW9vWnR5NWNCcGgybHJqRXRIM0poamRaY0pBS0EtOHhVa3JhWmVHdldtS0VtSTZPeDBEQlBkUVJGdkJRSm16REd5R2s4cWw1MkttYlBrMmtJTnlmdWFsd1Q4NTF3?oc=5\" target=\"_blank\" rel=\"nofollow noopener\">El. M\u015a 2026. Zamieszanie z rzutami karnymi Erlinga Haalanda. Szymon Marciniak dwukrotnie wskaza\u0142 na wapno<\/a>&nbsp;&nbsp;sport.tvp.pl<\/li>\n<li><a href=\"https:\/\/news.google.com\/rss\/articles\/CBMi2wFBVV95cUxNRF9hY05feC1RLUlLU0p1ZUFxUkM2X0FIQlFfMGFYUVh4WDM1WlVkVlVBVjZyeWFGeFFZMlJtb25DaUxPRG5CNmpJX1pFT3BwZjgyLTVNZHdpY3pGaElrWUtUTWN1eFdXcGtlRk9kSmJmUjM5bVZpRFB6QWFoaGN3RGRRZUJITGlubTZhQkxBclVYck55cml5TWI3dGI4Q1NwVjBURUtEX0poOVZqdS1vdmcwMncxZW13dUFnU3k4V0FOb3pTQlBYczFtMWVnSmRfUjJSZGkwMjF6SDA?oc=5\" target=\"_blank\" rel=\"nofollow noopener\">Co tam si\u0119 sta\u0142o?! Kuriozalne 20 minut w meczu Izraela. Wa\u017cne wie\u015bci dla Polski<\/a>&nbsp;&nbsp;Przegl\u0105d Sportowy Onet<\/li>\n<li><a href=\"https:\/\/news.google.com\/rss\/articles\/CBMioAFBVV95cUxPTDRBdFJTVGFYNGRUR3BtVHlDZTNYc2lkLW1KOFlnZ1J0Z09Ob3RxSkg2dTJLT2R3ZExvMk93bDJoUWVGaVVGN0I4LWVtZlJxT3BiQ3J4VkU2S0VfaTVEUFhJb1RmNnBGNkNiakNCQ3h3OG43N2J5M1FVTVdLbGoxc3VSRDNMODhDSWVPMGkyLXJGcjNQSXpYS09WVjdnYmtC?oc=5\" target=\"_blank\" rel=\"nofollow noopener\">Izrael si\u0119 o\u015bmieszy\u0142. Dwa gole samob\u00f3jcze w 10 minut!<\/a>&nbsp;&nbsp;SportoweFakty<\/li>\n<li><a href=\"https:\/\/news.google.com\/rss\/articles\/CBMirwFBVV95cUxOcVk3YkpHVGdnRGV0MWFQV2czcG9sVV83TXdrcWZsOTUzVWNheHppUFB5X3hXOWlseUNSbEN1ZmYwdXZ4Z2lIRjVfcDFjbjVPT2hORkZQVWhwUnhoQ0xLUzNwc2oyN3lZNlJXdjhZaUFTcDZlTDhzZGdiSUdCUlFUVkJhcXBBY05BeUlZM09vekMyYnp2UkN1ZnBZU2RqaUZZU05pQ1RkblhRWUhzZjA4?oc=5\" target=\"_blank\" rel=\"nofollow noopener\">Co za koszmar Haalanda! Niewiarygodne co zrobi\u0142 w ci\u0105gu minuty Pi\u0142ka no\u017cna<\/a>&nbsp;&nbsp;Sport.pl<\/li>\n<li><a href=\"https:\/\/news.google.com\/rss\/articles\/CBMitgFBVV95cUxPa25hcVplcGpfVlVYZ1hiY1k1MXZHUS1La1FORXYtWmJDNkRaRFpSMm1meG5YQWg1MlFNbUstWUxxWlJlbmFyTzNacWx5R2ZZSFNMR3JIbndaaTBoOHlwWlhLc0l4c1NDTHVSSFNTaVhmTFp1RzV2WG9jS1R2TDlsY2RQVGtWbGxuWEdqYlNveDlSSkoyenppQVFVVmxISVAxUHhCZFRjeUs5ZldHWUlIRXF5SE5UZw?oc=5\" target=\"_blank\" rel=\"nofollow noopener\">Wygwizdany hymn Izraela, a potem Marciniak w akcji. Polak na afiszu, nast\u0119pnie koncert<\/a>&nbsp;&nbsp;Sport w INTERIA.PL<\/li>\n<\/ol>\n","protected":false},"excerpt":{"rendered":"El. M\u015a 2026. Zamieszanie z rzutami karnymi Erlinga Haalanda. Szymon Marciniak dwukrotnie wskaza\u0142 na wapno&nbsp;&nbsp;sport.tvp.pl Co tam si\u0119&hellip;\n","protected":false},"author":2,"featured_media":44213,"comment_status":"","ping_status":"","sticky":false,"template":"","format":"standard","meta":{"footnotes":""},"categories":[24],"tags":[12497,9307,42,38,40,39,41,127,334,126,4834],"class_list":{"0":"post-44212","1":"post","2":"type-post","3":"status-publish","4":"format-standard","5":"has-post-thumbnail","7":"category-sport","8":"tag-eliminacje-do-mistrzostw-swiata-2026","9":"tag-erling-haaland","10":"tag-pl","11":"tag-poland","12":"tag-polish","13":"tag-polska","14":"tag-polski","15":"tag-sport","16":"tag-sport-tvp-pl","17":"tag-sports","18":"tag-szymon-marciniak"},"share_on_mastodon":{"url":"","error":""},"_links":{"self":[{"href":"https:\/\/www.europesays.com\/pl\/wp-json\/wp\/v2\/posts\/44212","targetHints":{"allow":["GET"]}}],"collection":[{"href":"https:\/\/www.europesays.com\/pl\/wp-json\/wp\/v2\/posts"}],"about":[{"href":"https:\/\/www.europesays.com\/pl\/wp-json\/wp\/v2\/types\/post"}],"author":[{"embeddable":true,"href":"https:\/\/www.europesays.com\/pl\/wp-json\/wp\/v2\/users\/2"}],"replies":[{"embeddable":true,"href":"https:\/\/www.europesays.com\/pl\/wp-json\/wp\/v2\/comments?post=44212"}],"version-history":[{"count":0,"href":"https:\/\/www.europesays.com\/pl\/wp-json\/wp\/v2\/posts\/44212\/revisions"}],"wp:featuredmedia":[{"embeddable":true,"href":"https:\/\/www.europesays.com\/pl\/wp-json\/wp\/v2\/media\/44213"}],"wp:attachment":[{"href":"https:\/\/www.europesays.com\/pl\/wp-json\/wp\/v2\/media?parent=44212"}],"wp:term":[{"taxonomy":"category","embeddable":true,"href":"https:\/\/www.europesays.com\/pl\/wp-json\/wp\/v2\/categories?post=44212"},{"taxonomy":"post_tag","embeddable":true,"href":"https:\/\/www.europesays.com\/pl\/wp-json\/wp\/v2\/tags?post=44212"}],"curies":[{"name":"wp","href":"https:\/\/api.w.org\/{rel}","templated":true}]}}