{"id":442201,"date":"2026-05-20T21:41:21","date_gmt":"2026-05-20T21:41:21","guid":{"rendered":"https:\/\/www.europesays.com\/pl\/442201\/"},"modified":"2026-05-20T21:41:21","modified_gmt":"2026-05-20T21:41:21","slug":"uchylil-wyrok-rodzicom-2-latki-ktorym-grozi-dozywocie-to-nie-pierwsza-kontrowersyjna-decyzja-sedziego","status":"publish","type":"post","link":"https:\/\/www.europesays.com\/pl\/442201\/","title":{"rendered":"Uchyli\u0142 wyrok rodzicom 2-latki, kt\u00f3rym grozi do\u017cywocie. To nie pierwsza kontrowersyjna decyzja s\u0119dziego"},"content":{"rendered":"<p>S\u0119dzia, kt\u00f3ry uchyli\u0142 areszt rodzicom podejrzanym o zn\u0119canie nad dzieckiem ze skutkiem \u015bmiertelnym, s\u0142ynie z podobnych decyzji &#8211; ustali\u0142o Radio Wroc\u0142aw. Jerzy Skorupka, dawniej prokurator, dzisiaj s\u0119dzia S\u0105du Apelacyjnego we Wroc\u0142awiu przynajmniej kilka razy podejmowa\u0142 kontrowersyjne decyzje dotycz\u0105ce zwolnienia podejrzanych z aresztu, co p\u00f3\u017aniej prowadzi\u0142o do tragicznych zdarze\u0144 lub mia\u0142o wp\u0142yw na przebieg procesu. Sprawdzili\u015bmy, w jakich jeszcze sprawach uchyla\u0142 wyrok i jak to si\u0119 sko\u0144czy\u0142o.  <\/p>\n<p style=\"text-align: justify;\">Radio Wroc\u0142aw wraca do <a href=\"https:\/\/www.radiowroclaw.pl\/articles\/view\/160733\/Dwulatka-tygodniami-umierala-w-meczarniach-Sad-apelacyjny-wypuscil-na-wolnosc-rodzicow-podejrzanych-o-znecanie\" rel=\"nofollow noopener\" target=\"_blank\">sprawy uchylenia aresztu rodzicom dwuletniej dziewczynki, kt\u00f3ra zmar\u0142a w szpitalu na skutek zn\u0119cania si\u0119 i wielomiesi\u0119cznych zaniedba\u0144<\/a>. Przypomnijmy, \u017ce ma\u0142a Anula (imi\u0119 zmienione przez redakcj\u0119) zmar\u0142a w po\u0142owie kwietnia. Do szpitala trafi\u0142a w styczniu, a jej obra\u017cenia wskazywa\u0142y na d\u0142ugotrwa\u0142e zn\u0119canie i zaniedbania. Rodzice dziewczynki trafili do aresztu, bo zdaniem prokuratury to oni spowodowali obra\u017cenia, kt\u00f3rych skutkiem by\u0142a sepsa, a w ko\u0144cu \u015bmier\u0107 dziecka po kilku tygodniach walki o \u017cycie. Jak informowali\u015bmy na naszej antenie, w maju min\u0105\u0142 termin tymczasowego aresztu, s\u0105d okr\u0119gowy na wniosek prokuratury go przed\u0142u\u017cy\u0142, ale po zaskar\u017ceniu, s\u0105d apelacyjny go uchyli\u0142. Podejrzani, kt\u00f3rym grozi do\u017cywocie, wyszli na wolno\u015b\u0107 bez zastosowania \u017cadnego \u015brodka zapobiegawczego. Dopiero dob\u0119 po wypuszczeniu Bohdany i Iwana Y., prokuratura na\u0142o\u017cy\u0142a na nich doz\u00f3r, zakaza\u0142a opuszczania kraju oraz odebra\u0142a paszporty.<\/p>\n<p style=\"text-align: justify;\">Jak ustali\u0142o Radio Wroc\u0142aw, s\u0119dzia S\u0105du Apelacyjnego we Wroc\u0142awiu, kt\u00f3ry podj\u0105\u0142 decyzj\u0119 o uchyleniu sankcji, Jerzy Skorupka, ju\u017c wcze\u015bniej mia\u0142 podejmowa\u0107 zaskakuj\u0105ce dla prokuratury i opinii publicznej decyzje maj\u0105ce wp\u0142yw na p\u00f3\u017aniejszy przebieg prowadzonych dochodze\u0144.<\/p>\n<p> Wypchn\u0105\u0142 \u017con\u0119 z balkonu &#8211;\u00a0unikn\u0105\u0142 kary<\/p>\n<p style=\"text-align: justify;\">S\u0119dzia Skorupka w swojej karierze s\u0119dziowskiej uchyla\u0142 te\u017c areszty, po kt\u00f3rych dochodzi\u0142o do dramatycznych wydarze\u0144 lub utrudniania przez podejrzanych prowadzonych wobec nich post\u0119powa\u0144.<\/p>\n<p style=\"text-align: justify;\">W 2022 roku s\u0119dzia Skorupka wypu\u015bci\u0142 z aresztu wroc\u0142awskiego lekarza Wojciecha K. Wed\u0142ug ustale\u0144 prokuratury, b\u0119d\u0105cy pod wp\u0142ywem alkoholu m\u0119\u017cczyzna, w nocy z 16 na 17 sierpnia 2021 roku, <a href=\"https:\/\/www.radiowroclaw.pl\/articles\/view\/124960\/Sad-utajnil-proces-mezczyzny-oskarzonego-o-zabojstwo-zony\" rel=\"nofollow noopener\" target=\"_blank\">zaci\u0105gn\u0105\u0142 \u017con\u0119 na balkon, po czym zrzuci\u0142 j\u0105 z wysoko\u015bci drugiego pi\u0119tra<\/a>. Kobieta, r\u00f3wnie\u017c lekarka, zmar\u0142a na miejscu na skutek rozleg\u0142ych obra\u017ce\u0144.<\/p>\n<p style=\"text-align: justify;\">Prokuratura, chc\u0105c zabezpieczy\u0107 tok \u015bledztwa i procesu, wielokrotnie wnioskowa\u0142a o przed\u0142u\u017cenie sankcji. Powodem by\u0142a nie tylko gro\u017c\u0105ca m\u0119\u017cczy\u017anie wysoka kara wi\u0119zienia, ale tak\u017ce dobro bliskich. Sprawca mia\u0142 wr\u00f3ci\u0107 do domu, w kt\u00f3rym przebywali synowie jego i ofiary. Mimo to s\u0119dzia Jerzy Skorupka wypu\u015bci\u0142 go na wolno\u015b\u0107 jeszcze przed rozpocz\u0119ciem procesu. Po opuszczeniu aresztu Wojciech K. przedstawia\u0142 s\u0105dowi za\u015bwiadczenia lekarskie, \u017ce nie jest zdolny do stawiennictwa na rozprawie i z tego powodu proces nie m\u00f3g\u0142 ruszy\u0107 w terminie. W efekcie m\u0119\u017cczyzna cierpi\u0105cy na alkoholizm zmar\u0142 jeszcze przed odczytaniem aktu oskar\u017cenia.<\/p>\n<p style=\"text-align: justify;\">&#8211; Prokuratura Rejonowa dla Wroc\u0142awia Fabrycznej prowadzi\u0142a post\u0119powanie przygotowawcze w sprawie przeciwko Wojciechowi K. podejrzanemu o zab\u00f3jstwo \u017cony. W trakcie tego post\u0119powania s\u0105d okr\u0119gowy zastosowa\u0142 \u015brodek zapobiegawczy w postaci tymczasowego aresztowania na okres trzech miesi\u0119cy i na skutek za\u017calenia wywiedzionego od tego postanowienia S\u0105d Apelacyjny we Wroc\u0142awiu uchyli\u0142 stosowanie \u015brodka zapobiegawczego i nie stosuj\u0105c \u017cadnych innych \u015brodk\u00f3w zapobiegawczych zwolni\u0142 podejrzanego z aresztu \u015bledczego. Z ca\u0142\u0105 pewno\u015bci\u0105 utrudni\u0142o to post\u0119powanie, podejrzany nie by\u0142 dost\u0119pny, \u017ce tak powiem, dla organ\u00f3w \u015bcigania, natomiast w efekcie pan oskar\u017cony unikn\u0105\u0142 odpowiedzialno\u015bci karnej, albowiem zmar\u0142 &#8211; m\u00f3wi Damian Pownuk, rzecznik Prokuratury Okr\u0119gowej we Wroc\u0142awiu.<\/p>\n<p>&#13;<br \/>\n\t\t\t\t\t\t\t\t\t\tAby ods\u0142ucha\u0107 za\u0142\u0105czonego d\u017awi\u0119ku zaktualizuj przegl\u0105dark\u0119 lub\/i wtyczk\u0119 Adobe Flash Player.&#13;\n\t\t\t\t\t\t\t\t\t<\/p>\n<p>Opu\u015bci\u0142 areszt, zaatakowa\u0142 brata<\/p>\n<p style=\"text-align: justify;\">Do dramatycznych wydarze\u0144 dosz\u0142o r\u00f3wnie\u017c przy sprawie uchylenia aresztu Wroc\u0142awianinowi, wielokrotnemu recydywi\u015bcie Rafa\u0142owi D. 14 maja 2021 roku, we Wroc\u0142awiu, zaatakowa\u0142 innego m\u0119\u017cczyzn\u0119 \u015brubokr\u0119tem, zadaj\u0105c mu trzy g\u0142\u0119bokie rany w klatk\u0119 piersiow\u0105, realnie zagra\u017caj\u0105ce \u017cyciu &#8211; wynika\u0142o z ustale\u0144 prokuratury. Zrobi\u0142 to, bo jego ofiara, kilka godzin wcze\u015bniej interweniowa\u0142a, gdy sprawca, po ulicznej k\u0142\u00f3tni o pierwsze\u0144stwo na drodze, zaatakowa\u0142 przechodnia.<\/p>\n<p style=\"text-align: justify;\">Mimo, i\u017c Rafa\u0142 D. by\u0142 wcze\u015bniej karany i mimo \u017ce \u015bledztwo nie by\u0142o zako\u0144czone, s\u0119dzia Jerzy Skorupka uchyli\u0142 mu areszt. W nast\u0119pstwie tego bandyta wr\u00f3ci\u0142 do domu i skatowa\u0142 brata, kt\u00f3ry, jak informuje prokuratura, zeznawa\u0142 przeciwko niemu w sprawie.<\/p>\n<p style=\"text-align: justify;\">&#8211; M\u0119\u017cczyzna d\u0142ugo walczy\u0142 o zdrowie w szpitalu \u2013 informuje Pownuk. &#8211; Prokuratura rejonowa dla Wroc\u0142awia Fabrycznej prowadzi\u0142a post\u0119powanie przeciwko Rafa\u0142owi D. podejrzanemu o usi\u0142owanie zab\u00f3jstwa i by\u0142 to czyn pope\u0142niony w ramach powrotu do przest\u0119pstwa, przy czym tym uprzednim przest\u0119pstwem, za kt\u00f3re by\u0142 skazany, by\u0142o r\u00f3wnie\u017c usi\u0142owanie zab\u00f3jstwa. W tym post\u0119powaniu s\u0105d okr\u0119gowy na wniosek prokuratury przed\u0142u\u017ca\u0142 areszt wobec podejrzanego, natomiast decyzj\u0105 s\u0105du apelacyjnego pan Rafa\u0142 D. zosta\u0142 zwolniony z aresztu \u015bledczego. Mia\u0142o to miejsce 24 listopada 2021 roku i w tym samym dniu pan Rafa\u0142 D. powr\u00f3ci\u0142 do miejsca zamieszkania i w\u00f3wczas dotkliwie pobi\u0142 swojego brata, kt\u00f3ry wyst\u0119powa\u0142 jako wsp\u00f3\u0142podejrzany w tym post\u0119powaniu i z\u0142o\u017cy\u0142 wyja\u015bnienia, kt\u00f3re obci\u0105\u017ca\u0142y de facto Rafa\u0142a D. By\u0142y to na tyle powa\u017cne obra\u017cenia, \u017ce brat podejrzanego wyl\u0105dowa\u0142 w szpitalu. Na skutek tego prokuratura ju\u017c dwa dni p\u00f3\u017aniej zatrzyma\u0142a po raz kolejny pana Rafa\u0142a D., ju\u017c w kolejnym post\u0119powaniu, bo to musia\u0142o by\u0107 prowadzone w kolejnym post\u0119powaniu, pan Rafa\u0142 D. ponownie zosta\u0142 aresztowany. Finalnie, to istotnie wyd\u0142u\u017cy\u0142o post\u0119powanie przygotowawcze, natomiast finalnie w tym post\u0119powaniu, z tego co ustali\u0142em, pan Rafa\u0142 D. zosta\u0142 skazany na kar\u0119 8 lat pozbawienia wolno\u015bci.<\/p>\n<p style=\"text-align: justify;\">\n<p>&#13;<br \/>\n\t\t\t\t\t\t\t\t\t\tAby ods\u0142ucha\u0107 za\u0142\u0105czonego d\u017awi\u0119ku zaktualizuj przegl\u0105dark\u0119 lub\/i wtyczk\u0119 Adobe Flash Player.&#13;\n\t\t\t\t\t\t\t\t\t<\/p>\n<\/p>\n<p style=\"text-align: justify;\">Radio Wroc\u0142aw dotar\u0142o r\u00f3wnie\u017c do informacji, \u017ce Jerzy Skorupka uchyli\u0142 areszt sprawcy brutalnej napa\u015bci na wsp\u00f3\u0142wi\u0119\u017ania, kt\u00f3remu mia\u0142 wbi\u0107 o\u0142\u00f3wek w oko. \u015aledczy zawnioskowali o badania stanu psychicznego napastnika. Takie badanie wykonuj\u0105 tylko dwa o\u015brodki w Polsce. W zwi\u0105zku z tym, \u017ce sprawcy ko\u0144czy\u0142 si\u0119 wyrok, prokuratura zawnioskowa\u0142a o zastosowanie i przed\u0142u\u017cenie aresztu, bo oczekiwanie na badanie w takiej plac\u00f3wce trwa nawet kilka miesi\u0119cy. Po zaskar\u017ceniu decyzji s\u0105du o zastosowanie aresztu, S\u0105d Apelacyjny we Wroc\u0142awiu, pod przewodnictwem s\u0119dziego Jerzego Skorupki, uchyli\u0142 sankcj\u0119&#8230; na kilka dni przed terminem wnioskowanego badania.<\/p>\n<p>&#8222;Nie widz\u0119 mo\u017cliwo\u015bci rozmowy o podj\u0119tych decyzjach&#8221;<\/p>\n<p style=\"text-align: justify;\">Decyzje te s\u0105 o tyle zaskakuj\u0105ce, \u017ce s\u0119dzia Jerzy Skorupka jest profesorem na Wydziale Prawa i Administracji Uniwersytetu Wroc\u0142awskiego. Co wi\u0119cej, przez wiele lat pe\u0142ni\u0142 funkcj\u0119 prokuratora. Poprosili\u015bmy go, przez biuro prasowe S\u0105du Apelacyjnego we Wroc\u0142awiu o komentarz i mo\u017cliwo\u015b\u0107 rozmowy. T\u0105 sam\u0105 droga otrzymali\u015bmy odpowied\u017a: &#8222;S\u0105d wypowiada si\u0119 w uzasadnieniu podj\u0119tej decyzji. Tam podane s\u0105 motywy jej wydania. Nie widz\u0119 mo\u017cliwo\u015bci rozmowy o podj\u0119tych decyzjach&#8221;.<\/p>\n<p style=\"text-align: justify;\">A konsekwencje podejmowanych przez s\u0105d apelacyjny decyzji mog\u0105 by\u0107 bardzo powa\u017cne. Uchylenie aresztu rodzicom 2-latki jest prawomocne, a to oznacza, \u017ce prokuratura nie mo\u017ce wnioskowa\u0107 o kolejny areszt w prowadzonym przeciwko nim postepowaniu. Pozostawanie na wolno\u015bci os\u00f3b, kt\u00f3re nie maj\u0105 sta\u0142ego miejsca pobytu, a na dodatek nie ukrywaj\u0105, \u017ce w planach mieli opuszczenie Polski stawia pod znakiem zapytania to, czy nie b\u0119d\u0105 pr\u00f3bowali unikn\u0105\u0107 wymiaru sprawiedliwo\u015bci. Dodatkowym argumentem za pozostawieniem ich w areszcie s\u0105 zarzuty zn\u0119cania wobec starszej, 5-letniej c\u00f3rki, kt\u00f3ra obecnie przebywa w rodzinie zast\u0119pczej. Bohdana i Iwan maj\u0105 zakaz zbli\u017cania si\u0119 do niej.<\/p>\n<p style=\"text-align: justify;\">B\u0119dziemy wraca\u0107 do sprawy.\u00a0<\/p>\n","protected":false},"excerpt":{"rendered":"S\u0119dzia, kt\u00f3ry uchyli\u0142 areszt rodzicom podejrzanym o zn\u0119canie nad dzieckiem ze skutkiem \u015bmiertelnym, s\u0142ynie z podobnych decyzji &#8211;&hellip;\n","protected":false},"author":2,"featured_media":442202,"comment_status":"","ping_status":"","sticky":false,"template":"","format":"standard","meta":{"footnotes":"","_share_on_mastodon":"0"},"categories":[51607],"tags":[83573,2792,24131,83575,83576,83574,31604,6126,42,38,40,39,41,83572,83577,43260,83571,1853,2228],"class_list":["post-442201","post","type-post","status-publish","format-standard","has-post-thumbnail","category-wroclaw","tag-2-latki","tag-decyzja","tag-dozywocie","tag-grozi","tag-kontrowersyjna","tag-ktorym","tag-nie","tag-pierwsza","tag-pl","tag-poland","tag-polish","tag-polska","tag-polski","tag-rodzicom","tag-sedziego","tag-to","tag-uchylil","tag-wroclaw","tag-wyrok"],"share_on_mastodon":{"url":"https:\/\/pubeurope.com\/@pl\/116609082134031246","error":""},"_links":{"self":[{"href":"https:\/\/www.europesays.com\/pl\/wp-json\/wp\/v2\/posts\/442201","targetHints":{"allow":["GET"]}}],"collection":[{"href":"https:\/\/www.europesays.com\/pl\/wp-json\/wp\/v2\/posts"}],"about":[{"href":"https:\/\/www.europesays.com\/pl\/wp-json\/wp\/v2\/types\/post"}],"author":[{"embeddable":true,"href":"https:\/\/www.europesays.com\/pl\/wp-json\/wp\/v2\/users\/2"}],"replies":[{"embeddable":true,"href":"https:\/\/www.europesays.com\/pl\/wp-json\/wp\/v2\/comments?post=442201"}],"version-history":[{"count":0,"href":"https:\/\/www.europesays.com\/pl\/wp-json\/wp\/v2\/posts\/442201\/revisions"}],"wp:featuredmedia":[{"embeddable":true,"href":"https:\/\/www.europesays.com\/pl\/wp-json\/wp\/v2\/media\/442202"}],"wp:attachment":[{"href":"https:\/\/www.europesays.com\/pl\/wp-json\/wp\/v2\/media?parent=442201"}],"wp:term":[{"taxonomy":"category","embeddable":true,"href":"https:\/\/www.europesays.com\/pl\/wp-json\/wp\/v2\/categories?post=442201"},{"taxonomy":"post_tag","embeddable":true,"href":"https:\/\/www.europesays.com\/pl\/wp-json\/wp\/v2\/tags?post=442201"}],"curies":[{"name":"wp","href":"https:\/\/api.w.org\/{rel}","templated":true}]}}