{"id":442209,"date":"2026-05-20T21:45:09","date_gmt":"2026-05-20T21:45:09","guid":{"rendered":"https:\/\/www.europesays.com\/pl\/442209\/"},"modified":"2026-05-20T21:45:09","modified_gmt":"2026-05-20T21:45:09","slug":"tramwajowy-armagedon-w-warszawie-weekendowe-objazdy-i-wielkie-remonty-przez-cale-lato-infrastruktura","status":"publish","type":"post","link":"https:\/\/www.europesays.com\/pl\/442209\/","title":{"rendered":"Tramwajowy armagedon w Warszawie: weekendowe objazdy i wielkie remonty przez ca\u0142e lato &#8211; Infrastruktura"},"content":{"rendered":"<p>Warszawa szykuje si\u0119 na jeden z najwi\u0119kszych w ostatnich latach pakiet\u00f3w utrudnie\u0144 w ruchu tramwajowym. Ju\u017c w najbli\u017cszy weekend 23\u201324 maja rozpoczn\u0105 si\u0119 objazdy na Marsza\u0142kowskiej i w rejonie Placu Zbawiciela, a od ko\u0144ca maja ruszy wielomiesi\u0119czna modernizacja kluczowych tras w Alejach Jerozolimskich i na Mo\u015bcie Poniatowskiego, kt\u00f3ra sparali\u017cuje komunikacj\u0119 w centrum i na Pradze.<\/p>\n<p>W Warszawie \u2013 stolicy Warszawa \u2013 rozpoczyna si\u0119 seria intensywnych remont\u00f3w torowisk tramwajowych, kt\u00f3re znacz\u0105co zmieni\u0105 organizacj\u0119 ruchu w centrum i na g\u0142\u00f3wnych ci\u0105gach komunikacyjnych.<\/p>\n<p>Jak poinformowa\u0142y Tramwaje Warszawskie, w weekend 23\u201324 maja prowadzone b\u0119d\u0105 prace przy Placu Zbawiciela oraz w rejonie w\u0119z\u0142a Andersa\/Stawki. Obejmuj\u0105 one wymian\u0119 zwrotnic i naprawy torowiska, co wymusi zamkni\u0119cia odcink\u00f3w m.in. w ci\u0105gu ulic Marsza\u0142kowska oraz w rejonie Plac Zbawiciela.<\/p>\n<p>W tym czasie zawieszone zostan\u0105 linie 14 i 18, a cz\u0119\u015b\u0107 po\u0142\u0105cze\u0144 \u2013 w tym linie 4, 10, 11, 16 oraz 33 \u2013 zostanie skierowana na trasy objazdowe przez Alej\u0119 Niepodleg\u0142o\u015bci i Rakowieck\u0105. Uruchomiona zostanie linia uzupe\u0142niaj\u0105ca 76, kursuj\u0105ca przez kluczowe ci\u0105gi komunikacyjne miasta, w tym centrum i Prag\u0119.<\/p>\n<p><img fetchpriority=\"high\" decoding=\"async\" width=\"2048\" height=\"1365\" src=\"https:\/\/www.europesays.com\/pl\/wp-content\/uploads\/2026\/05\/Remont-torowiska_034_fot.-Tramwaje-Warszawskie-1-2048x1365-1.jpg\" alt=\"\" class=\"wp-image-115595\"  \/>15.05.2026 Warszawa, Tramwaje Warszawskie, remont ulica Grochowska. Fot. Wojciech Surdziel \/ wosu.pl<\/p>\n<p>Dodatkowe utrudnienia pojawi\u0105 si\u0119 w rejonie Andersa, gdzie wymieniana b\u0119dzie zwrotnica przy Stawkach, a tramwaje nie przejad\u0105 kr\u00f3tkiego odcinka mi\u0119dzy Mi\u0119dzyparkow\u0105 a Muranowsk\u0105.<\/p>\n<p>Jednocze\u015bnie Tramwaje Warszawskie zapowiadaj\u0105 znacznie wi\u0119kszy etap prac, kt\u00f3ry rozpocznie si\u0119 pod koniec maja. Obejmuje on remont Alej Jerozolimskich oraz wiaduktu nad Powi\u015blem i Mostu Poniatowskiego. Ruch tramwajowy mi\u0119dzy Placem Starynkiewicza a Rondem Waszyngtona zostanie wstrzymany na okres oko\u0142o dw\u00f3ch miesi\u0119cy, a objazdy potrwaj\u0105 do sierpnia.<\/p>\n<p>W tym czasie zmieni\u0105 si\u0119 trasy wielu kluczowych linii, m.in. 7, 9, 13, 22, 24, 25, 33 i 79, a cz\u0119\u015b\u0107 po\u0142\u0105cze\u0144 zostanie zawieszona. Wprowadzona zostanie tak\u017ce zast\u0119pcza linia autobusowa Z-9, kursuj\u0105ca z du\u017c\u0105 cz\u0119stotliwo\u015bci\u0105 przez centrum i most Poniatowskiego.<\/p>\n<p>Wed\u0142ug sp\u00f3\u0142ki celem prac jest wymiana mocno zu\u017cytej infrastruktury, kt\u00f3ra \u2013 jak wskazuj\u0105 zarz\u0105dcy \u2013 w wielu miejscach osi\u0105gn\u0119\u0142a nawet 80\u201390 proc. zu\u017cycia. Modernizacja ma przygotowa\u0107 sie\u0107 tramwajow\u0105 na zwi\u0119kszone obci\u0105\u017cenia wynikaj\u0105ce z planowanych objazd\u00f3w i rosn\u0105cego ruchu w sezonie letnim.<\/p>\n<p>Masz newsa? Interesujesz si\u0119 inwestycjami w Warszawie? Pisz do nas na adres: redakcja@nowawarszawa.pl \u015aled\u017a nas na bie\u017c\u0105co na\u00a0<a href=\"https:\/\/www.facebook.com\/warszawaodnowa\/\" rel=\"nofollow noopener\" target=\"_blank\">Facebooku<\/a>.<\/p>\n","protected":false},"excerpt":{"rendered":"Warszawa szykuje si\u0119 na jeden z najwi\u0119kszych w ostatnich latach pakiet\u00f3w utrudnie\u0144 w ruchu tramwajowym. Ju\u017c w najbli\u017cszy&hellip;\n","protected":false},"author":2,"featured_media":442210,"comment_status":"","ping_status":"","sticky":false,"template":"","format":"standard","meta":{"footnotes":"","_share_on_mastodon":"0"},"categories":[51605],"tags":[42,38,40,39,41,9043,56758,435,26],"class_list":["post-442209","post","type-post","status-publish","format-standard","has-post-thumbnail","category-warszawa","tag-pl","tag-poland","tag-polish","tag-polska","tag-polski","tag-remonty","tag-tramwaje-warszawskie","tag-warszawa","tag-wiadomosci"],"share_on_mastodon":{"url":"https:\/\/pubeurope.com\/@pl\/116609098305320965","error":""},"_links":{"self":[{"href":"https:\/\/www.europesays.com\/pl\/wp-json\/wp\/v2\/posts\/442209","targetHints":{"allow":["GET"]}}],"collection":[{"href":"https:\/\/www.europesays.com\/pl\/wp-json\/wp\/v2\/posts"}],"about":[{"href":"https:\/\/www.europesays.com\/pl\/wp-json\/wp\/v2\/types\/post"}],"author":[{"embeddable":true,"href":"https:\/\/www.europesays.com\/pl\/wp-json\/wp\/v2\/users\/2"}],"replies":[{"embeddable":true,"href":"https:\/\/www.europesays.com\/pl\/wp-json\/wp\/v2\/comments?post=442209"}],"version-history":[{"count":0,"href":"https:\/\/www.europesays.com\/pl\/wp-json\/wp\/v2\/posts\/442209\/revisions"}],"wp:featuredmedia":[{"embeddable":true,"href":"https:\/\/www.europesays.com\/pl\/wp-json\/wp\/v2\/media\/442210"}],"wp:attachment":[{"href":"https:\/\/www.europesays.com\/pl\/wp-json\/wp\/v2\/media?parent=442209"}],"wp:term":[{"taxonomy":"category","embeddable":true,"href":"https:\/\/www.europesays.com\/pl\/wp-json\/wp\/v2\/categories?post=442209"},{"taxonomy":"post_tag","embeddable":true,"href":"https:\/\/www.europesays.com\/pl\/wp-json\/wp\/v2\/tags?post=442209"}],"curies":[{"name":"wp","href":"https:\/\/api.w.org\/{rel}","templated":true}]}}