{"id":442332,"date":"2026-05-20T23:04:14","date_gmt":"2026-05-20T23:04:14","guid":{"rendered":"https:\/\/www.europesays.com\/pl\/442332\/"},"modified":"2026-05-20T23:04:14","modified_gmt":"2026-05-20T23:04:14","slug":"rusza-nowa-trasa-z-lodzi-do-s14-po-roku-prac-kierowcy-pojada-przebudowana-wylotowka-wiadomosci-lodz","status":"publish","type":"post","link":"https:\/\/www.europesays.com\/pl\/442332\/","title":{"rendered":"Rusza nowa trasa z \u0141odzi do S14. Po roku prac kierowcy pojad\u0105 przebudowan\u0105 wylot\u00f3wk\u0105 &#8211; Wiadomo\u015bci \u0141\u00f3d\u017a"},"content":{"rendered":"<p><img decoding=\"async\" data-not-lazy=\"\" alt=\"Rusza nowa trasa z \u0141odzi do S14. Po roku prac kierowcy pojad\u0105 przebudowan\u0105 wylot\u00f3wk\u0105 - Zdj\u0119cie g\u0142\u00f3wne\" style=\"object-fit:cover;object-position:center;position:absolute;left:0;top:0;width:100%;height:100%;\" src=\"https:\/\/www.europesays.com\/pl\/wp-content\/uploads\/2026\/05\/01420454-14c7-43da-9343-bb000dbb592c.webp\"\/><\/p>\n<p>Autor: Iwona Spodenkiewicz | Opis: W nocy z 23 na 24 maja auta pojad\u0105 now\u0105 drog\u0105<\/p>\n<p>To jedna z najwa\u017cniejszych dr\u00f3g wylotowych z \u0141odzi. Tysi\u0105ce kierowc\u00f3w codziennie je\u017adzi\u0142y ni\u0105 po dziurach do Konstantynowa \u0141\u00f3dzkiego i pobliskich miejscowo\u015bci. Teraz ul. Szczeci\u0144ska zmienia si\u0119 nie do poznania. Jeszcze w tym tygodniu kierowcy pojad\u0105 kompleksowo przebudowanym odcinkiem. Jest nowy asfalt, chodniki i drogi rowerowe, a dojazd do trasy S14 ma by\u0107 szybszy i bezpieczniejszy.<\/p>\n<p>Dwa kilometry nowej drogi<\/p>\n<p>&#8211; Ju\u017c w ten weekend weekend otwieramy ulic\u0119 Szczeci\u0144sk\u0105 na odcinku od R\u0105bie\u0144skiej a\u017c do granic \u0141odzi, do Konstantynowa \u0141\u00f3dzkiego<\/p>\n<p>&#8211; powiedzia\u0142 Tomasz Piotrowski, wiceprezydent \u0141odzi.<\/p>\n<p>&#8211; To dwa kilometry kompleksowo przebudowanej drogi, a \u0142\u0105cznie z pierwszym odcinkiem oddanym w poprzednie wakacje to pi\u0119\u0107 kilometr\u00f3w wyremontowanej trasy z ca\u0142\u0105 infrastruktur\u0105 podziemn\u0105 i now\u0105 drog\u0105 rowerow\u0105, kt\u00f3ra po\u0142\u0105czy \u0141\u00f3d\u017a z Konstantynowem.<br \/>Do tego 600 drzew, nowoczesne, energooszcz\u0119dne o\u015bwietlenie oraz ronda up\u0142ynniaj\u0105ce ruch na doje\u017adzie do S14. To bardzo wa\u017cna ulica, bo \u0142\u0105cz\u0105ca \u0141\u00f3d\u017a z miastami o\u015bciennymi i bardzo wa\u017cna inwestycja<\/p>\n<p>Warto podkre\u015bli\u0107, \u017ce przebudowa zosta\u0142a uko\u0144czona przed terminem, co w \u0141odzi jest prawdziwym ewenementem. Pierwotnie ruch na tym odcinku mia\u0142 by\u0107 wznowiony w po\u0142owie wakacji.<\/p>\n<p>&#8211; Otwiera to mo\u017cliwo\u015b\u0107 uruchomienia kolejnej inwestycji w tym rejonie, czyli dalszej przebudowy ulicy Szczeci\u0144skiej w stron\u0119 Zgierza, na odcinku od Aleksandrowskiej do \u015awi\u0119tej Teresy. Tutaj chcemy wystartowa\u0107 w wakacje. Oczywi\u015bcie najpierw sko\u0144czymy ulic\u0119 Szparagow\u0105 i Wersalsk\u0105, kt\u00f3re b\u0119d\u0105 stanowi\u0142y taki wygodny objazd kolejnego remontowanego odcinka ulicy Szczeci\u0144skiej<\/p>\n<p>&#8211; podkre\u015bla Tomasz Piotrowski.<\/p>\n<p>Jak dodaje Grzegorz Nita z \u0141\u00f3dzkich Inwestycji, istotne jest r\u00f3wnie\u017c to, \u017ce miastu uda\u0142o si\u0119 porozumie\u0107 ze starostwem powiatowym w Pabianicach, kt\u00f3re wyremontowa\u0142o dwa odcinki przed\u0142u\u017cenia ulicy Szczeci\u0144skiej na terenie gminy Konstantyn\u00f3w.<\/p>\n<p>&#8211; Dzi\u0119ki temu mamy teraz pe\u0142ny dojazd do ronda w Konstantynowie, z kt\u00f3rego mo\u017cemy wjecha\u0107 na S14<\/p>\n<p>23 maja auta pojad\u0105 now\u0105 drog\u0105, ale nadal b\u0119dzie obowi\u0105zywa\u0107 tymczasowa organizacja ruchu, gdy\u017c b\u0119d\u0105 jeszcze trwa\u0142y procedury odbioru przez nadz\u00f3r budowlany.<\/p>\n<p>Powr\u00f3t 97 i alternatywa dla al. W\u0142\u00f3kniarzy<\/p>\n<p>Przy wyremontowanej ul. Szczeci\u0144skiej powsta\u0142y tak\u017ce nowe przystanki autobusowe, kt\u00f3rych wcze\u015bniej tu nie by\u0142o. Dzi\u0119ki temu wr\u00f3ci autobus linii \u00a097B kursuj\u0105cy do Konstantynowa \u0141\u00f3dzkiego. Od 24 maja 2026 r. zmieni on tras\u0119, rozk\u0142ad jazdy oraz przystanki strefowe.<br \/>Autobusy pojad\u0105 tras\u0105: Niesi\u0119cin &#8211; Zgierska &#8211; Szczeci\u0144ska &#8211; Podchor\u0105\u017cych &#8211; Z\u0142otno &#8211; Krakowska &#8211; Konstantynowska &#8211; Legion\u00f3w &#8211; al. W\u0142\u00f3kniarzy &#8211; al. Bandurskiego &#8211; Marato\u0144ska &#8211; al. Waltera-Janke &#8211; Nowe Sady Zajezdnia. W przeciwnym kierunku kurs b\u0119dzie prowadzony przez ul. Naftow\u0105.<br \/>Pojawi si\u0119 te\u017c nowy przystanek strefowy: Szczeci\u0144ska \/ Pancerniak\u00f3w.<\/p>\n<p>Zako\u0144czenie tej inwestycji jest wa\u017cne tak\u017ce z innego powodu. Nowa Szczeci\u0144ska mo\u017ce sta\u0107 si\u0119 alternatywn\u0105 tras\u0105 podczas zbli\u017caj\u0105cego si\u0119 remontu wiaduktu na al. W\u0142\u00f3kniarzy. Skorzystaj\u0105 na tym nie tylko mieszka\u0144cy Teofilowa, ale te\u017c cz\u0119\u015bci Ba\u0142ut i Polesia. Kierowcy \u0142atwiej dojad\u0105 st\u0105d m.in. do Konstantynowa \u0141\u00f3dzkiego, Pabianic czy po\u0142udniowych rejon\u00f3w miasta, w tym do Portu \u0141\u00f3d\u017a.<\/p>\n<p>Kolejne remonty w rejonie Teofilowa<\/p>\n<p>Szczeci\u0144ska to jedna z kilku ulic remontowanych w rejonie Teofilowa. Trwa budowa zupe\u0142nie nowej drogi, b\u0119d\u0105cej przed\u0142u\u017ceniem ul. Kacze\u0144cowej, kt\u00f3ra ma stanowi\u0107 \u0142\u0105cznik mi\u0119dzy ul. Rojn\u0105 a R\u0105bie\u0144sk\u0105. Dobiegaj\u0105 te\u017c ko\u0144ca remonty ulic Wersalskiej i Szparagowej. Trwaj\u0105 tam prace brukarskie i nasadzenia, wi\u0119c ruch powinien tam wr\u00f3ci\u0107 za ok. 2 tygodnie.<\/p>\n<p>Zako\u0144czenie obecnego etapu to nie koniec zmian na ul. Szczeci\u0144skiej. Miasto ju\u017c przygotowuje si\u0119 do kolejnej du\u017cej inwestycji w tym rejonie &#8211; przebudowy p\u00f3\u0142nocnego odcinka w stron\u0119 Zgierza. Jak wynika z zapowiedzi, przetarg na ten fragment zosta\u0142 ju\u017c og\u0142oszony, a oferty s\u0105 obecnie sprawdzane. Je\u015bli wszystko p\u00f3jdzie zgodnie z planem, pierwsze prace w terenie mog\u0105 ruszy\u0107 w wakacje 2026 roku, po zako\u0144czeniu rob\u00f3t na ulicach Szparagowej i Wersalskiej, kt\u00f3re maj\u0105 zapewni\u0107 objazd dla kolejnego etapu inwestycji.<\/p>\n<p><img decoding=\"async\" data-not-lazy=\"\" alt=\"Iwona Spodenkiewicz - zdj\u0119cie autora\" class=\"rounded-circle article__author--image\" src=\"https:\/\/www.europesays.com\/pl\/wp-content\/uploads\/2026\/05\/8e60f506-3e85-4978-8397-89fdd93cc94b.jpeg\"\/><a href=\"https:\/\/tulodz.pl\/autor\/FESmD4DKZgpaINnTv5aB\" rel=\"nofollow noopener\" target=\"_blank\">Iwona Spodenkiewicz<\/a><\/p>\n<p>Nic tak nie cieszy, jak rozwi\u0105zany problem innych. Lubi\u0119 s\u0142ucha\u0107 i potrafi\u0119 p\u0142aka\u0107 razem z tymi, kt\u00f3rzy cierpi\u0105. Empatia to moje najwa\u017cniejsze narz\u0119dzie w \u017cyciu i w pracy. Jestem dziennikark\u0105 z ponad 20-letnim sta\u017cem, kt\u00f3ra zaczyna\u0142a w \u201eExpressie Ilustrowanym\u201d. Zawsze stawiam na uczciwo\u015b\u0107 i pomaganie ludziom. To moja misja i motor dzia\u0142ania. Nie cierpi\u0119 cwaniactwa i k\u0142amstwa, wierz\u0119, \u017ce dziennikarstwo ma sens tylko wtedy, gdy s\u0142u\u017cy innym. Prywatnie &#8211; mama czworga dzieci, fanka muzyki od Kalibra 44 po Taco Hemingwaya, Billie Eilish i Davida Guett\u0119. Mi\u0142o\u015bniczka Stephena Kinga i serialu Stranger Things.<\/p>\n","protected":false},"excerpt":{"rendered":"Autor: Iwona Spodenkiewicz | Opis: W nocy z 23 na 24 maja auta pojad\u0105 now\u0105 drog\u0105 To jedna&hellip;\n","protected":false},"author":2,"featured_media":442333,"comment_status":"","ping_status":"","sticky":false,"template":"","format":"standard","meta":{"footnotes":"","_share_on_mastodon":"0"},"categories":[51608],"tags":[3652,42,38,40,39,41,55472,71871,51691],"class_list":["post-442332","post","type-post","status-publish","format-standard","has-post-thumbnail","category-lodz","tag-lodz","tag-pl","tag-poland","tag-polish","tag-polska","tag-polski","tag-remont-lodz","tag-s14","tag-utrudnienia-w-ruchu-lodz"],"share_on_mastodon":{"url":"https:\/\/pubeurope.com\/@pl\/116609408438895938","error":""},"_links":{"self":[{"href":"https:\/\/www.europesays.com\/pl\/wp-json\/wp\/v2\/posts\/442332","targetHints":{"allow":["GET"]}}],"collection":[{"href":"https:\/\/www.europesays.com\/pl\/wp-json\/wp\/v2\/posts"}],"about":[{"href":"https:\/\/www.europesays.com\/pl\/wp-json\/wp\/v2\/types\/post"}],"author":[{"embeddable":true,"href":"https:\/\/www.europesays.com\/pl\/wp-json\/wp\/v2\/users\/2"}],"replies":[{"embeddable":true,"href":"https:\/\/www.europesays.com\/pl\/wp-json\/wp\/v2\/comments?post=442332"}],"version-history":[{"count":0,"href":"https:\/\/www.europesays.com\/pl\/wp-json\/wp\/v2\/posts\/442332\/revisions"}],"wp:featuredmedia":[{"embeddable":true,"href":"https:\/\/www.europesays.com\/pl\/wp-json\/wp\/v2\/media\/442333"}],"wp:attachment":[{"href":"https:\/\/www.europesays.com\/pl\/wp-json\/wp\/v2\/media?parent=442332"}],"wp:term":[{"taxonomy":"category","embeddable":true,"href":"https:\/\/www.europesays.com\/pl\/wp-json\/wp\/v2\/categories?post=442332"},{"taxonomy":"post_tag","embeddable":true,"href":"https:\/\/www.europesays.com\/pl\/wp-json\/wp\/v2\/tags?post=442332"}],"curies":[{"name":"wp","href":"https:\/\/api.w.org\/{rel}","templated":true}]}}