{"id":442386,"date":"2026-05-20T23:41:10","date_gmt":"2026-05-20T23:41:10","guid":{"rendered":"https:\/\/www.europesays.com\/pl\/442386\/"},"modified":"2026-05-20T23:41:10","modified_gmt":"2026-05-20T23:41:10","slug":"krolowa-przetrwania-mogla-byc-tylko-jedna-to-ona-wygrala-trzecia-edycje","status":"publish","type":"post","link":"https:\/\/www.europesays.com\/pl\/442386\/","title":{"rendered":"&#8222;Kr\u00f3lowa przetrwania&#8221; mog\u0142a by\u0107 tylko jedna. To ona wygra\u0142a trzeci\u0105 edycj\u0119"},"content":{"rendered":"<p>Po wielu tygodniach zmaga\u0144, przezwyci\u0119\u017cania w\u0142asnych s\u0142abo\u015bci, pokazu si\u0142y, determinacji i woli walki, cztery uczestniczki dotar\u0142y do \u015bcis\u0142ego fina\u0142u &#8222;<a href=\"https:\/\/plejada.pl\/temat\/krolowa-przetrwania\/gd8l96z\" id=\"e989ee36-dfe7-4f65-9c05-41c3897cb8af\" rel=\"nofollow noopener\" target=\"_blank\">Kr\u00f3lowej przetrwania<\/a>&#8222;. W ostatnim odcinku reality show celebrytki musia\u0142y zmierzy\u0107 si\u0119 z dwoma wyczerpuj\u0105cymi fizycznie konkurencjami, a ostatecznie zwyci\u0119\u017cczyni\u0105 trzeciej edycji zosta\u0142a Dominika Rybak. Chyba nikogo nie zdziwi\u0142 ten werdykt \u2014 influencerka od samego pocz\u0105tku by\u0142a typowana do wygranej ze wzgl\u0119du na swoj\u0105 wytrzyma\u0142o\u015b\u0107 i determinacj\u0119. Dalszy ci\u0105g artyku\u0142u pod materia\u0142em wideo To ona wygra\u0142a &#8222;Kr\u00f3lowa przetrwania&#8221;. Zapad\u0142 werdykt     Zwyci\u0119\u017cczyni\u0105 trzeciej edycji &#8222;Kr\u00f3lowej przetrwania&#8221; zosta\u0142a Dominika Rybak. Zaraz za ni\u0105 znalaz\u0142a si\u0119 Sofi Sivokha, a na trzecim miejscu uplasowa\u0142a si\u0119 Nicol Pniewska. <a href=\"https:\/\/plejada.pl\/temat\/ilona-felicjanska\/97d7v3p\" id=\"c231d673-a86f-47b0-a7d6-7e2cc5fe80f1\" rel=\"nofollow noopener\" target=\"_blank\">Ilona Felicja\u0144ska<\/a> musia\u0142a z kolei zadowoli\u0107 si\u0119 miejscem poza podium.Po zako\u0144czeniu fina\u0142owej konkurencji przez wszystkie cztery uczestniczki, <a href=\"https:\/\/plejada.pl\/temat\/malgorzata-rozenek-majdan-dziennikarka\/mbg2dwb\" id=\"faa66208-6dde-4ec9-ae24-d68488a4ddb3\" rel=\"nofollow noopener\" target=\"_blank\">Ma\u0142gorzata Rozenek-Majdan<\/a> wr\u0119czy\u0142a w Dominice Rybak nagrod\u0119 o warto\u015bci 75 tys. z\u0142.      <img decoding=\"async\" src=\"https:\/\/www.europesays.com\/pl\/wp-content\/uploads\/2026\/05\/b2gk9lCaHR0cHM6Ly9vY2RuLmV1L3B1bHNjbXMvTURBXy8zZTFkMzI3ZmQ3ZTdhOWE5YzA1ZDQwNmU1MTY0MjJhMi5qcGVnkZUCz.jpeg\" height=\"512\" width=\"384\" alt=\"Dominika Rybak\" loading=\"lazy\" class=\"ods-c-image__img ods-c-image__img--vertical\"\/> <\/p>\n<p>Dominika RybakTVN<\/p>\n<blockquote class=\"ods-o-quote\">\n<p class=\"ods-o-quote__paragraph\">Jestem trzeci\u0105 obecnie panuj\u0105c\u0105 &#8222;kr\u00f3low\u0105 przetrwania&#8221;. Bardzo si\u0119 ciesz\u0119. Jestem niesamowicie zadowolona, szcz\u0119\u015bliwa i dumna z siebie. Wydaje mi si\u0119, \u017ce w takim konsekwentnym d\u0105\u017ceniu do celu, najwa\u017cniejsze jest, \u017ceby si\u0119 nie poddawa\u0107 i jednak \u017cy\u0107 w zgodzie ze sob\u0105, bo ten program nauczy\u0142 nas wszystkie, \u017ce jak kto\u015b nie jest zgodny z tym, co m\u00f3wi i w jaki\u015b spos\u00f3b pr\u00f3buje udawa\u0107, to bardzo szybko si\u0119 zgubi<\/p>\n<\/blockquote>\n<p>\u2014 powiedzia\u0142a na koniec Rybak.<\/p>\n<p>W trzeciej edycji reality show o tytu\u0142 &#8222;Kr\u00f3lowej przetrwania&#8221; walczy\u0142y: Ilona Felicja\u0144ska, Agnieszka Grzelak, Monika Jarosi\u0144ska, Izabela Macudzi\u0144ska-Borowiak, Karolina Paj\u0105czkowska, Nicol Pniewska, Maja Rutkowski, Dominika Rybak, Natalia &#8222;Natalisa&#8221; Sadowska, Dominika Serowska, Sofi Sivokha, Anna Sowi\u0144ska oraz Dominika Tajner.<\/p>\n<p> <img decoding=\"async\" src=\"https:\/\/www.europesays.com\/pl\/wp-content\/uploads\/2026\/05\/QSuk9lCaHR0cHM6Ly9vY2RuLmV1L3B1bHNjbXMvTURBXy9lMDZhNzM3OGNlODMwYzJmZjU1NDBhOTcwMjI4ZWFjYi5qcGVnkZUCz.jpeg\" height=\"512\" width=\"384\" alt=\"&quot;Kr\u00f3lowa przetrwania&quot;\" loading=\"lazy\" class=\"ods-c-image__img ods-c-image__img--vertical\"\/> <\/p>\n<p>&#8222;Kr\u00f3lowa przetrwania&#8221;TVN<\/p>\n<p>  Dzi\u0119kujemy, \u017ce przeczyta\u0142a\u015b\/e\u015b nasz artyku\u0142 do ko\u0144ca. W serwisie Plejada.pl ka\u017cdego dnia piszemy o najwa\u017cniejszych wydarzeniach show-biznesowych. B\u0105d\u017a na bie\u017c\u0105co!<a rel=\"nofollow noopener\" href=\"https:\/\/profile.google.com\/cp\/Cg0vZy8xMWJ6X19wdHBx\" id=\"be66933e-8460-4af1-8de0-ba926b9ae3e1\" target=\"_blank\"> Obserwuj<\/a> Plejad\u0119 w Google. Odwied\u017a nas tak\u017ce na<a rel=\"nofollow noopener\" href=\"https:\/\/www.facebook.com\/plejadapl\" id=\"a3399eaf-c528-46f0-9137-6cdb269a6b25\" target=\"_blank\"> Facebooku<\/a>,<a rel=\"nofollow noopener\" href=\"https:\/\/www.instagram.com\/plejadapl\/\" id=\"f6140256-3871-4ae8-8902-72594bc52aa5\" target=\"_blank\"> Instagramie<\/a>,<a rel=\"nofollow noopener\" href=\"https:\/\/www.youtube.com\/c\/plejada\" id=\"b97434c9-af7b-469c-b9ff-6d941ded05ab\" target=\"_blank\"> YouTubie<\/a> oraz<a rel=\"nofollow noopener\" href=\"https:\/\/www.tiktok.com\/@plejada_pl\" id=\"78624d7f-8924-409a-b0d7-d5b6dfe0241d\" target=\"_blank\"> TikToku<\/a>.Chcesz podzieli\u0107 si\u0119 ciekawym newsem lub zaproponowa\u0107 temat? Skontaktuj si\u0119 z nami, pisz\u0105c maila na adres: <a rel=\"nofollow noopener\" href=\"https:\/\/plejada.pl\/newsy\/krolowa-przetrwania-mogla-byc-tylko-jedna-to-ona-wygrala-trzecia-edycje\/mailto:plejada@redakcjaonet.pl\" id=\"7c44ebe5-6fe0-40ae-a34a-50c38b0cd60e\" target=\"_blank\">plejada@redakcjaonet.pl<\/a>.     <script async src=\"\/\/www.instagram.com\/embed.js\"><\/script><script async src=\"\/\/www.tiktok.com\/embed.js\"><\/script><\/p>\n","protected":false},"excerpt":{"rendered":"Po wielu tygodniach zmaga\u0144, przezwyci\u0119\u017cania w\u0142asnych s\u0142abo\u015bci, pokazu si\u0142y, determinacji i woli walki, cztery uczestniczki dotar\u0142y do \u015bcis\u0142ego&hellip;\n","protected":false},"author":2,"featured_media":442387,"comment_status":"","ping_status":"","sticky":false,"template":"","format":"standard","meta":{"footnotes":"","_share_on_mastodon":"0"},"categories":[22],"tags":[61195,1857,16152,122,9545,37992,25125,1858,5866,47852,50639,48,125,47820,46,42,38,40,39,41,123,47],"class_list":["post-442386","post","type-post","status-publish","format-standard","has-post-thumbnail","category-rozrywka","tag-bottomfeed_styl","tag-dominika_serowska","tag-dominika_tajner","tag-entertainment","tag-ilona_felicjanska","tag-izabela_macudzinska","tag-karolina_pajaczkowska","tag-krolowa_przetrwania","tag-maja_rutkowski","tag-mala_ania","tag-monika_jarosinska","tag-nat_styl","tag-newsy","tag-nicol_pniewska","tag-omp","tag-pl","tag-poland","tag-polish","tag-polska","tag-polski","tag-rozrywka","tag-screening_general"],"share_on_mastodon":{"url":"https:\/\/pubeurope.com\/@pl\/116609553774073831","error":""},"_links":{"self":[{"href":"https:\/\/www.europesays.com\/pl\/wp-json\/wp\/v2\/posts\/442386","targetHints":{"allow":["GET"]}}],"collection":[{"href":"https:\/\/www.europesays.com\/pl\/wp-json\/wp\/v2\/posts"}],"about":[{"href":"https:\/\/www.europesays.com\/pl\/wp-json\/wp\/v2\/types\/post"}],"author":[{"embeddable":true,"href":"https:\/\/www.europesays.com\/pl\/wp-json\/wp\/v2\/users\/2"}],"replies":[{"embeddable":true,"href":"https:\/\/www.europesays.com\/pl\/wp-json\/wp\/v2\/comments?post=442386"}],"version-history":[{"count":0,"href":"https:\/\/www.europesays.com\/pl\/wp-json\/wp\/v2\/posts\/442386\/revisions"}],"wp:featuredmedia":[{"embeddable":true,"href":"https:\/\/www.europesays.com\/pl\/wp-json\/wp\/v2\/media\/442387"}],"wp:attachment":[{"href":"https:\/\/www.europesays.com\/pl\/wp-json\/wp\/v2\/media?parent=442386"}],"wp:term":[{"taxonomy":"category","embeddable":true,"href":"https:\/\/www.europesays.com\/pl\/wp-json\/wp\/v2\/categories?post=442386"},{"taxonomy":"post_tag","embeddable":true,"href":"https:\/\/www.europesays.com\/pl\/wp-json\/wp\/v2\/tags?post=442386"}],"curies":[{"name":"wp","href":"https:\/\/api.w.org\/{rel}","templated":true}]}}