{"id":442563,"date":"2026-05-21T01:41:10","date_gmt":"2026-05-21T01:41:10","guid":{"rendered":"https:\/\/www.europesays.com\/pl\/442563\/"},"modified":"2026-05-21T01:41:10","modified_gmt":"2026-05-21T01:41:10","slug":"wielka-frekwencja-na-marszu-solidarnosci-podano-liczbe","status":"publish","type":"post","link":"https:\/\/www.europesays.com\/pl\/442563\/","title":{"rendered":"Wielka frekwencja na marszu Solidarno\u015bci. Podano liczb\u0119"},"content":{"rendered":"\n<p>&#13;<br \/>\nPod has\u0142em &#8222;Razem dla\u00a0Polski i\u00a0Polak\u00f3w&#8221; ulicami Warszawy przesz\u0142a <a href=\"https:\/\/dorzeczy.pl\/kraj\/889864\/wielki-protest-w-warszawie-ktos-probuje-ukrasc-nasz-kraj.html\" rel=\"nofollow noopener\" target=\"_blank\">du\u017ca demonstracja<\/a> zorganizowana przez &#8222;Solidarno\u015b\u0107&#8221;. Protestuj\u0105cy wyruszyli z\u00a0Placu Zamkowego ulicami: Krakowskie Przedmie\u015bcie, Nowy \u015awiat, Alejami Ujazdowskimi i\u00a0Matejki. Zatrzymali si\u0119 te\u017c przed Pa\u0142acem Prezydenckim. Demonstranci wyrazili sw\u00f3j sprzeciw wobec kontynuowania przez rz\u0105d Donalda Tuska tzw. polityki klimatycznej Unii Europejskiej, poniewa\u017c polityka ta\u00a0niszczy polsk\u0105 gospodark\u0119 i\u00a0pauperyzuje spo\u0142ecze\u0144stwo. &#13;\n<\/p>\n<p>&#13;<br \/>\nDomagaj\u0105 si\u0119 wobec tego organizacji referendum w\u00a0sprawie unijnej polityki klimatycznej. Jak argumentuj\u0105, Polacy nie\u00a0zostali nigdy zapytani, czy\u00a0zgadzaj\u0105 si\u0119 na\u00a0dostosowanie praktycznie ca\u0142ej swojej gospodarki i\u00a0funkcjonowania pa\u0144stwa pod\u00a0wymogi polityki klimatycznej narzucanej przez Komisj\u0119 Europejsk\u0105 z\u00a0Brukseli. &#13;\n<\/p>\n<p>Solidarno\u015b\u0107: Frekwencja 230 tysi\u0119cy <\/p>\n<p>&#13;<br \/>\nW zorganizowanym przez Solidarno\u015b\u0107 marszu &#8222;Razem dla\u00a0Polski i\u00a0Polak\u00f3w&#8221; wzi\u0119\u0142o udzia\u0142 oko\u0142o 230 tysi\u0119cy os\u00f3b \u2013\u00a0przekazali organizatorzy wydarzenia. &#13;\n<\/p>\n<p>&#13;<br \/>\nNagranie z\u00a0drona pokazuje, \u017ce\u00a0frekwencja rzeczywi\u015bcie by\u0142a imponuj\u0105ca. &#13;\n<\/p>\n<p>&#13;<br \/>\ntwitter&#13;\n<\/p>\n<p>Polityka klimatyczna UE. Prezydent chce referendum<\/p>\n<p>&#13;<br \/>\nPrezydent Karol Nawrocki chce przeprowadzenie <a href=\"https:\/\/dorzeczy.pl\/opinie\/884089\/bogucki-odpowiada-pelczynskiej-nalecz-knajacki-jezyk.html\" rel=\"nofollow noopener\" target=\"_blank\">referendum w\u00a0sprawie polityki klimatycznej UE.<\/a> Informuj\u0105c 7\u00a0maja o\u00a0skierowaniu wniosku do\u00a0Senatu o\u00a0przeprowadzenie takiego referendum, prezydent wskaza\u0142 na\u00a0prawo Polak\u00f3w do\u00a0wyra\u017cenia opinii w\u00a0sprawie konsekwencji &#8222;Zielonego \u0141adu&#8221;. &#13;\n<\/p>\n<p>&#13;<br \/>\nWniosek przewiduje, \u017ce\u00a0pytanie referendalne mia\u0142oby brzmie\u0107: &#8222;Czy jest pan\/pani za\u00a0realizacj\u0105 polityki klimatycznej, kt\u00f3ra doprowadzi\u0142a do\u00a0wzrostu koszt\u00f3w \u017cycia obywateli, cen energii i\u00a0prowadzenia dzia\u0142alno\u015bci gospodarczej i\u00a0rolniczej?&#8221; &#13;\n<\/p>\n<p>&#13;<br \/>\nCzytaj te\u017c:<br \/><a href=\"https:\/\/dorzeczy.pl\/kraj\/890038\/promocyjna-angebot-z-tuskiem-na-protescie-solidarnosci.html\" rel=\"follow nofollow noopener\" data-schema=\"DORZECZY\" data-image=\"https:\/\/img.dorzeczy.pl\/_thumb\/a7\/1d\/35ff201c0d0b09bebc05c2327b4b.jpeg\" target=\"_blank\">Promocyjna &#8222;Angebot&#8221; na\u00a0prote\u015bcie &#8222;Solidarno\u015bci&#8221;. &#8222;Premier na\u00a0sprzeda\u017c&#8221;<\/a>Czytaj te\u017c:<br \/><a href=\"https:\/\/dorzeczy.pl\/opinie\/890017\/protest-solidarnosci-morawiecki-rzad-tuska-moze-doprowadzic-do-katastrofy.html\" rel=\"follow nofollow noopener\" data-schema=\"DORZECZY\" data-image=\"https:\/\/img.dorzeczy.pl\/_thumb\/9e\/26\/a6a6be1891c4db88112d303d13a6.jpeg\" target=\"_blank\">Morawiecki: Rz\u0105d Tuska mo\u017ce doprowadzi\u0107 Polsk\u0119 do\u00a0katastrofy<\/a>&#13;<\/p>\n","protected":false},"excerpt":{"rendered":"&#13; Pod has\u0142em &#8222;Razem dla\u00a0Polski i\u00a0Polak\u00f3w&#8221; ulicami Warszawy przesz\u0142a du\u017ca demonstracja zorganizowana przez &#8222;Solidarno\u015b\u0107&#8221;. Protestuj\u0105cy wyruszyli z\u00a0Placu Zamkowego&hellip;\n","protected":false},"author":2,"featured_media":442564,"comment_status":"","ping_status":"","sticky":false,"template":"","format":"standard","meta":{"footnotes":"","_share_on_mastodon":"0"},"categories":[5],"tags":[32,33,98,36,37,8050,27,49,34,35,17165,28,31,25,103,42,38,40,39,41,13279,83658,7870,29,30,104,26],"class_list":["post-442563","post","type-post","status-publish","format-standard","has-post-thumbnail","category-naglowki","tag-breaking-news","tag-breakingnews","tag-dorzeczy","tag-featured-news","tag-featurednews","tag-frekwencja","tag-headlines","tag-kraj","tag-latest-news","tag-latestnews","tag-marsz","tag-naglowki","tag-najwazniejsze-artykuly","tag-news","tag-obserwator-mediow","tag-pl","tag-poland","tag-polish","tag-polska","tag-polski","tag-protest","tag-razem-dla-polski-i-polakow","tag-solidarnosc","tag-top-stories","tag-topstories","tag-unia-europejska","tag-wiadomosci"],"share_on_mastodon":{"url":"https:\/\/pubeurope.com\/@pl\/116610025859092844","error":""},"_links":{"self":[{"href":"https:\/\/www.europesays.com\/pl\/wp-json\/wp\/v2\/posts\/442563","targetHints":{"allow":["GET"]}}],"collection":[{"href":"https:\/\/www.europesays.com\/pl\/wp-json\/wp\/v2\/posts"}],"about":[{"href":"https:\/\/www.europesays.com\/pl\/wp-json\/wp\/v2\/types\/post"}],"author":[{"embeddable":true,"href":"https:\/\/www.europesays.com\/pl\/wp-json\/wp\/v2\/users\/2"}],"replies":[{"embeddable":true,"href":"https:\/\/www.europesays.com\/pl\/wp-json\/wp\/v2\/comments?post=442563"}],"version-history":[{"count":0,"href":"https:\/\/www.europesays.com\/pl\/wp-json\/wp\/v2\/posts\/442563\/revisions"}],"wp:featuredmedia":[{"embeddable":true,"href":"https:\/\/www.europesays.com\/pl\/wp-json\/wp\/v2\/media\/442564"}],"wp:attachment":[{"href":"https:\/\/www.europesays.com\/pl\/wp-json\/wp\/v2\/media?parent=442563"}],"wp:term":[{"taxonomy":"category","embeddable":true,"href":"https:\/\/www.europesays.com\/pl\/wp-json\/wp\/v2\/categories?post=442563"},{"taxonomy":"post_tag","embeddable":true,"href":"https:\/\/www.europesays.com\/pl\/wp-json\/wp\/v2\/tags?post=442563"}],"curies":[{"name":"wp","href":"https:\/\/api.w.org\/{rel}","templated":true}]}}