{"id":442971,"date":"2026-05-21T06:36:10","date_gmt":"2026-05-21T06:36:10","guid":{"rendered":"https:\/\/www.europesays.com\/pl\/442971\/"},"modified":"2026-05-21T06:36:10","modified_gmt":"2026-05-21T06:36:10","slug":"szalenstwo-ksiecia-williama-w-sieci-kraza-nagrania","status":"publish","type":"post","link":"https:\/\/www.europesays.com\/pl\/442971\/","title":{"rendered":"Szale\u0144stwo ksi\u0119cia Williama. W sieci kr\u0105\u017c\u0105 nagrania"},"content":{"rendered":"<p>Aston Villa wygra\u0142a Lig\u0119 Europy w \u015brodowy wiecz\u00f3r, pokonuj\u0105c Freiburg 3:0. Dru\u017cyna Unaia Emery&#8217;ego do przerwy prowadzi\u0142a dwoma golami. W drugiej po\u0142owie strza\u0142 odda\u0142 Morgan Rogers, ale okazji by\u0142o wi\u0119cej. Zawodnicy Freiburga nie byli w stanie odwr\u00f3ci\u0107 los\u00f3w meczu i to gracze Aston Villi cieszyli si\u0119 z historycznego zwyci\u0119stwa, a razem z nimi ksi\u0105\u017c\u0119 William.<\/p>\n<p> Dalszy ci\u0105g artyku\u0142u pod materia\u0142em wideo  Ksi\u0105\u017c\u0119 William \u015bwi\u0119tuje z Aston Vill\u0105. W sieci kr\u0105\u017c\u0105 nagrania.<\/p>\n<p>43-letni ksi\u0105\u017c\u0119 William promienia\u0142 po tym, jak jego ukochana dru\u017cyna odnios\u0142a zwyci\u0119stwo w Stambule, przerywaj\u0105c tym samym wieloletni\u0105 niemoc bez zdobycia trofe\u00f3w.<\/p>\n<p>W sieci kr\u0105\u017c\u0105 nagrania, na kt\u00f3rych wida\u0107, jak ksi\u0105\u017c\u0119 William oklaskuje gwiazdy wieczoru, nie kryj\u0105c wzruszenia i ocieraj\u0105c \u0142zy z policzk\u00f3w.<\/p>\n<p>&#8222;Niesamowity wiecz\u00f3r!! Ogromne gratulacje dla wszystkich zawodnik\u00f3w, dru\u017cyny, sztabu i wszystkich zwi\u0105zanych z klubem! 44 lata od ostatniego zdobycia europejskiego trofeum! Szczeg\u00f3lne podzi\u0119kowania dla Boubacara Kamary, kt\u00f3ry pauzowa\u0142 z powodu kontuzji, ale jest integraln\u0105 cz\u0119\u015bci\u0105 naszego zespo\u0142u i pom\u00f3g\u0142 po\u0142o\u017cy\u0107 podwaliny pod ten sukces. Aston Villa g\u00f3r\u0105, Villa a\u017c do \u015bmierci&#8221; \u2014 napisa\u0142 w relacji na Instagramie 43-latek.<\/p>\n<p> <img decoding=\"async\" src=\"https:\/\/www.europesays.com\/pl\/wp-content\/uploads\/2026\/05\/SyYk9lBaHR0cHM6Ly9vY2RuLmV1L3B1bHNjbXMvTURBXy8wY2M2ZmU2MmJlZDAwNzM2MjI4MDYzOWQ2Y2UzYzY1ZS5qcGeRlQLNA.jpeg\" height=\"438\" width=\"240\" alt=\"Wpis ksi\u0119cia Williama na instastories\" loading=\"lazy\" class=\"ods-c-image__img ods-c-image__img--vertical\"\/> <\/p>\n<p>Wpis ksi\u0119cia Williama na instastories\u0179r\u00f3d\u0142o: instagram<\/p>\n","protected":false},"excerpt":{"rendered":"Aston Villa wygra\u0142a Lig\u0119 Europy w \u015brodowy wiecz\u00f3r, pokonuj\u0105c Freiburg 3:0. Dru\u017cyna Unaia Emery&#8217;ego do przerwy prowadzi\u0142a dwoma&hellip;\n","protected":false},"author":2,"featured_media":442972,"comment_status":"","ping_status":"","sticky":false,"template":"","format":"standard","meta":{"footnotes":"","_share_on_mastodon":"0"},"categories":[52122],"tags":[15510,61195,154,48,129,46,948,6010,752,42,38,40,39,41,47,8472,83753,130],"class_list":["post-442971","post","type-post","status-publish","format-standard","has-post-thumbnail","category-pko-bank-polski","tag-aston_villa","tag-bottomfeed_styl","tag-ksiaze_william","tag-nat_styl","tag-ofsajd","tag-omp","tag-pilka_nozna","tag-pko-bank-polski","tag-pko-bp","tag-pl","tag-poland","tag-polish","tag-polska","tag-polski","tag-screening_general","tag-stambul","tag-unai_emery","tag-wiadomosci_sportowe"],"share_on_mastodon":{"url":"https:\/\/pubeurope.com\/@pl\/116611186241129785","error":""},"_links":{"self":[{"href":"https:\/\/www.europesays.com\/pl\/wp-json\/wp\/v2\/posts\/442971","targetHints":{"allow":["GET"]}}],"collection":[{"href":"https:\/\/www.europesays.com\/pl\/wp-json\/wp\/v2\/posts"}],"about":[{"href":"https:\/\/www.europesays.com\/pl\/wp-json\/wp\/v2\/types\/post"}],"author":[{"embeddable":true,"href":"https:\/\/www.europesays.com\/pl\/wp-json\/wp\/v2\/users\/2"}],"replies":[{"embeddable":true,"href":"https:\/\/www.europesays.com\/pl\/wp-json\/wp\/v2\/comments?post=442971"}],"version-history":[{"count":0,"href":"https:\/\/www.europesays.com\/pl\/wp-json\/wp\/v2\/posts\/442971\/revisions"}],"wp:featuredmedia":[{"embeddable":true,"href":"https:\/\/www.europesays.com\/pl\/wp-json\/wp\/v2\/media\/442972"}],"wp:attachment":[{"href":"https:\/\/www.europesays.com\/pl\/wp-json\/wp\/v2\/media?parent=442971"}],"wp:term":[{"taxonomy":"category","embeddable":true,"href":"https:\/\/www.europesays.com\/pl\/wp-json\/wp\/v2\/categories?post=442971"},{"taxonomy":"post_tag","embeddable":true,"href":"https:\/\/www.europesays.com\/pl\/wp-json\/wp\/v2\/tags?post=442971"}],"curies":[{"name":"wp","href":"https:\/\/api.w.org\/{rel}","templated":true}]}}