{"id":443102,"date":"2026-05-21T07:52:10","date_gmt":"2026-05-21T07:52:10","guid":{"rendered":"https:\/\/www.europesays.com\/pl\/443102\/"},"modified":"2026-05-21T07:52:10","modified_gmt":"2026-05-21T07:52:10","slug":"przedstawiciel-izraela-wezwany-do-polskiego-msz-sikorski-zabral-glos","status":"publish","type":"post","link":"https:\/\/www.europesays.com\/pl\/443102\/","title":{"rendered":"Przedstawiciel Izraela wezwany do polskiego MSZ. Sikorski zabra\u0142 g\u0142os"},"content":{"rendered":"<p><a href=\"https:\/\/wiadomosci.onet.pl\/swiat\/izraelskie-wojsko-weszlo-na-statki-z-flotylii-sumud-wsrod-plynacych-polacy\/b94cl92\" id=\"98c74f6e-c2ad-4728-9715-62c2da6a15b1\" rel=\"nofollow noopener\" target=\"_blank\">Kilkana\u015bcie \u0142odzi z flotylli pomocowej Sumud p\u0142yn\u0105cej do Strefy Gazy zosta\u0142o zatrzymanych przez izraelskich \u017co\u0142nierzy<\/a> \u2014 poinformowali w poniedzia\u0142ek organizatorzy akcji pomocowej. Na pok\u0142adzie znajdowa\u0142o si\u0119 troje Polak\u00f3w. Rzecznik polskiej sekcji Flotylli Sumud poinformowa\u0142 p\u00f3\u017aniej, \u017ce ca\u0142a polska delegacja zosta\u0142a zatrzymana przez izraelskie s\u0142u\u017cby. Przekaza\u0142 tak\u017ce, \u017ce statek aktywist\u00f3w zosta\u0142 ostrzelany. Dalszy ci\u0105g artyku\u0142u pod materia\u0142em wideo <\/p>\n<p>Izraelski minister bezpiecze\u0144stwa Itamar Ben-Gewir opublikowa\u0142 nagranie, na kt\u00f3rym prowokuje i wy\u015bmiewa zatrzymanych aktywist\u00f3w z flotylli p\u0142yn\u0105cej do Strefy Gazy. Mo\u017cna zobaczy\u0107 tam kilkudziesi\u0119ciu aktywist\u00f3w kl\u0119cz\u0105cych na ziemi, podczas gdy rozbawiony Ben-Gewir macha izraelsk\u0105 flag\u0105 i krzyczy po hebrajsku: &#8222;Witamy w Izraelu, to my tu rz\u0105dzimy&#8221;.<\/p>\n<p>Inne uj\u0119cie pokazuje aktywist\u00f3w na pok\u0142adzie statku, podczas gdy z g\u0142o\u015bnik\u00f3w odtwarzany jest izraelski hymn. W kolejnym uj\u0119ciu Ben-Gewir k\u0142\u00f3ci si\u0119 z jednym z m\u0119\u017cczyzn i powtarza popularne has\u0142o: &#8222;Nar\u00f3d \u017cydowski \u017cyje&#8221;.<\/p>\n<p>Rados\u0142aw Sikorski reaguje<\/p>\n<p>W czwartek na spraw\u0119 zareagowa\u0142 szef polskiego MSZ, kt\u00f3ry pot\u0119pi\u0142 dzia\u0142ania w\u0142adz Izraela. &#8222;Poleci\u0142em wezwa\u0107 niezw\u0142ocznie charg\u00e9 d\u2019affaires Izraela w Warszawie celem przekazania mu wyraz\u00f3w naszego oburzenia oraz \u017c\u0105dania przeprosin za skrajnie niew\u0142a\u015bciwe zachowanie cz\u0142onka izraelskiego rz\u0105du&#8221; \u2014 napisa\u0142 Rados\u0142aw Sikorski.<\/p>\n<p>Wicepremier wskaza\u0142 r\u00f3wnie\u017c, \u017ce Polska domaga si\u0119 natychmiastowego uwolnienia polskich obywateli i traktowania ich w spos\u00f3b zgodny z mi\u0119dzynarodowymi standardami. &#8222;To, \u017ce MSZ odradza\u0142o polskim obywatelom wyjazd do Izraela i Palestyny, nie oznacza, \u017ce akceptujemy naruszanie ich praw i ich godno\u015bci&#8221; \u2014 doda\u0142.<\/p>\n<p>&#8222;Bezpiecze\u0144stwo naszych obywateli pozostaje najwy\u017cszym priorytetem. Nasi konsulowie, dzia\u0142aj\u0105c wsp\u00f3lnie ze s\u0142u\u017cbami konsularnymi pa\u0144stw, kt\u00f3rych przedstawiciele r\u00f3wnie\u017c byli na pok\u0142adach przechwyconych przez si\u0142y izraelskie \u0142odzi, s\u0105 na miejscu. Oczekujemy jak najszybszego wydania zgody na spotkania z zatrzymanymi&#8221; \u2014 skwitowa\u0142 sw\u00f3j wpis minister spraw zagranicznych.<\/p>\n","protected":false},"excerpt":{"rendered":"Kilkana\u015bcie \u0142odzi z flotylli pomocowej Sumud p\u0142yn\u0105cej do Strefy Gazy zosta\u0142o zatrzymanych przez izraelskich \u017co\u0142nierzy \u2014 poinformowali w&hellip;\n","protected":false},"author":2,"featured_media":442320,"comment_status":"","ping_status":"","sticky":false,"template":"","format":"standard","meta":{"footnotes":"","_share_on_mastodon":"0"},"categories":[14],"tags":[61195,32,33,1898,27,91,49,34,35,1162,28,31,48,25,46,92,40,41,1118,47,88,80,29,30,26,82,83,84],"class_list":["post-443102","post","type-post","status-publish","format-standard","has-post-thumbnail","category-swiat","tag-bottomfeed_styl","tag-breaking-news","tag-breakingnews","tag-dyplomacja","tag-headlines","tag-izrael","tag-kraj","tag-latest-news","tag-latestnews","tag-msz","tag-naglowki","tag-najwazniejsze-artykuly","tag-nat_styl","tag-news","tag-omp","tag-palestyna_palestynczycy","tag-polish","tag-polski","tag-radoslaw_sikorski","tag-screening_general","tag-strefa_gazy","tag-swiat","tag-top-stories","tag-topstories","tag-wiadomosci","tag-world","tag-world-news","tag-worldnews"],"share_on_mastodon":{"url":"https:\/\/pubeurope.com\/@pl\/116611484697079695","error":""},"_links":{"self":[{"href":"https:\/\/www.europesays.com\/pl\/wp-json\/wp\/v2\/posts\/443102","targetHints":{"allow":["GET"]}}],"collection":[{"href":"https:\/\/www.europesays.com\/pl\/wp-json\/wp\/v2\/posts"}],"about":[{"href":"https:\/\/www.europesays.com\/pl\/wp-json\/wp\/v2\/types\/post"}],"author":[{"embeddable":true,"href":"https:\/\/www.europesays.com\/pl\/wp-json\/wp\/v2\/users\/2"}],"replies":[{"embeddable":true,"href":"https:\/\/www.europesays.com\/pl\/wp-json\/wp\/v2\/comments?post=443102"}],"version-history":[{"count":0,"href":"https:\/\/www.europesays.com\/pl\/wp-json\/wp\/v2\/posts\/443102\/revisions"}],"wp:featuredmedia":[{"embeddable":true,"href":"https:\/\/www.europesays.com\/pl\/wp-json\/wp\/v2\/media\/442320"}],"wp:attachment":[{"href":"https:\/\/www.europesays.com\/pl\/wp-json\/wp\/v2\/media?parent=443102"}],"wp:term":[{"taxonomy":"category","embeddable":true,"href":"https:\/\/www.europesays.com\/pl\/wp-json\/wp\/v2\/categories?post=443102"},{"taxonomy":"post_tag","embeddable":true,"href":"https:\/\/www.europesays.com\/pl\/wp-json\/wp\/v2\/tags?post=443102"}],"curies":[{"name":"wp","href":"https:\/\/api.w.org\/{rel}","templated":true}]}}