{"id":443924,"date":"2026-05-21T15:45:07","date_gmt":"2026-05-21T15:45:07","guid":{"rendered":"https:\/\/www.europesays.com\/pl\/443924\/"},"modified":"2026-05-21T15:45:07","modified_gmt":"2026-05-21T15:45:07","slug":"antyamerykanskie-fobie-tuska-niszcza-relacje-polski-z-usa","status":"publish","type":"post","link":"https:\/\/www.europesays.com\/pl\/443924\/","title":{"rendered":"&#8222;Antyameryka\u0144skie fobie&#8221; Tuska niszcz\u0105 relacje Polski z USA?"},"content":{"rendered":"\n<p>&#13;<br \/>\nW sobot\u0119 <a href=\"https:\/\/dorzeczy.pl\/opinie\/888148\/tusk-i-wojska-usa-w-polsce-mocne-oswiadczenie-morawieckiego.html\" rel=\"nofollow noopener\" target=\"_blank\">Mateusz Morawiecki opublikowa\u0142 stanowcze o\u015bwiadczenie<\/a>, w\u00a0kt\u00f3rym powiedzia\u0142 m.in., \u017ce\u00a0premier Tusk stwarza zagro\u017cenie dla\u00a0bezpiecze\u0144stwa pa\u0144stwa polskiego, nie\u00a0ma\u00a0mandatu do\u00a0os\u0142abiania ameryka\u0144skiej obecno\u015bci wojskowej w\u00a0Polsce i\u00a0dzia\u0142ania wbrew polskiej racji stanu, dlatego musi odej\u015b\u0107. \u2013\u00a0Od\u00a0wielu lat ostrzega\u0142em, \u017ce\u00a0w\u00a0polityce Donalda Tuska jest jedna bardzo niebezpieczna linia \u2013\u00a0niech\u0119ci do\u00a0podmiotowej Polski, kt\u00f3ra sama definiuje swoje interesy \u2013\u00a0m\u00f3wi\u0142 na\u00a0nagraniu by\u0142y premier. &#13;\n<\/p>\n<p>&#13;<br \/>\nTeraz wiceprezes Prawa i\u00a0Sprawiedliwo\u015bci zamie\u015bci\u0142 na\u00a0swoich mediach spo\u0142eczno\u015bciowych skr\u00f3t w\u00a0postaci g\u0142\u00f3wnych tez swojego wyst\u0105pienia. Polityk uj\u0105\u0142 je\u00a0w\u00a0sze\u015b\u0107 punkt\u00f3w. Morawiecki wr\u00f3ci\u0142 si\u0119 do\u00a0formacji politycznych umo\u017cliwiaj\u0105cych podtrzymywanie rz\u0105d\u00f3w Donalda Tuska nad Polsk\u0105 i\u00a0po raz kolejny zaapelowa\u0142 do\u00a0ca\u0142ej sceny politycznej o\u00a0wsp\u00f3lne dzia\u0142anie na\u00a0rzecz sta\u0142ej bazy wojsk ameryka\u0144skich w\u00a0Polsce. &#13;\n<\/p>\n<p>Morawiecki: Tusk \u2013\u00a0sojusznik USA czy\u00a0sabota\u017cysta? <\/p>\n<p>&#13;<br \/>\n&#8222;Donald Tusk swoim nieodpowiedzialnym zachowaniem niszczy nasze relacje z\u00a0USA i\u00a0tym samym os\u0142abia perspektyw\u0119 sta\u0142ej ameryka\u0144skiej bazy w\u00a0Polsce. &#13;\n<\/p>\n<p>&#13;<br \/>\nTrzeba to\u00a0powiedzie\u0107 wprost: Tusk zawodzi w\u00a0sprawie bezpiecze\u0144stwa pa\u0144stwa. A\u00a0skoro premier zawi\u00f3d\u0142 w\u00a0tak fundamentalnej kwestii, premier musi odej\u015b\u0107. &#13;\n<\/p>\n<p>&#13;<br \/>\nSta\u0142a baza USA w\u00a0Polsce to\u00a0nie partyjny kaprys, tylko strategiczne dziedzictwo rz\u0105d\u00f3w PiS i\u00a0sprawa, kt\u00f3ra powinna by\u0107 za\u0142atwiona ponad podzia\u0142ami. &#13;\n<\/p>\n<p>&#13;<br \/>\nKa\u017cdy, kto dzi\u015b trwa w\u00a0koalicji z\u00a0Tuskiem, bierze wsp\u00f3\u0142odpowiedzialno\u015b\u0107 za\u00a0polityk\u0119, kt\u00f3ra oddala Polsk\u0119 od\u00a0trwa\u0142ej obecno\u015bci wojsk ameryka\u0144skich na\u00a0naszej ziemi. &#13;\n<\/p>\n<p>&#13;<br \/>\nTo kwestia dojrza\u0142ej, suwerennej polityki pa\u0144stwa. Tu nie\u00a0ma\u00a0miejsca na\u00a0kompleksy, antyameryka\u0144skie fobie i\u00a0partyjne gierki obliczone na\u00a0medialny poklask. &#13;\n<\/p>\n<p>&#13;<br \/>\nBezpiecze\u0144stwo Polski jest wa\u017cniejsze ni\u017c\u00a0Donald Tusk! Zgadzasz si\u0119? Podaj dalej&#8221; \u2013\u00a0zako\u0144czy\u0142 sw\u00f3j wpis Morawiecki. &#13;\n<\/p>\n<p>&#13;<br \/>\ntwitterCzytaj te\u017c:<br \/><a href=\"https:\/\/dorzeczy.pl\/opinie\/890395\/umowa-safe-podpisana-tusk-sprzedaje-polske.html\" rel=\"follow nofollow noopener\" data-schema=\"DORZECZY\" data-image=\"https:\/\/img.dorzeczy.pl\/_thumb\/fb\/69\/d6299dfd1b23407df8311068f5fa.jpeg\" target=\"_blank\">Umowa SAFE podpisana. Tusk sprzedaje Polsk\u0119<\/a>Czytaj te\u017c:<br \/><a href=\"https:\/\/dorzeczy.pl\/opinie\/890017\/protest-solidarnosci-morawiecki-rzad-tuska-moze-doprowadzic-do-katastrofy.html\" rel=\"follow nofollow noopener\" data-schema=\"DORZECZY\" data-image=\"https:\/\/img.dorzeczy.pl\/_thumb\/9e\/26\/a6a6be1891c4db88112d303d13a6.jpeg\" target=\"_blank\">Morawiecki: Rz\u0105d Tuska mo\u017ce doprowadzi\u0107 Polsk\u0119 do\u00a0katastrofy<\/a>&#13;<\/p>\n","protected":false},"excerpt":{"rendered":"&#13; W sobot\u0119 Mateusz Morawiecki opublikowa\u0142 stanowcze o\u015bwiadczenie, w\u00a0kt\u00f3rym powiedzia\u0142 m.in., \u017ce\u00a0premier Tusk stwarza zagro\u017cenie dla\u00a0bezpiecze\u0144stwa pa\u0144stwa polskiego,&hellip;\n","protected":false},"author":2,"featured_media":443925,"comment_status":"","ping_status":"","sticky":false,"template":"","format":"standard","meta":{"footnotes":"","_share_on_mastodon":"0"},"categories":[62713],"tags":[3957,1345,98,83969,49,7120,102,39,83967,83968,104,71,75552],"class_list":["post-443924","post","type-post","status-publish","format-standard","has-post-thumbnail","category-donald-tusk","tag-ameryka","tag-donald-tusk","tag-dorzeczy","tag-fobie","tag-kraj","tag-mateusz-morawiecki","tag-opinie","tag-polska","tag-stala-baza","tag-tusk-sabotazysta","tag-unia-europejska","tag-usa","tag-wojska-usa"],"share_on_mastodon":{"url":"","error":""},"_links":{"self":[{"href":"https:\/\/www.europesays.com\/pl\/wp-json\/wp\/v2\/posts\/443924","targetHints":{"allow":["GET"]}}],"collection":[{"href":"https:\/\/www.europesays.com\/pl\/wp-json\/wp\/v2\/posts"}],"about":[{"href":"https:\/\/www.europesays.com\/pl\/wp-json\/wp\/v2\/types\/post"}],"author":[{"embeddable":true,"href":"https:\/\/www.europesays.com\/pl\/wp-json\/wp\/v2\/users\/2"}],"replies":[{"embeddable":true,"href":"https:\/\/www.europesays.com\/pl\/wp-json\/wp\/v2\/comments?post=443924"}],"version-history":[{"count":0,"href":"https:\/\/www.europesays.com\/pl\/wp-json\/wp\/v2\/posts\/443924\/revisions"}],"wp:featuredmedia":[{"embeddable":true,"href":"https:\/\/www.europesays.com\/pl\/wp-json\/wp\/v2\/media\/443925"}],"wp:attachment":[{"href":"https:\/\/www.europesays.com\/pl\/wp-json\/wp\/v2\/media?parent=443924"}],"wp:term":[{"taxonomy":"category","embeddable":true,"href":"https:\/\/www.europesays.com\/pl\/wp-json\/wp\/v2\/categories?post=443924"},{"taxonomy":"post_tag","embeddable":true,"href":"https:\/\/www.europesays.com\/pl\/wp-json\/wp\/v2\/tags?post=443924"}],"curies":[{"name":"wp","href":"https:\/\/api.w.org\/{rel}","templated":true}]}}