{"id":444147,"date":"2026-05-21T18:06:13","date_gmt":"2026-05-21T18:06:13","guid":{"rendered":"https:\/\/www.europesays.com\/pl\/444147\/"},"modified":"2026-05-21T18:06:13","modified_gmt":"2026-05-21T18:06:13","slug":"napieta-sytuacja-w-krs-zrobil-pracownikowi-chryje","status":"publish","type":"post","link":"https:\/\/www.europesays.com\/pl\/444147\/","title":{"rendered":"Napi\u0119ta sytuacja w KRS. &#8222;Zrobi\u0142 pracownikowi chryj\u0119&#8221;"},"content":{"rendered":"<p>\u2014 \u0141ukasz Piebiak nie pojawi\u0142 si\u0119 na naszym pierwszym spotkaniu, kt\u00f3re odby\u0142o si\u0119 w poniedzia\u0142ek. Odczeka\u0142, a\u017c wyjdziemy, wparowa\u0142 do siedziby Rady i zrobi\u0142 chryj\u0119 pracownikowi zajmuj\u0105cemu si\u0119 obs\u0142ug\u0105 kont w mediach spo\u0142eczno\u015bciowych \u2014 opisuje nasz rozm\u00f3wca, s\u0119dzia z nowej KRS.<\/p>\n<p>&#8211; Mia\u0142 podobno pretensje, \u017ce odebra\u0142 dost\u0119p do tych kont cz\u0142onkom starej KRS i w imieniu nowej Rady zamie\u015bci\u0142 wpis. Tyle \u017ce to rzecz absolutnie normalna i naturalna, skoro ci starzy sko\u0144czyli kadencj\u0119 \u2014 relacjonuje cz\u0142onek Rady.<\/p>\n<p>\u2014 Dla Piebiaka to by\u0142o oburzaj\u0105ce. On mia\u0142 zrobi\u0107 afer\u0119, bo <a href=\"https:\/\/wiadomosci.onet.pl\/tylko-w-onecie\/kim-jest-nowa-szefowa-krs-dagmara-pawelczyk-woicka-czlowiek-chaos\/fftgl2w\" id=\"0c167985-da7d-4006-8abd-e4635feb7e17\" rel=\"nofollow noopener\" target=\"_blank\">pani Dagmara Pawe\u0142czyk-Woicka (by\u0142a szefowa KRS)<\/a> i jej akolici nie mogli od poniedzia\u0142ku publikowa\u0107 wpis\u00f3w na koncie KRS na X. Jakby mogli, to by by\u0142o tak, jakby wpisy na profilu X Ministerstwa Sprawiedliwo\u015bci zamieszcza\u0142 dzi\u015b ci\u0105gle Ziobro, a nie \u017burek. Przecie\u017c to by by\u0142o chore \u2014 dodaje.      Dalszy ci\u0105g artyku\u0142u pod materia\u0142em wideo <\/p>\n<p>W pierwszym, organizacyjnym spotkaniu nowej KRS 19 maja uczestniczy\u0142o nie 15 s\u0119dzi\u00f3w, ale tylko 13. Poza Piebiakiem nieobecny by\u0142 tak\u017ce wskazany przez Konfederacj\u0119 neos\u0119dzia \u0141ukasz Zawadzki. Obaj dzia\u0142aj\u0105 w kierowanym przez Piebiaka stowarzyszeniu Prawnicy dla Polski.<\/p>\n<p>Gdy 13 s\u0119dzi\u00f3w KRS postanowi\u0142o zwo\u0142a\u0107 konferencj\u0119 prasow\u0105, Piebiak odpowiedzia\u0142 kontratakiem. Napisa\u0142, \u017ce on nic o konferencji nie wiedzia\u0142 i \u017ce nie zamierza si\u0119 na niej stawi\u0107, bo to &#8222;wstyd&#8221;.<\/p>\n<p>Jak doda\u0142, w przysz\u0142o\u015bci nie zamierza pozwoli\u0107 na podobne &#8222;wybryki&#8221; cz\u0142onk\u00f3w KRS.<\/p>\n<p>\u0141ukasz Piebiak wizytowa\u0142 KRS z kt\u00f3r\u0105\u015b z telewizji. Odczeka\u0142, a\u017c innych s\u0119dzi\u00f3w tam nie b\u0119dzie<\/p>\n<p>Piebiak nie spotka\u0142 si\u0119 z pozosta\u0142ymi s\u0119dziowskimi cz\u0142onkami KRS tak\u017ce w \u015brod\u0119, gdy ci pr\u00f3bowali wej\u015b\u0107 do siedziby Trybuna\u0142u Konstytucyjnego, aby wesprze\u0107 nowych s\u0119dzi\u00f3w, kt\u00f3rych nie dopuszcza do orzekania prezes TK Bogdan \u015awi\u0119czkowski. Cz\u0142onkowie Krajowej Rady S\u0105downictwa nie zostali do budynku wpuszczeni.<\/p>\n<p>Gdy s\u0119dziowie przebywali pod TK, \u0141ukasz Piebiak pojawi\u0142 si\u0119 w Radzie razem z przedstawicielami kt\u00f3rej\u015b z telewizji. Kiedy zobaczy\u0142, \u017ce inni s\u0119dziowie wracaj\u0105 do siedziby Rady, mia\u0142 opu\u015bci\u0107 budynek.<\/p>\n<p>\u2014 Wyra\u017anie po nim wida\u0107, \u017ce nas wybitnie nie lubi. A od nas przecie\u017c nikt si\u0119 do niego nie odezwie po tym, co odkry\u0142y o nim media \u2014 wskazuje jeden z cz\u0142onk\u00f3w KRS.<\/p>\n<p> <img decoding=\"async\" src=\"https:\/\/www.europesays.com\/pl\/wp-content\/uploads\/2026\/05\/839k9lBaHR0cHM6Ly9vY2RuLmV1L3B1bHNjbXMvTURBXy85OTMxZjVlZTMyMGIyMDJiY2JhMGQxYzhmYmI4Y2RiMC5qcGeRlQLNB.jpeg\" height=\"627\" width=\"940\" alt=\"\u0141ukasz Piebiak\" loading=\"lazy\" class=\"ods-c-image__img ods-c-image__img--viewport-width\"\/> <\/p>\n<p>\u0141ukasz PiebiakTomasz Jastrzebowski\/REPORTER \/ East News<\/p>\n<p> Latem 2019 r.<a href=\"https:\/\/wiadomosci.onet.pl\/tylko-w-onecie\/sledztwo-onetu-farma-trolli-w-ministerstwie-sprawiedliwosci-czyli-za-czynienie-dobra\/j6hwp7f\" id=\"3e6bace3-c198-4c1b-ae59-69e833780cbd\" rel=\"nofollow noopener\" target=\"_blank\"> Onet ujawni\u0142, \u017ce Piebiak, gdy by\u0142 wiceministrem sprawiedliwo\u015bci u Zbigniewa Ziobry, mia\u0142 dostarcza\u0107 osobom spoza resortu dane wra\u017cliwe s\u0119dzi\u00f3w<\/a>, by kompromitowa\u0107 ich w sieci.<a href=\"https:\/\/wiadomosci.onet.pl\/tylko-w-onecie\/farma-trolli-w-ministerstwie-sprawiedliwosci-cz-2-tak-czlowiek-piebiaka-polowal-na\/xmx6d4c\" id=\"99440ae5-cef7-42f8-9664-dfa57ca9db0d\" rel=\"nofollow noopener\" target=\"_blank\">Po wybuchu tzw. afery hejterskiej Piebiak poda\u0142 si\u0119 do dymisji<\/a>. Prokuratura chce mu postawi\u0107 19 zarzut\u00f3w, jednak jak dot\u0105d na uchylenie jego immunitetu nie zgadza\u0142 si\u0119 S\u0105d Najwy\u017cszy, gdzie wi\u0119kszo\u015b\u0107 stanowi\u0105 tzw. neos\u0119dziowie, z kt\u00f3rych cz\u0119\u015b\u0107 jest powi\u0105zana z PiS.     <a href=\"https:\/\/wiadomosci.onet.pl\/kraj\/sledztwo-onetu-i-okopress-jak-piebiak-szukal-hakow-na-sedziow-w-zielonych-teczkach\/3ntwjgs\" id=\"4e57cc34-6c93-4726-9e2a-419cbeb32590\" rel=\"nofollow noopener\" target=\"_blank\">Wielu cz\u0142onk\u00f3w KRS podkre\u015bla, \u017ce Piebiak na pewno nie mo\u017ce dosta\u0107 dost\u0119pu do akt s\u0119dzi\u00f3w, jakie trafiaj\u0105 do Rady, gdy ci chc\u0105 awansowa\u0107<\/a>. Nie wyobra\u017caj\u0105 sobie te\u017c, jak maj\u0105 wsp\u00f3lnie z nim pracowa\u0107 w komisjach i zespo\u0142ach, jakie s\u0105 powo\u0142ywane w ramach Rady.Piebiak trafi\u0142 do KRS, bo prawo nakazuje, by Sejm blokowo przeg\u0142osowa\u0142 ca\u0142\u0105 pi\u0119tnastk\u0119 s\u0119dziowskich cz\u0142onk\u00f3w. Tak\u0105 ustaw\u0119 PiS zostawi\u0142 obecnie rz\u0105dz\u0105cym &#8222;w spadku&#8221;, za\u015b nowe przepisy o KRS zawetowa\u0142 Karol Nawrocki. <a href=\"https:\/\/wiadomosci.onet.pl\/tylko-w-onecie\/skazani-na-piebiaka-w-krs-zurek-prawnie-nic-nie-mozemy-zrobic\/qmwjy3t\" id=\"84125398-bf6e-4786-82a3-81c30cdf4830\" rel=\"nofollow noopener\" target=\"_blank\">Chc\u0105c wi\u0119c powo\u0142a\u0107 now\u0105 Rad\u0119, rz\u0105dz\u0105cy zmuszeni byli zaakceptowa\u0107 na li\u015bcie obecno\u015b\u0107 Piebiaka<\/a> \u2014 ka\u017cdy z klub\u00f3w opozycyjnych ma prawo wskaza\u0107 jednego cz\u0142onka-s\u0119dziego w KRS.   <\/p>\n<p class=\"ods-o-frame-in-text__paragraph\">CZYTAJ WI\u0118CEJ: <\/p>\n<p class=\"ods-o-frame-in-text__paragraph\"><a href=\"https:\/\/wiadomosci.onet.pl\/tylko-w-onecie\/amerykanie-wciaz-milcza-w-sprawie-ziobry-konsternacja-w-polskim-rzadzie\/vt21wy3\" id=\"bfc75c9a-1cde-4501-8423-004248dc79ac\" rel=\"nofollow noopener\" target=\"_blank\">Nowe informacje w sprawie Ziobry. &#8222;Rubio mia\u0142 by\u0107 niemi\u0142o zaskoczony&#8221;<\/a><\/p>\n<p>   <img class=\"ods-a-photo ods-a-photo--background\" src=\"https:\/\/www.europesays.com\/pl\/wp-content\/uploads\/2026\/05\/2Dvk9lBaHR0cHM6Ly9vY2RuLmV1L3B1bHNjbXMvTURBXy9iMTVmODdiMzE0NDVhYTNiMWQ0NDkyZDBlNjY5MjE5Zi5qcGeRlQLNA.jpeg\" height=\"300\" width=\"450\" alt=\"Zbigniew Ziobro\" loading=\"lazy\" fetchpriority=\"low\" decoding=\"async\"\/>  <\/p>\n","protected":false},"excerpt":{"rendered":"\u2014 \u0141ukasz Piebiak nie pojawi\u0142 si\u0119 na naszym pierwszym spotkaniu, kt\u00f3re odby\u0142o si\u0119 w poniedzia\u0142ek. Odczeka\u0142, a\u017c wyjdziemy,&hellip;\n","protected":false},"author":2,"featured_media":444148,"comment_status":"","ping_status":"","sticky":false,"template":"","format":"standard","meta":{"footnotes":"","_share_on_mastodon":"0"},"categories":[12],"tags":[4907,56,61195,32,33,36,37,27,49,1381,34,35,4908,28,31,48,25,46,42,38,40,39,41,412,47,423,29,30,4423,26],"class_list":["post-444147","post","type-post","status-publish","format-standard","has-post-thumbnail","category-polska","tag-afera_hejterska","tag-article_premium","tag-bottomfeed_styl","tag-breaking-news","tag-breakingnews","tag-featured-news","tag-featurednews","tag-headlines","tag-kraj","tag-krs","tag-latest-news","tag-latestnews","tag-lukasz_piebiak","tag-naglowki","tag-najwazniejsze-artykuly","tag-nat_styl","tag-news","tag-omp","tag-pl","tag-poland","tag-polish","tag-polska","tag-polski","tag-prawo_sady_prawnicy","tag-screening_general","tag-sejm","tag-top-stories","tag-topstories","tag-trybunal_konstytucyjny_tk","tag-wiadomosci"],"share_on_mastodon":{"url":"https:\/\/pubeurope.com\/@pl\/116613899904136680","error":""},"_links":{"self":[{"href":"https:\/\/www.europesays.com\/pl\/wp-json\/wp\/v2\/posts\/444147","targetHints":{"allow":["GET"]}}],"collection":[{"href":"https:\/\/www.europesays.com\/pl\/wp-json\/wp\/v2\/posts"}],"about":[{"href":"https:\/\/www.europesays.com\/pl\/wp-json\/wp\/v2\/types\/post"}],"author":[{"embeddable":true,"href":"https:\/\/www.europesays.com\/pl\/wp-json\/wp\/v2\/users\/2"}],"replies":[{"embeddable":true,"href":"https:\/\/www.europesays.com\/pl\/wp-json\/wp\/v2\/comments?post=444147"}],"version-history":[{"count":0,"href":"https:\/\/www.europesays.com\/pl\/wp-json\/wp\/v2\/posts\/444147\/revisions"}],"wp:featuredmedia":[{"embeddable":true,"href":"https:\/\/www.europesays.com\/pl\/wp-json\/wp\/v2\/media\/444148"}],"wp:attachment":[{"href":"https:\/\/www.europesays.com\/pl\/wp-json\/wp\/v2\/media?parent=444147"}],"wp:term":[{"taxonomy":"category","embeddable":true,"href":"https:\/\/www.europesays.com\/pl\/wp-json\/wp\/v2\/categories?post=444147"},{"taxonomy":"post_tag","embeddable":true,"href":"https:\/\/www.europesays.com\/pl\/wp-json\/wp\/v2\/tags?post=444147"}],"curies":[{"name":"wp","href":"https:\/\/api.w.org\/{rel}","templated":true}]}}