{"id":444231,"date":"2026-05-21T19:01:11","date_gmt":"2026-05-21T19:01:11","guid":{"rendered":"https:\/\/www.europesays.com\/pl\/444231\/"},"modified":"2026-05-21T19:01:11","modified_gmt":"2026-05-21T19:01:11","slug":"orange-zrealizowal-pierwsze-w-polsce-testy-transmisji-danych-6g","status":"publish","type":"post","link":"https:\/\/www.europesays.com\/pl\/444231\/","title":{"rendered":"Orange zrealizowa\u0142 pierwsze w Polsce testy transmisji danych 6G"},"content":{"rendered":"\n<p>&#13;<br \/>\n&#8222;Orange Polska we\u00a0wsp\u00f3\u0142pracy z\u00a0Noki\u0105 przetestowa\u0142 w\u00a0swojej sieci mo\u017cliwo\u015bci transmisji danych w\u00a0niedost\u0119pnym jeszcze do\u00a0cel\u00f3w komercyjnych pa\u015bmie cz\u0119stotliwo\u015bci 6\u00a0GHz, kt\u00f3re w\u00a0przysz\u0142o\u015bci mog\u0142oby by\u0107 wykorzystywane zw\u0142aszcza na\u00a0obszarach o\u00a0du\u017cym nat\u0119\u017ceniu ruchu mobilnego. Orange na\u00a0potrzeby test\u00f3w skorzysta\u0142 z\u00a0pasma o\u00a0szeroko\u015bci 200 MHz&#8221; \u2013\u00a0czytamy w\u00a0komunikacie. &#13;\n<\/p>\n<p>Testy 6G. Dwukrotnie wy\u017csza pr\u0119dko\u015b\u0107 <\/p>\n<p>&#13;<br \/>\nW trakcie test\u00f3w zrealizowanych w\u00a0Warszawie wykorzystano modu\u0142y radiowe i\u00a0prototypowe urz\u0105dzenia mobilne Nokii. Testowana technologia pozwala na\u00a0osi\u0105gni\u0119cie pr\u0119dko\u015bci ponad 3\u00a0Gb\/s, czyli dwukrotnie wy\u017cszej ni\u017c\u00a0ta, jak\u0105 dzi\u015b u\u017cytkownicy mog\u0105 osi\u0105gn\u0105\u0107 korzystaj\u0105c z\u00a05G w\u00a0pa\u015bmie C. W\u00a0trakcie test\u00f3w, kt\u00f3re odby\u0142y si\u0119 w\u00a0czwartek (21 maja), osi\u0105gni\u0119to pr\u0119dko\u015b\u0107 transmisji 3,17 Gb\/s. &#13;\n<\/p>\n<p>&#13;<br \/>\n\u2013 Test transmisji mobilnej w\u00a0pa\u015bmie 6\u00a0GHz to\u00a0pokaz przysz\u0142ych mo\u017cliwo\u015bci technologii mobilnych. Dzi\u015b nasi klienci mog\u0105 korzysta\u0107 z\u00a0\u0142\u0105czno\u015bci najwy\u017cszej jako\u015bci w\u00a0oparciu o\u00a0technologi\u0119 \u015bwiat\u0142owodow\u0105 i\u00a05G, kt\u00f3re intensywnie rozwijamy. Patrzymy jednak w\u00a0przysz\u0142o\u015b\u0107, przygotowuj\u0105c si\u0119 na\u00a0rosn\u0105ce wymagania i\u00a0oczekiwania u\u017cytkownik\u00f3w, korzystaj\u0105c z\u00a0potencja\u0142u innowacji \u2013\u00a0powiedzia\u0142 cz\u0142onek zarz\u0105du ds. Sieci i\u00a0Technologii Orange Polska Piotr Jaworski. &#13;\n<\/p>\n<p>&#13;<br \/>\n\u2013 Dlatego testujemy nowe technologie, nowe cz\u0119stotliwo\u015bci, poszukujemy rozwi\u0105za\u0144, kt\u00f3re w\u00a0przysz\u0142o\u015bci mog\u0105 wspiera\u0107 bardziej efektywne i\u00a0odporne dzia\u0142anie sieci i\u00a0zapewnia\u0107 naszym klientom niezawodn\u0105 i\u00a0szybk\u0105 \u0142\u0105czno\u015b\u0107, wsz\u0119dzie tam, gdzie jej oczekuj\u0105 \u2013\u00a0doda\u0142. &#13;\n<\/p>\n<p>Orange to\u00a0nie tylko internet <\/p>\n<p>&#13;<br \/>\nOrange to\u00a0dostawca us\u0142ug telekomunikacyjnych w\u00a0Polsce. Orange dostarcza m.in. us\u0142ugi telefonii kom\u00f3rkowej, stacjonarnej, dost\u0119pu do\u00a0internetu, TV oraz\u00a0us\u0142ugi transmisji g\u0142osu przez internet (VoIP). Sp\u00f3\u0142ka jest notowana na\u00a0GPW od\u00a01998\u00a0r. &#13;\n<\/p>\n<p>&#13;<br \/>\nCzytaj te\u017c:<br \/><a href=\"https:\/\/dorzeczy.pl\/ekonomia\/840077\/uokik-nalozyl-ponad-34-mln-zl-kary-na-orange-polska.html\" rel=\"follow nofollow noopener\" data-schema=\"DORZECZY\" data-image=\"https:\/\/img.dorzeczy.pl\/_thumb\/75\/28\/0f2a708db46608f2da700bfbeea8.jpeg\" target=\"_blank\">UOKiK na\u0142o\u017cy\u0142 pot\u0119\u017cn\u0105 kar\u0119 na\u00a0Orange Polska. &#8222;Bezprawnie pobiera\u0142a op\u0142aty&#8221;<\/a>&#13;<\/p>\n","protected":false},"excerpt":{"rendered":"&#13; &#8222;Orange Polska we\u00a0wsp\u00f3\u0142pracy z\u00a0Noki\u0105 przetestowa\u0142 w\u00a0swojej sieci mo\u017cliwo\u015bci transmisji danych w\u00a0niedost\u0119pnym jeszcze do\u00a0cel\u00f3w komercyjnych pa\u015bmie cz\u0119stotliwo\u015bci 6\u00a0GHz,&hellip;\n","protected":false},"author":2,"featured_media":444232,"comment_status":"","ping_status":"","sticky":false,"template":"","format":"standard","meta":{"footnotes":"","_share_on_mastodon":"0"},"categories":[20],"tags":[18420,1347,98,105,49,120,118,119,10675,2711,42,38,40,39,41,116,114,115,11574,121,117,84059,435],"class_list":["post-444231","post","type-post","status-publish","format-standard","has-post-thumbnail","category-nauka-i-technika","tag-6g","tag-damian-cygan","tag-dorzeczy","tag-ekonomia","tag-kraj","tag-nauka","tag-nauka-i-technika","tag-naukatechnika","tag-nokia","tag-orange","tag-pl","tag-poland","tag-polish","tag-polska","tag-polski","tag-science","tag-science-and-technology","tag-sciencetechnology","tag-siec","tag-technika","tag-technology","tag-transmisja-danych","tag-warszawa"],"share_on_mastodon":{"url":"https:\/\/pubeurope.com\/@pl\/116614115144023986","error":""},"_links":{"self":[{"href":"https:\/\/www.europesays.com\/pl\/wp-json\/wp\/v2\/posts\/444231","targetHints":{"allow":["GET"]}}],"collection":[{"href":"https:\/\/www.europesays.com\/pl\/wp-json\/wp\/v2\/posts"}],"about":[{"href":"https:\/\/www.europesays.com\/pl\/wp-json\/wp\/v2\/types\/post"}],"author":[{"embeddable":true,"href":"https:\/\/www.europesays.com\/pl\/wp-json\/wp\/v2\/users\/2"}],"replies":[{"embeddable":true,"href":"https:\/\/www.europesays.com\/pl\/wp-json\/wp\/v2\/comments?post=444231"}],"version-history":[{"count":0,"href":"https:\/\/www.europesays.com\/pl\/wp-json\/wp\/v2\/posts\/444231\/revisions"}],"wp:featuredmedia":[{"embeddable":true,"href":"https:\/\/www.europesays.com\/pl\/wp-json\/wp\/v2\/media\/444232"}],"wp:attachment":[{"href":"https:\/\/www.europesays.com\/pl\/wp-json\/wp\/v2\/media?parent=444231"}],"wp:term":[{"taxonomy":"category","embeddable":true,"href":"https:\/\/www.europesays.com\/pl\/wp-json\/wp\/v2\/categories?post=444231"},{"taxonomy":"post_tag","embeddable":true,"href":"https:\/\/www.europesays.com\/pl\/wp-json\/wp\/v2\/tags?post=444231"}],"curies":[{"name":"wp","href":"https:\/\/api.w.org\/{rel}","templated":true}]}}