{"id":445108,"date":"2026-05-22T04:30:10","date_gmt":"2026-05-22T04:30:10","guid":{"rendered":"https:\/\/www.europesays.com\/pl\/445108\/"},"modified":"2026-05-22T04:30:10","modified_gmt":"2026-05-22T04:30:10","slug":"izrael-deportowal-uczestnikow-flotylli-sumud-dwaj-polacy-juz-opuscili-kraj","status":"publish","type":"post","link":"https:\/\/www.europesays.com\/pl\/445108\/","title":{"rendered":"Izrael deportowa\u0142 uczestnik\u00f3w Flotylli Sumud. Dwaj Polacy ju\u017c opu\u015bcili kraj"},"content":{"rendered":"<p>Izraelskie w\u0142adze od pocz\u0105tku ostro recenzowa\u0142y dzia\u0142ania aktywist\u00f3w. Rzecznik MSZ Oren Marmorstein podkre\u015bli\u0142, \u017ce Izrael nie pozwoli na \u017cadne naruszenie prawnej blokady morskiej Strefy Gazy. Resort nazwa\u0142 ca\u0142\u0105 inicjatyw\u0119 &#8222;chwytem PR-owym na us\u0142ugach Hamasu&#8221;, argumentuj\u0105c, \u017ce uczestnicy rejsu w rzeczywisto\u015bci nie zamierzali dostarczy\u0107 realnej pomocy humanitarnej. Wed\u0142ug agencji AP, na \u0142odziach znajdowa\u0142a si\u0119 jedynie symboliczna ilo\u015b\u0107 towar\u00f3w.<\/p>\n<p> Dalszy ci\u0105g artyku\u0142u pod materia\u0142em wideo Flotylla, w sk\u0142ad kt\u00f3rej wchodzi\u0142o oko\u0142o 50 jednostek z 430 aktywistami, wyp\u0142yn\u0119\u0142a z po\u0142udniowej Turcji. Do jej przechwycenia dosz\u0142o w \u015brod\u0119 na wodach mi\u0119dzynarodowych. To nie pierwszy tego typu incydent \u2014 wcze\u015bniej Izrael zatrzymywa\u0142 ju\u017c podobne transporty, w tym ten, w kt\u00f3rym <a href=\"https:\/\/www.onet.pl\/informacje\/onetwiadomosci\/izrael-deportowal-grete-thunberg-probowala-dostac-sie-do-strefy-gazy\/9f6xd5s,79cfc278\" id=\"988ae1b8-659d-4d79-aa90-d58cfa8bcacd\" rel=\"nofollow noopener\" target=\"_blank\">udzia\u0142 bra\u0142a szwedzka aktywistka Greta Thunberg<\/a>.     Specjalne loty i sankcje USA<\/p>\n<p>W akcj\u0119 ewakuacji swoich obywateli zaanga\u017cowa\u0142a si\u0119 Turcja. Szef tamtejszej dyplomacji Hakan Fidan przekaza\u0142, \u017ce zorganizowano specjalne loty dla 78 obywateli Turcji oraz posiadaczy paszport\u00f3w pa\u0144stw trzecich. Z tej mo\u017cliwo\u015bci skorzysta\u0107 mia\u0142o m.in. 37 Francuz\u00f3w.<\/p>\n<p>Z kolei Maciej Wewi\u00f3r, rzecznik polskiego MSZ, potwierdzi\u0142, \u017ce dwaj zatrzymani Polacy opuszcz\u0105 Izrael w czwartek.<\/p>\n<p>Sytuacja wywo\u0142a\u0142a r\u00f3wnie\u017c reakcj\u0119 za oceanem. Stany Zjednoczone na\u0142o\u017cy\u0142y sankcje na kilku europejskich uczestnik\u00f3w rejsu. Ameryka\u0144ski minister finans\u00f3w Scott Bessent okre\u015bli\u0142 flotyll\u0119 mianem &#8222;proterrorystycznej&#8221;.<\/p>\n<p>Kontrowersje wok\u00f3\u0142 blokady<\/p>\n<p>Izrael utrzymuje blokad\u0119 morsk\u0105 Strefy Gazy, odk\u0105d kontrol\u0119 nad tym terytorium przej\u0105\u0142 Hamas. W\u0142adze w Tel Awiwie t\u0142umacz\u0105 to konieczno\u015bci\u0105 powstrzymania dostaw broni dla tej organizacji terrorystycznej.<\/p>\n<p>Dzia\u0142ania te spotykaj\u0105 si\u0119 jednak z krytyk\u0105 cz\u0119\u015bci spo\u0142eczno\u015bci mi\u0119dzynarodowej. Przeciwnicy blokady uwa\u017caj\u0105 j\u0105 za form\u0119 kary zbiorowej wymierzonej w cywil\u00f3w. Warto odnotowa\u0107, \u017ce r\u00f3wnie\u017c Egipt, kontroluj\u0105cy jedyne przej\u015bcie graniczne ze Stref\u0105 Gazy niewchodz\u0105ce w sk\u0142ad Izraela, znacz\u0105co ograniczy\u0142 ruch w palesty\u0144skiej enklawie.<\/p>\n","protected":false},"excerpt":{"rendered":"Izraelskie w\u0142adze od pocz\u0105tku ostro recenzowa\u0142y dzia\u0142ania aktywist\u00f3w. Rzecznik MSZ Oren Marmorstein podkre\u015bli\u0142, \u017ce Izrael nie pozwoli na&hellip;\n","protected":false},"author":2,"featured_media":445109,"comment_status":"","ping_status":"","sticky":false,"template":"","format":"standard","meta":{"footnotes":"","_share_on_mastodon":"0"},"categories":[14],"tags":[61195,32,33,213,27,91,34,35,28,31,48,25,46,55,40,39,41,47,88,80,29,30,192,26,82,83,84],"class_list":["post-445108","post","type-post","status-publish","format-standard","has-post-thumbnail","category-swiat","tag-bottomfeed_styl","tag-breaking-news","tag-breakingnews","tag-hamas","tag-headlines","tag-izrael","tag-latest-news","tag-latestnews","tag-naglowki","tag-najwazniejsze-artykuly","tag-nat_styl","tag-news","tag-omp","tag-phx","tag-polish","tag-polska","tag-polski","tag-screening_general","tag-strefa_gazy","tag-swiat","tag-top-stories","tag-topstories","tag-turcja","tag-wiadomosci","tag-world","tag-world-news","tag-worldnews"],"share_on_mastodon":{"url":"https:\/\/pubeurope.com\/@pl\/116616352567821880","error":""},"_links":{"self":[{"href":"https:\/\/www.europesays.com\/pl\/wp-json\/wp\/v2\/posts\/445108","targetHints":{"allow":["GET"]}}],"collection":[{"href":"https:\/\/www.europesays.com\/pl\/wp-json\/wp\/v2\/posts"}],"about":[{"href":"https:\/\/www.europesays.com\/pl\/wp-json\/wp\/v2\/types\/post"}],"author":[{"embeddable":true,"href":"https:\/\/www.europesays.com\/pl\/wp-json\/wp\/v2\/users\/2"}],"replies":[{"embeddable":true,"href":"https:\/\/www.europesays.com\/pl\/wp-json\/wp\/v2\/comments?post=445108"}],"version-history":[{"count":0,"href":"https:\/\/www.europesays.com\/pl\/wp-json\/wp\/v2\/posts\/445108\/revisions"}],"wp:featuredmedia":[{"embeddable":true,"href":"https:\/\/www.europesays.com\/pl\/wp-json\/wp\/v2\/media\/445109"}],"wp:attachment":[{"href":"https:\/\/www.europesays.com\/pl\/wp-json\/wp\/v2\/media?parent=445108"}],"wp:term":[{"taxonomy":"category","embeddable":true,"href":"https:\/\/www.europesays.com\/pl\/wp-json\/wp\/v2\/categories?post=445108"},{"taxonomy":"post_tag","embeddable":true,"href":"https:\/\/www.europesays.com\/pl\/wp-json\/wp\/v2\/tags?post=445108"}],"curies":[{"name":"wp","href":"https:\/\/api.w.org\/{rel}","templated":true}]}}