{"id":445299,"date":"2026-05-22T06:25:16","date_gmt":"2026-05-22T06:25:16","guid":{"rendered":"https:\/\/www.europesays.com\/pl\/445299\/"},"modified":"2026-05-22T06:25:16","modified_gmt":"2026-05-22T06:25:16","slug":"dodatkowi-zolnierze-usa-w-polsce-jest-reakcja-nawrockiego","status":"publish","type":"post","link":"https:\/\/www.europesays.com\/pl\/445299\/","title":{"rendered":"Dodatkowi \u017co\u0142nierze USA w Polsce. Jest reakcja Nawrockiego"},"content":{"rendered":"\n<p>&#13;<br \/>\nNa przestrzeni ostatnich dni w\u00a0Polsce odbywa\u0142y si\u0119 bardzo \u017cywio\u0142owe dyskusje zwi\u0105zane z\u00a0op\u00f3\u017anieniem wys\u0142ania do\u00a0Polski ameryka\u0144skiej brygady pancernej. Przypomnijmy, \u017ce\u00a0wed\u0142ug pierwotnych plan\u00f3w do\u00a0naszego kraju mia\u0142o trafi\u0107 4\u00a0tys. \u017co\u0142nierzy w\u00a0ramach wymiany rotacyjnej. Obecna administracja USA redukuje jednak swoj\u0105 obecno\u015b\u0107 wojskow\u0105 w\u00a0Europie, czego przyk\u0142adem mia\u0142a by\u0107 decyzja w\u00a0sprawie Polski. &#13;\n<\/p>\n<p>&#13;<br \/>\nJak si\u0119 jednak okaza\u0142o, prezydent Donald Trump zmieni\u0142 zdanie w\u00a0sprawie. W\u00a0czwartek wieczorem polskiego czasu zamie\u015bci\u0142 na\u00a0portalu Truth Social wpis, w\u00a0kt\u00f3rym przekaza\u0142 do\u00a0Polski przyb\u0119dzie nie\u00a04, ale\u00a05 tys. ameryka\u0144skich \u017co\u0142nierzy. &#13;\n<\/p>\n<p>&#13;<br \/>\n&#8222;W\u00a0zwi\u0105zku z\u00a0sukcesem wyborczym obecnego Prezydenta Polski, Karola Nawrockiego, kt\u00f3rego z\u00a0dum\u0105 popar\u0142em, oraz\u00a0naszymi relacjami z\u00a0nim, z\u00a0przyjemno\u015bci\u0105 og\u0142aszam, \u017ce\u00a0Stany Zjednoczone wy\u015bl\u0105 do\u00a0Polski dodatkowe 5000 \u017co\u0142nierzy. Dzi\u0119kuj\u0119 za\u00a0uwag\u0119! Prezydent DONALD J. TRUMP\u201d \u2013\u00a0<a href=\"https:\/\/dorzeczy.pl\/swiat\/890626\/trump-usa-wysla-do-polski-dodatkowych-zolnierzy.html\" rel=\"nofollow noopener\" target=\"_blank\">napisa\u0142<\/a>. &#13;\n<\/p>\n<p>Nawrocki dzi\u0119kuje Trumpowi<\/p>\n<p>&#13;<br \/>\nPrezydent Nawrocki, dzi\u0119ki kt\u00f3remu, wed\u0142ug s\u0142\u00f3w Trumpa, do\u00a0Polski przyb\u0119dzie wi\u0119cej ameryka\u0144skich \u017co\u0142nierzy ni\u017c\u00a0pierwotnie planowano, skomentowa\u0142 decyzj\u0119 prezydenta USA. &#13;\n<\/p>\n<p>&#13;<br \/>\n&#8222;Stoj\u0119 i\u00a0b\u0119d\u0119 sta\u0107 na\u00a0stra\u017cy sojuszu polsko-ameryka\u0144skiego \u2013\u00a0wa\u017cnego filaru bezpiecze\u0144stwa ka\u017cdego polskiego domu i\u00a0ca\u0142ej Europy. Dobre sojusze to\u00a0sojusze oparte na\u00a0wsp\u00f3\u0142pracy, wzajemnym szacunku i\u00a0dbaniu o\u00a0nasze wsp\u00f3lne bezpiecze\u0144stwo&#8221; \u2013\u00a0napisa\u0142 na\u00a0swoim koncie na\u00a0platformie X. &#13;\n<\/p>\n<p>&#13;<br \/>\ntwitter&#13;\n<\/p>\n<p>&#13;<br \/>\nNawrocki podzi\u0119kowa\u0142 r\u00f3wnie\u017c Trumpowi za\u00a0&#8222;przyja\u017a\u0144 wobec Polski i\u00a0za decyzje, kt\u00f3rych praktyczny wymiar widzimy dzi\u015b bardzo wyra\u017anie&#8221;. &#13;\n<\/p>\n<p>&#13;<br \/>\n&#8222;Bezpiecze\u0144stwo Polski i\u00a0Polak\u00f3w jest dla\u00a0mnie najwa\u017cniejsze!&#8221; \u2013\u00a0podkre\u015bli\u0142 prezydent. &#13;\n<\/p>\n<p>&#13;<br \/>\nPrzypomnijmy, \u017ce\u00a0na pocz\u0105tku wrze\u015bnia 2025 roku, gdy w\u00a0Bia\u0142ym Domu z\u00a0wizyt\u0105 by\u0142 prezydent Nawrocki, <a href=\"https:\/\/dorzeczy.pl\/kraj\/774348\/spotkanie-nawrocki-trump-jasna-deklaracja-ws-wojsk-usa.html\" rel=\"nofollow noopener\" target=\"_blank\">Donald Trump zapewni\u0142<\/a>, \u017ce\u00a0stacjonuj\u0105ce nad Wis\u0142\u0105 ameryka\u0144skie wojska zostan\u0105, a\u00a0ewentualnie ich liczba mo\u017ce si\u0119 zwi\u0119kszy\u0107. &#13;\n<\/p>\n<p>&#13;<br \/>\nCzytaj te\u017c:<br \/><a href=\"https:\/\/dorzeczy.pl\/kraj\/890365\/blaszczak-oczekuje-pilnych-wyjasnien-od-mon.html\" rel=\"follow nofollow noopener\" data-schema=\"DORZECZY\" data-image=\"https:\/\/img.dorzeczy.pl\/_thumb\/1d\/79\/90e13a02379e83bdfd81a18f8323.jpeg\" target=\"_blank\">&#8222;Informacje o\u00a0bardzo niepokoj\u0105cych dzia\u0142aniach MON&#8221;. B\u0142aszczak oczekuje pilnych wyja\u015bnie\u0144<\/a>Czytaj te\u017c:<br \/><a href=\"https:\/\/dorzeczy.pl\/opinie\/890068\/bbn-po-rozmowie-z-colbym-wazne-deklaracje-dla-polski.html\" rel=\"follow nofollow noopener\" data-schema=\"DORZECZY\" data-image=\"https:\/\/img.dorzeczy.pl\/_thumb\/d1\/b6\/58e25f29777d013870f6c6ff4d48.jpeg\" target=\"_blank\">Szef BBN rozmawia\u0142 z\u00a0Pentagonem. Pad\u0142y wa\u017cne deklaracje dla\u00a0Polski<\/a>&#13;<\/p>\n","protected":false},"excerpt":{"rendered":"&#13; Na przestrzeni ostatnich dni w\u00a0Polsce odbywa\u0142y si\u0119 bardzo \u017cywio\u0142owe dyskusje zwi\u0105zane z\u00a0op\u00f3\u017anieniem wys\u0142ania do\u00a0Polski ameryka\u0144skiej brygady pancernej.&hellip;\n","protected":false},"author":2,"featured_media":445300,"comment_status":"","ping_status":"","sticky":false,"template":"","format":"standard","meta":{"footnotes":"","_share_on_mastodon":"0"},"categories":[62712],"tags":[98,690,49,601,1315,102,597,71,18739,2583],"class_list":["post-445299","post","type-post","status-publish","format-standard","has-post-thumbnail","category-karol-nawrocki","tag-dorzeczy","tag-karol-nawrocki","tag-kraj","tag-marcin-bugaj","tag-nawrocki","tag-opinie","tag-trump","tag-usa","tag-wojska","tag-zolnierze"],"share_on_mastodon":{"url":"https:\/\/pubeurope.com\/@pl\/116616804773608332","error":""},"_links":{"self":[{"href":"https:\/\/www.europesays.com\/pl\/wp-json\/wp\/v2\/posts\/445299","targetHints":{"allow":["GET"]}}],"collection":[{"href":"https:\/\/www.europesays.com\/pl\/wp-json\/wp\/v2\/posts"}],"about":[{"href":"https:\/\/www.europesays.com\/pl\/wp-json\/wp\/v2\/types\/post"}],"author":[{"embeddable":true,"href":"https:\/\/www.europesays.com\/pl\/wp-json\/wp\/v2\/users\/2"}],"replies":[{"embeddable":true,"href":"https:\/\/www.europesays.com\/pl\/wp-json\/wp\/v2\/comments?post=445299"}],"version-history":[{"count":0,"href":"https:\/\/www.europesays.com\/pl\/wp-json\/wp\/v2\/posts\/445299\/revisions"}],"wp:featuredmedia":[{"embeddable":true,"href":"https:\/\/www.europesays.com\/pl\/wp-json\/wp\/v2\/media\/445300"}],"wp:attachment":[{"href":"https:\/\/www.europesays.com\/pl\/wp-json\/wp\/v2\/media?parent=445299"}],"wp:term":[{"taxonomy":"category","embeddable":true,"href":"https:\/\/www.europesays.com\/pl\/wp-json\/wp\/v2\/categories?post=445299"},{"taxonomy":"post_tag","embeddable":true,"href":"https:\/\/www.europesays.com\/pl\/wp-json\/wp\/v2\/tags?post=445299"}],"curies":[{"name":"wp","href":"https:\/\/api.w.org\/{rel}","templated":true}]}}