{"id":445455,"date":"2026-05-22T08:00:16","date_gmt":"2026-05-22T08:00:16","guid":{"rendered":"https:\/\/www.europesays.com\/pl\/445455\/"},"modified":"2026-05-22T08:00:16","modified_gmt":"2026-05-22T08:00:16","slug":"rusza-jarmark-we-wroclawiu-mieszkancy-podzieleni-nie-zblizam-sie-do-rynku","status":"publish","type":"post","link":"https:\/\/www.europesays.com\/pl\/445455\/","title":{"rendered":"Rusza jarmark we Wroc\u0142awiu. Mieszka\u0144cy podzieleni. \u201eNie zbli\u017cam si\u0119 do rynku&#8221;"},"content":{"rendered":"<p>Kt\u00f3re ulice i miejsca obejmie tegoroczny Jarmark \u015awi\u0119toja\u0144ski.<\/p>\n<p>Co oferuje Jarmark \u015awi\u0119toja\u0144ski w aspekcie kulinarnym i r\u0119kodzielniczym.<\/p>\n<p>Dlaczego opinie mieszka\u0144c\u00f3w Wroc\u0142awia na temat jarmarku s\u0105 skrajne.<\/p>\n<p>    <a name=\"eztoc41782490_0_5\" id=\"eztoc41782490_0_5\"\/>Rusza Jarmark \u015awi\u0119toja\u0144ski we Wroc\u0142awiu<\/p>\n<p>W tym roku Jarmark \u015awi\u0119toja\u0144ski odb\u0119dzie si\u0119 w terminie od 22 maja do 28 czerwca 2026 roku. Wydarzenie tradycyjnie obejmie ulice \u015awidnick\u0105, O\u0142awsk\u0105 oraz obszar przy Pr\u0119gierzu w samym sercu rynku.\u00a0G\u0142\u00f3wnym motywem przewodnim jest Noc \u015awi\u0119toja\u0144ska oraz zwi\u0105zane z ni\u0105 tradycje i obrz\u0119dy. \u201eNa tegorocznym Jarmarku \u015awi\u0119toja\u0144skim we<br \/>\n<a href=\"https:\/\/wiadomosci.radiozet.pl\/tag\/kategoria\/wroclaw\" target=\"_self\" rel=\"dofollow noopener\">Wroc\u0142awiu<\/a> oferujemy zachowanie architektury ogrodowej, pi\u0119knie udekorowane zielone aran\u017cacje kwiatowe i zio\u0142owe, kt\u00f3re stworz\u0105 niepowtarzaln\u0105 atmosfer\u0119 rado\u015bci, kreatywno\u015bci i tradycji&#8221; \u2013 informuj\u0105 organizatorzy.\u00a0<\/p>\n<p>W domkach handlowych b\u0119dzie dost\u0119pny\u00a0asortyment r\u0119kodzielniczy, produkty promuj\u0105ce\u00a0lokaln\u0105 tw\u00f3rczo\u015b\u0107 i rzemios\u0142o. Nie zabraknie te\u017c kulinarnych przysmak\u00f3w i napoi. \u201eTradycyjne potrawy, unikatowe pami\u0105tki, warsztaty, wystawa florystyczna i inne<br \/>\n<a href=\"https:\/\/wiadomosci.radiozet.pl\/tag\/kategoria\/atrakcje\" target=\"_self\" rel=\"dofollow noopener\">atrakcje<\/a> sprawi\u0105, \u017ce ka\u017cdy b\u0119dzie m\u00f3g\u0142 cieszy\u0107 si\u0119 niezapomnianym klimatem tego wyj\u0105tkowego wydarzenia. Nowo\u015bci\u0105 b\u0119d\u0105 kameralne koncerty&#8221; \u2013 dodaj\u0105 organizatorzy. Atrakcyjno\u015b\u0107<br \/>\n<a href=\"https:\/\/wiadomosci.radiozet.pl\/tag\/kategoria\/turystyka\" target=\"_self\" rel=\"dofollow noopener\">turystyczn\u0105<\/a> maj\u0105 wzmocni\u0107\u00a0mini pla\u017ce, fotodomki, miejsca \u201ebli\u017cej przyrody\u201d. Okazuje si\u0119 jednak, \u017ce nie wszystkich przekonuje ta oferta.\u00a0<\/p>\n<p><a name=\"eztoc41782490_0_6\" id=\"eztoc41782490_0_6\"\/>Jarmark mo\u017cna kocha\u0107 \u2013 albo nienawidzi\u0107<\/p>\n<p>Od niekt\u00f3rych mieszka\u0144c\u00f3w stolicy Dolnego \u015al\u0105ska s\u0142yszymy, \u017ce jarmark \u2013 zar\u00f3wno \u015bwi\u0105teczny, jak i \u015bwi\u0119toja\u0144ski \u2013 mo\u017cna albo kocha\u0107, albo nienawidzi\u0107. \u2013 No tak to ju\u017c jest. Je\u015bli kto\u015b lubi, jak co\u015b si\u0119 dzieje, jest gwar, du\u017co kolor\u00f3w, zapach\u00f3w, rozm\u00f3w wok\u00f3\u0142, to pewnie, \u017ce mu si\u0119 spodoba. Niekt\u00f3rzy wol\u0105 bardziej kameralne klimaty, to wiadomo, \u017ce nie b\u0119d\u0105 si\u0119 pakowa\u0107 w sam \u015brodek tych t\u0142um\u00f3w na rynku. Zawsze b\u0119d\u0105 skrajne opinie \u2013 m\u00f3wi nam pan Konrad, mieszkaniec Wroc\u0142awia.\u00a0<\/p>\n<p>Pani Monika nale\u017cy do tej drugiej grupy. \u2013\u00a0Nie zbli\u017cam si\u0119 do rynku nawet. Ledwo co si\u0119 ko\u0144czy \u015bwi\u0105teczne szale\u0144stwo, to ju\u017c kolejne chatki stawiaj\u0105. Cyrk \u2013 ocenia. \u2013 Na pewno inaczej odbiera\u0142abym te wydarzenia, gdybym przyje\u017cd\u017ca\u0142a jako turystka. Ale mieszkaj\u0105c we Wroc\u0142awiu, cz\u0142owieka ju\u017c krew zalewa, jak widzi znowu te chatki na rynku. Wiem, \u017ce marudz\u0119, ale gdyby by\u0142a taka mo\u017cliwo\u015b\u0107, to ch\u0119tnie bym si\u0119 tego pozby\u0142a \u2013 dodaje. Innego zdania jest pani Paulina.\u00a0<\/p>\n<p>\u2013 Rzeczywi\u015bcie nie jestem fank\u0105 jarmarku \u015bwi\u0105tecznego, ale ten \u015bwi\u0119toja\u0144ski uwielbiam! Jest zupe\u0142nie inaczej ni\u017c zim\u0105, mn\u00f3stwo kolor\u00f3w, rado\u015bci, nawet mini pla\u017ce ustawiaj\u0105 \u2013 wylicza. \u2013 Oczywi\u015bcie, \u017ce t\u0142umy ludzi mog\u0105 troch\u0119 przyt\u0142acza\u0107, zw\u0142aszcza w weekendy, ale taka ju\u017c natura podobnych wydarze\u0144 w mie\u015bcie. Jak si\u0119 komu\u015b nie podoba, zawsze mo\u017cna zosta\u0107 w domu albo p\u00f3j\u015b\u0107 na spacer w bardziej zaciszne miejsce \u2013 dodaje pani Paulina.\u00a0<\/p>\n<p>\u0179r\u00f3d\u0142o: Radio ZET<\/p>\n<p>By\u0142e\u015b \u015bwiadkiem czego\u015b niespodziewanego? Masz temat, kt\u00f3rym powinni\u015bmy si\u0119 zaj\u0105\u0107?<\/p>\n<p>Zg\u0142o\u015b spraw\u0119 przez <a href=\"https:\/\/wiadomosci.radiozet.pl\/czerwony-telefon\" target=\"_blank\" title=\"Czerwony telefon Radia Zet\" rel=\"nofollow noopener\">Czerwony telefon Radia ZET<\/a><\/p>\n","protected":false},"excerpt":{"rendered":"Kt\u00f3re ulice i miejsca obejmie tegoroczny Jarmark \u015awi\u0119toja\u0144ski. Co oferuje Jarmark \u015awi\u0119toja\u0144ski w aspekcie kulinarnym i r\u0119kodzielniczym. Dlaczego&hellip;\n","protected":false},"author":2,"featured_media":445456,"comment_status":"","ping_status":"","sticky":false,"template":"","format":"standard","meta":{"footnotes":"","_share_on_mastodon":"0"},"categories":[51607],"tags":[31838,17214,42,38,40,39,41,723,4278,1853],"class_list":["post-445455","post","type-post","status-publish","format-standard","has-post-thumbnail","category-wroclaw","tag-atrakcje","tag-dolnoslaskie","tag-pl","tag-poland","tag-polish","tag-polska","tag-polski","tag-turysci","tag-turystyka","tag-wroclaw"],"share_on_mastodon":{"url":"https:\/\/pubeurope.com\/@pl\/116617178274856897","error":""},"_links":{"self":[{"href":"https:\/\/www.europesays.com\/pl\/wp-json\/wp\/v2\/posts\/445455","targetHints":{"allow":["GET"]}}],"collection":[{"href":"https:\/\/www.europesays.com\/pl\/wp-json\/wp\/v2\/posts"}],"about":[{"href":"https:\/\/www.europesays.com\/pl\/wp-json\/wp\/v2\/types\/post"}],"author":[{"embeddable":true,"href":"https:\/\/www.europesays.com\/pl\/wp-json\/wp\/v2\/users\/2"}],"replies":[{"embeddable":true,"href":"https:\/\/www.europesays.com\/pl\/wp-json\/wp\/v2\/comments?post=445455"}],"version-history":[{"count":0,"href":"https:\/\/www.europesays.com\/pl\/wp-json\/wp\/v2\/posts\/445455\/revisions"}],"wp:featuredmedia":[{"embeddable":true,"href":"https:\/\/www.europesays.com\/pl\/wp-json\/wp\/v2\/media\/445456"}],"wp:attachment":[{"href":"https:\/\/www.europesays.com\/pl\/wp-json\/wp\/v2\/media?parent=445455"}],"wp:term":[{"taxonomy":"category","embeddable":true,"href":"https:\/\/www.europesays.com\/pl\/wp-json\/wp\/v2\/categories?post=445455"},{"taxonomy":"post_tag","embeddable":true,"href":"https:\/\/www.europesays.com\/pl\/wp-json\/wp\/v2\/tags?post=445455"}],"curies":[{"name":"wp","href":"https:\/\/api.w.org\/{rel}","templated":true}]}}