{"id":445553,"date":"2026-05-22T08:55:11","date_gmt":"2026-05-22T08:55:11","guid":{"rendered":"https:\/\/www.europesays.com\/pl\/445553\/"},"modified":"2026-05-22T08:55:11","modified_gmt":"2026-05-22T08:55:11","slug":"krakow-poszukuje-12-letniej-elzbiety-rodzina-i-policja-prosza-o-pomoc","status":"publish","type":"post","link":"https:\/\/www.europesays.com\/pl\/445553\/","title":{"rendered":"Krak\u00f3w poszukuje 12-letniej El\u017cbiety. Rodzina i policja prosz\u0105 o pomoc &#8211;"},"content":{"rendered":"<p>Wed\u0142ug przekazanych informacji El\u017cbieta ostatni raz by\u0142a widziana po spotkaniu ze znajomymi. Od chwili zagini\u0119cia \u015blad po niej zagin\u0105\u0142.<\/p>\n<p>Rysopis zaginionej<\/p>\n<p>12-latka ma oko\u0142o 161 cm wzrostu, szczup\u0142\u0105 sylwetk\u0119 oraz blond w\u0142osy o d\u0142ugo\u015bci do \u0142opatek.<\/p>\n<p>W dniu zagini\u0119cia ubrana by\u0142a w:<\/p>\n<p>  czarn\u0105 bluz\u0119 z kapturem,  d\u017cinsy za kolano,  czarno-bia\u0142e buty.   <\/p>\n<p>Prawdopodobnie mia\u0142a przy sobie r\u00f3wnie\u017c czarn\u0105 torebk\u0119 ozdobion\u0105 kolorowymi przypinkami.<\/p>\n<p>Policja apeluje o pomoc<\/p>\n<p>Ka\u017cda, nawet pozornie nieistotna informacja mo\u017ce pom\u00f3c w odnalezieniu dziewczynki. Osoby, kt\u00f3re widzia\u0142y El\u017cbiet\u0119 Wojtack\u0105 lub wiedz\u0105, gdzie mo\u017ce przebywa\u0107, proszone s\u0105 o pilny kontakt z Komisariatem Policji IV w Krakowie pod numerem telefonu 47 83 52 913 lub z numerem alarmowym 112.<\/p>\n","protected":false},"excerpt":{"rendered":"Wed\u0142ug przekazanych informacji El\u017cbieta ostatni raz by\u0142a widziana po spotkaniu ze znajomymi. Od chwili zagini\u0119cia \u015blad po niej&hellip;\n","protected":false},"author":2,"featured_media":445554,"comment_status":"","ping_status":"","sticky":false,"template":"","format":"standard","meta":{"footnotes":"","_share_on_mastodon":"0"},"categories":[51606],"tags":[61195,8889,399,1304,48,46,55,42,38,40,39,41,47],"class_list":["post-445553","post","type-post","status-publish","format-standard","has-post-thumbnail","category-krakow","tag-bottomfeed_styl","tag-glos24","tag-informacje","tag-krakow","tag-nat_styl","tag-omp","tag-phx","tag-pl","tag-poland","tag-polish","tag-polska","tag-polski","tag-screening_general"],"share_on_mastodon":{"url":"https:\/\/pubeurope.com\/@pl\/116617394577131228","error":""},"_links":{"self":[{"href":"https:\/\/www.europesays.com\/pl\/wp-json\/wp\/v2\/posts\/445553","targetHints":{"allow":["GET"]}}],"collection":[{"href":"https:\/\/www.europesays.com\/pl\/wp-json\/wp\/v2\/posts"}],"about":[{"href":"https:\/\/www.europesays.com\/pl\/wp-json\/wp\/v2\/types\/post"}],"author":[{"embeddable":true,"href":"https:\/\/www.europesays.com\/pl\/wp-json\/wp\/v2\/users\/2"}],"replies":[{"embeddable":true,"href":"https:\/\/www.europesays.com\/pl\/wp-json\/wp\/v2\/comments?post=445553"}],"version-history":[{"count":0,"href":"https:\/\/www.europesays.com\/pl\/wp-json\/wp\/v2\/posts\/445553\/revisions"}],"wp:featuredmedia":[{"embeddable":true,"href":"https:\/\/www.europesays.com\/pl\/wp-json\/wp\/v2\/media\/445554"}],"wp:attachment":[{"href":"https:\/\/www.europesays.com\/pl\/wp-json\/wp\/v2\/media?parent=445553"}],"wp:term":[{"taxonomy":"category","embeddable":true,"href":"https:\/\/www.europesays.com\/pl\/wp-json\/wp\/v2\/categories?post=445553"},{"taxonomy":"post_tag","embeddable":true,"href":"https:\/\/www.europesays.com\/pl\/wp-json\/wp\/v2\/tags?post=445553"}],"curies":[{"name":"wp","href":"https:\/\/api.w.org\/{rel}","templated":true}]}}