{"id":445854,"date":"2026-05-22T11:49:07","date_gmt":"2026-05-22T11:49:07","guid":{"rendered":"https:\/\/www.europesays.com\/pl\/445854\/"},"modified":"2026-05-22T11:49:07","modified_gmt":"2026-05-22T11:49:07","slug":"spor-o-dom-przy-ul-kusznikow-27-w-warszawie-mieszkancy-kontra-wladze","status":"publish","type":"post","link":"https:\/\/www.europesays.com\/pl\/445854\/","title":{"rendered":"Sp\u00f3r o dom przy ul. Kusznik\u00f3w 27 w Warszawie. Mieszka\u0144cy kontra w\u0142adze"},"content":{"rendered":"<p>Chodzi o budynek przy ul. Kusznik\u00f3w 27 w Warszawie, kt\u00f3ry stoi na trasie planowanego nowego przebiegu ul. Bia\u0142o\u0142\u0119ckiej.<\/p>\n<p>W czwartek miasto przej\u0119\u0142o klucze do nieruchomo\u015bci, kt\u00f3re przebywaj\u0105cy za granic\u0105 Lusi\u0144ski dobrowolnie przekaza\u0142 przez s\u0105siada. Jak informuje TVP Warszawa, odebra\u0142 je przedstawiciel miasta w asy\u015bcie stra\u017cy miejskiej i policji.<\/p>\n<p>&#8222;Argumentowali\u015bmy wielokrotnie, \u017ce nowa podw\u00f3jna jezdnia i chodniki w obu kierunkach zmieszcz\u0105 si\u0119 spokojnie mi\u0119dzy naszym domem a domami s\u0105siad\u00f3w, za\u015b \u015bcie\u017ck\u0119 rowerow\u0105 dogodniej i bezpieczniej mo\u017cna poprowadzi\u0107 wzd\u0142u\u017c dotychczasowego przebiegu ulicy Bia\u0142o\u0142\u0119ckiej&#8221; \u2014 czytamy we wpisie Lusi\u0144skiego na Facebooku, w kt\u00f3rym wzywa on lokalne w\u0142adze &#8222;do opami\u0119tania&#8221;.<\/p>\n<p>     Sporna nieruchomo\u015b\u0107 na Bia\u0142o\u0142\u0119ce<\/p>\n<p>W\u0142a\u015bciciel nieruchomo\u015bci twierdzi, \u017ce dom ma zosta\u0107 zburzony pod \u015bcie\u017ck\u0119 rowerow\u0105, jednak \u2014 jak podaje &#8222;Gazeta Wyborcza&#8221; \u2014 plany wskazuj\u0105, \u017ce budynek koliduje bezpo\u015brednio z pasem dla samochod\u00f3w.<\/p>\n<p>Jak t\u0142umaczy miasto, w\u0142a\u015bciciele byli informowani o planowanej rozbi\u00f3rce ju\u017c we wrze\u015bniu 2018 r., a plan zagospodarowania przestrzennego z 2010 r. od pocz\u0105tku przeznacza\u0142 teren pod drog\u0119.<\/p>\n<p>Drogowe przeznaczenie dzia\u0142ki wp\u0142yn\u0119\u0142o te\u017c na wycen\u0119 warto\u015bci nieruchomo\u015bci z domem. Za teren z domem o powierzchni 143 m kw. Lusi\u0144skiemu zaproponowano ok. 445 tys. z\u0142. W\u0142a\u015bciciel uwa\u017ca, \u017ce kwota jest zdecydowanie za niska.<\/p>\n<p>&#8222;W\u0142adze Warszawy kradn\u0105 nam dom rodzinny, pod \u015bcie\u017ck\u0119 rowerow\u0105. Tego Ci, Rafa\u0142, nie daruj\u0119&#8221; \u2014 czytamy w jego zesz\u0142otygodniowym wpisie na Facebooku.<\/p>\n","protected":false},"excerpt":{"rendered":"Chodzi o budynek przy ul. Kusznik\u00f3w 27 w Warszawie, kt\u00f3ry stoi na trasie planowanego nowego przebiegu ul. Bia\u0142o\u0142\u0119ckiej.&hellip;\n","protected":false},"author":2,"featured_media":445855,"comment_status":"","ping_status":"","sticky":false,"template":"","format":"standard","meta":{"footnotes":"","_share_on_mastodon":"0"},"categories":[12],"tags":[32455,61195,32,33,1854,36,37,27,3511,49,34,35,1066,28,31,48,25,46,42,38,40,39,41,47,2267,29,30,435,26],"class_list":["post-445854","post","type-post","status-publish","format-standard","has-post-thumbnail","category-polska","tag-bialoleka","tag-bottomfeed_styl","tag-breaking-news","tag-breakingnews","tag-drogi","tag-featured-news","tag-featurednews","tag-headlines","tag-inwestycje","tag-kraj","tag-latest-news","tag-latestnews","tag-miasto","tag-naglowki","tag-najwazniejsze-artykuly","tag-nat_styl","tag-news","tag-omp","tag-pl","tag-poland","tag-polish","tag-polska","tag-polski","tag-screening_general","tag-straz_miejska","tag-top-stories","tag-topstories","tag-warszawa","tag-wiadomosci"],"share_on_mastodon":{"url":"https:\/\/pubeurope.com\/@pl\/116618078998553094","error":""},"_links":{"self":[{"href":"https:\/\/www.europesays.com\/pl\/wp-json\/wp\/v2\/posts\/445854","targetHints":{"allow":["GET"]}}],"collection":[{"href":"https:\/\/www.europesays.com\/pl\/wp-json\/wp\/v2\/posts"}],"about":[{"href":"https:\/\/www.europesays.com\/pl\/wp-json\/wp\/v2\/types\/post"}],"author":[{"embeddable":true,"href":"https:\/\/www.europesays.com\/pl\/wp-json\/wp\/v2\/users\/2"}],"replies":[{"embeddable":true,"href":"https:\/\/www.europesays.com\/pl\/wp-json\/wp\/v2\/comments?post=445854"}],"version-history":[{"count":0,"href":"https:\/\/www.europesays.com\/pl\/wp-json\/wp\/v2\/posts\/445854\/revisions"}],"wp:featuredmedia":[{"embeddable":true,"href":"https:\/\/www.europesays.com\/pl\/wp-json\/wp\/v2\/media\/445855"}],"wp:attachment":[{"href":"https:\/\/www.europesays.com\/pl\/wp-json\/wp\/v2\/media?parent=445854"}],"wp:term":[{"taxonomy":"category","embeddable":true,"href":"https:\/\/www.europesays.com\/pl\/wp-json\/wp\/v2\/categories?post=445854"},{"taxonomy":"post_tag","embeddable":true,"href":"https:\/\/www.europesays.com\/pl\/wp-json\/wp\/v2\/tags?post=445854"}],"curies":[{"name":"wp","href":"https:\/\/api.w.org\/{rel}","templated":true}]}}